{"id":109,"date":"2026-02-28T06:39:07","date_gmt":"2026-02-28T09:39:07","guid":{"rendered":"https:\/\/elcentinelaformosa.com\/?p=109"},"modified":"2026-02-28T06:39:07","modified_gmt":"2026-02-28T09:39:07","slug":"activistas-de-formosa-en-defensa-de-la-salud-ambiental-2","status":"publish","type":"post","link":"https:\/\/elcentinelaformosa.com\/index.php\/2026\/02\/28\/activistas-de-formosa-en-defensa-de-la-salud-ambiental-2\/","title":{"rendered":"ACTIVISTAS DE FORMOSA EN DEFENSA DE LA SALUD AMBIENTAL"},"content":{"rendered":"<article id=\"post-107\" class=\"post-107 post type-post status-publish format-image hentry category-uncategorized post_format-post-format-image\">El d\u00eda viernes 9 de octubre de 2020, cumpliendo con todos los protocolos de seguridad, uso de barbijos, distanciamiento f\u00edsico horarios permitidos, los activistas independientes se autoconvocaron en la Plaza San Mart\u00edn. El pedido unificado fue y sigue siendo por el equilibrio ambiental, que incluye e involucra a todos los ciudadanos y el planeta. La defensa de todos los seres vivos y sintientes, sin distinci\u00f3n de especies, incluida la humana y pensante.<\/p>\n<figure class=\"wp-block-image\"><img alt=\"\" \/><\/figure>\n<figure class=\"wp-block-image size-large\"><img data-recalc-dims=\"1\" loading=\"lazy\" decoding=\"async\" class=\"wp-image-104\" src=\"https:\/\/i0.wp.com\/elcentinelaformosa.com\/wp-content\/uploads\/2020\/10\/img-20201009-wa00506075179935542347615.jpg?resize=700%2C933&#038;ssl=1\" sizes=\"auto, (max-width: 780px) 100vw, 780px\" srcset=\"https:\/\/elcentinelaformosa.com\/wp-content\/uploads\/2020\/10\/img-20201009-wa00506075179935542347615.jpg 780w, https:\/\/elcentinelaformosa.com\/wp-content\/uploads\/2020\/10\/img-20201009-wa00506075179935542347615-225x300.jpg 225w, https:\/\/elcentinelaformosa.com\/wp-content\/uploads\/2020\/10\/img-20201009-wa00506075179935542347615-768x1024.jpg 768w\" alt=\"\" width=\"700\" height=\"933\" \/><\/figure>\n<p>Desde el lugar m\u00e1s p\u00fablico y popular de la ciudad, el coraz\u00f3n de la ciudad de Formosa, los ciudadanos libres hicieron su reclamo para defender los derechos constitucionales del medio ambiente y todas las especies que no pueden defenderse por si mismo, mediante carteles, utilizando materiales reciclados.<\/p>\n<figure class=\"wp-block-image size-large\"><img data-recalc-dims=\"1\" loading=\"lazy\" decoding=\"async\" class=\"wp-image-105\" src=\"https:\/\/i0.wp.com\/elcentinelaformosa.com\/wp-content\/uploads\/2020\/10\/img-20201009-wa00484052063589055321077.jpg?resize=700%2C1244&#038;ssl=1\" sizes=\"auto, (max-width: 720px) 100vw, 720px\" srcset=\"https:\/\/elcentinelaformosa.com\/wp-content\/uploads\/2020\/10\/img-20201009-wa00484052063589055321077.jpg 720w, https:\/\/elcentinelaformosa.com\/wp-content\/uploads\/2020\/10\/img-20201009-wa00484052063589055321077-169x300.jpg 169w, https:\/\/elcentinelaformosa.com\/wp-content\/uploads\/2020\/10\/img-20201009-wa00484052063589055321077-576x1024.jpg 576w\" alt=\"\" width=\"700\" height=\"1244\" \/><\/figure>\n<p>Cada ciudadano autoconvocado, desde su lugar mediante mensajes muy gr\u00e1ficos y autosolventados econ\u00f3micamente, gracias a la creatividad de los j\u00f3venes ambientalistas, veganos, naturalistas, proteccionistas independientes, y representantes de diferentes movimientos, veganos Formosa, tribuna ambiental, Justicia por Athenas, activistas en general se expresaron de manera firme en sus ideales y pac\u00edfica en su accionar.<\/p>\n<figure class=\"wp-block-image size-large\"><img data-recalc-dims=\"1\" loading=\"lazy\" decoding=\"async\" class=\"wp-image-106\" src=\"https:\/\/i0.wp.com\/elcentinelaformosa.com\/wp-content\/uploads\/2020\/10\/img_20201009_1656182566911772713623762-scaled.jpg?resize=700%2C525&#038;ssl=1\" sizes=\"auto, (max-width: 2560px) 100vw, 2560px\" srcset=\"https:\/\/elcentinelaformosa.com\/wp-content\/uploads\/2020\/10\/img_20201009_1656182566911772713623762-scaled.jpg 2560w, https:\/\/elcentinelaformosa.com\/wp-content\/uploads\/2020\/10\/img_20201009_1656182566911772713623762-300x225.jpg 300w, https:\/\/elcentinelaformosa.com\/wp-content\/uploads\/2020\/10\/img_20201009_1656182566911772713623762-1024x768.jpg 1024w, https:\/\/elcentinelaformosa.com\/wp-content\/uploads\/2020\/10\/img_20201009_1656182566911772713623762-768x576.jpg 768w, https:\/\/elcentinelaformosa.com\/wp-content\/uploads\/2020\/10\/img_20201009_1656182566911772713623762-1536x1152.jpg 1536w, https:\/\/elcentinelaformosa.com\/wp-content\/uploads\/2020\/10\/img_20201009_1656182566911772713623762-2048x1536.jpg 2048w\" alt=\"\" width=\"700\" height=\"525\" \/><\/figure>\n<p>Tambi\u00e9n se sumaron canciones referidas a la madre tierra.<br \/>\n<div style=\"width: 640px;\" class=\"wp-video\"><video class=\"wp-video-shortcode\" id=\"video-109-1\" width=\"640\" height=\"352\" preload=\"metadata\" controls=\"controls\"><source type=\"video\/mp4\" src=\"http:\/\/elcentinelaformosa.com\/wp-content\/uploads\/2020\/10\/VID-20201009-WA0037.mp4?_=1\" \/><a href=\"http:\/\/elcentinelaformosa.com\/wp-content\/uploads\/2020\/10\/VID-20201009-WA0037.mp4\">http:\/\/elcentinelaformosa.com\/wp-content\/uploads\/2020\/10\/VID-20201009-WA0037.mp4<\/a><\/video><\/div><br \/>\nEl reclamo pac\u00edfico ante las quemas de pastizales y tantos seres sintientes sufriendo entre el fuego, y la inacci\u00f3n de los niveles de decisi\u00f3n de los organismos responsables, en una provincia rodeada de r\u00edos, al norte, este y sur\u2026. r\u00edo Pilcomayo, Paraguay y el Bermejo. Se considera absolutamente inaceptable desde el punto de vista \u00e9tico y geogr\u00e1fico que tengan lugar estos flagelos, tales como incendios, sequ\u00eda y sed de agua. Tantas muertes de personas no humanas por falta de agua, cuando a escasos metros de profundidad se encuentran napas de agua cristalina y de la mejor calidad para el consumo.<\/p>\n<p>El reclamo conjunto se extendi\u00f3 hasta las 18,00 hs.<\/p>\n<p>&nbsp;<\/p>\n<\/article>\n<p id=\"rop\"><small>Originally posted 2020-10-10 15:16:43. <\/small><\/p>","protected":false},"excerpt":{"rendered":"<p>El d\u00eda viernes 9 de octubre de 2020, cumpliendo con todos los protocolos de seguridad, uso de barbijos, distanciamiento f\u00edsico horarios permitidos, los activistas independientes se autoconvocaron en la Plaza San Mart\u00edn. El pedido unificado fue y sigue siendo por el equilibrio ambiental, que incluye e involucra a todos los ciudadanos y el planeta. La&#8230; <a href=\"https:\/\/elcentinelaformosa.com\/index.php\/2026\/02\/28\/activistas-de-formosa-en-defensa-de-la-salud-ambiental-2\/\">Read more: ACTIVISTAS DE FORMOSA EN DEFENSA DE LA SALUD AMBIENTAL<\/a><\/p>\n","protected":false},"author":2,"featured_media":116,"comment_status":"open","ping_status":"open","sticky":false,"template":"","format":"image","meta":{"rop_custom_images_group":[],"rop_custom_messages_group":[],"rop_publish_now":"initial","rop_publish_now_accounts":{"twitter_815903348_815903348":""},"rop_publish_now_history":[],"rop_publish_now_status":"pending","h5ap_radio_sources":[],"_jetpack_memberships_contains_paid_content":false,"footnotes":"","jetpack_publicize_message":"","jetpack_publicize_feature_enabled":true,"jetpack_social_post_already_shared":true,"jetpack_social_options":{"image_generator_settings":{"template":"highway","default_image_id":0,"font":"","enabled":false},"version":2}},"categories":[1],"tags":[32,30,33,34,31,29,10,22,37,35,28,36],"class_list":["post-109","post","type-post","status-publish","format-image","has-post-thumbnail","hentry","category-uncategorized","tag-acuerdo-con-china","tag-alberto-fernandez","tag-basta-de-incendios","tag-basta-de-quemas","tag-cfk","tag-ecocidio","tag-formosa","tag-gildo-insfran","tag-granjas-porcinas-chinas","tag-madre-tierra","tag-no-a-las-quemas-ley-de-humedales","tag-pachamama","post_format-post-format-image"],"aioseo_notices":[],"jetpack_publicize_connections":[],"jetpack_featured_media_url":"https:\/\/i0.wp.com\/elcentinelaformosa.com\/wp-content\/uploads\/2020\/10\/9-de-octubre.jpg?fit=1059%2C809&ssl=1","jetpack-related-posts":[{"id":41,"url":"https:\/\/elcentinelaformosa.com\/index.php\/2026\/02\/27\/formosa-de-pie-en-defensa-del-animal-y-del-medio-ambiente-natural-y-social\/","url_meta":{"origin":109,"position":0},"title":"FORMOSA DE PIE EN DEFENSA DEL ANIMAL Y DEL MEDIO AMBIENTE NATURAL Y SOCIAL","author":"olivera.ricardo26@hotmail.com","date":"febrero 27, 2026","format":false,"excerpt":"En Formosa se contin\u00faa llevando adelante diversas manifestaciones, en el lugar m\u00e1s p\u00fablico y neutral de la ciudad, la plaza de todos, la misma que lleva el nombre del libertador de Am\u00e9rica, el Gral San Mart\u00edn. Dichas manifestaciones hab\u00edan tenido desde el principio otro punto de encuentro: LA CASA DEL\u2026","rel":"","context":"En &quot;Local&quot;","block_context":{"text":"Local","link":"https:\/\/elcentinelaformosa.com\/index.php\/category\/local\/"},"img":{"alt_text":"","src":"https:\/\/i0.wp.com\/elcentinelaformosa.com\/wp-content\/uploads\/2020\/09\/FORMOSA-DE-PIE-EN-DEFENSA-DEL-ANIMAL-Y-DEL-MEDIO-AMBIENTE-NATURAL-Y-SOCIAL.jpeg?fit=1040%2C701&ssl=1&resize=350%2C200","width":350,"height":200,"srcset":"https:\/\/i0.wp.com\/elcentinelaformosa.com\/wp-content\/uploads\/2020\/09\/FORMOSA-DE-PIE-EN-DEFENSA-DEL-ANIMAL-Y-DEL-MEDIO-AMBIENTE-NATURAL-Y-SOCIAL.jpeg?fit=1040%2C701&ssl=1&resize=350%2C200 1x, https:\/\/i0.wp.com\/elcentinelaformosa.com\/wp-content\/uploads\/2020\/09\/FORMOSA-DE-PIE-EN-DEFENSA-DEL-ANIMAL-Y-DEL-MEDIO-AMBIENTE-NATURAL-Y-SOCIAL.jpeg?fit=1040%2C701&ssl=1&resize=525%2C300 1.5x, https:\/\/i0.wp.com\/elcentinelaformosa.com\/wp-content\/uploads\/2020\/09\/FORMOSA-DE-PIE-EN-DEFENSA-DEL-ANIMAL-Y-DEL-MEDIO-AMBIENTE-NATURAL-Y-SOCIAL.jpeg?fit=1040%2C701&ssl=1&resize=700%2C400 2x"},"classes":[]},{"id":704,"url":"https:\/\/elcentinelaformosa.com\/index.php\/2026\/02\/27\/derecho-animal-un-tema-central-durante-el-ciclo-de-conferencias-en-la-semana-del-derecho\/","url_meta":{"origin":109,"position":1},"title":"DERECHO ANIMAL, UN TEMA CENTRAL EN EL CICLO DE CONFERENCIAS DURANTE LA SEMANA DEL DERECHO","author":"Admin","date":"febrero 27, 2026","format":false,"excerpt":"CONFERENCIA SOBRE DERECHO ANIMAL EN LA TARDE DEL JUEVES, SE DESARROLLO\u00a0 LA CONFERENCIA EN LA UNIVERSIDAD DEL DERECHO DE BELGRANO, DEDICADA A LA DEFENSA DE LOS ANIMALES. LA DOCTORA LAURA VELASCO DEL INSTITUTO IBEROAMERICANO DEL DERECHO ANIMAL Y CRIMINOLOGA ASESORA DEL DEL FBI, ENCABEZ\u00d3 UNA CONFERENCIA DE DERECHO ANIMAL VIA\u2026","rel":"","context":"En &quot;Derecho snimal&quot;","block_context":{"text":"Derecho snimal","link":"https:\/\/elcentinelaformosa.com\/index.php\/category\/derecho-snimal\/"},"img":{"alt_text":"","src":"https:\/\/i0.wp.com\/elcentinelaformosa.com\/wp-content\/uploads\/2021\/06\/wp-16227463326671623335766604721872.png?fit=695%2C401&ssl=1&resize=350%2C200","width":350,"height":200,"srcset":"https:\/\/i0.wp.com\/elcentinelaformosa.com\/wp-content\/uploads\/2021\/06\/wp-16227463326671623335766604721872.png?fit=695%2C401&ssl=1&resize=350%2C200 1x, https:\/\/i0.wp.com\/elcentinelaformosa.com\/wp-content\/uploads\/2021\/06\/wp-16227463326671623335766604721872.png?fit=695%2C401&ssl=1&resize=525%2C300 1.5x"},"classes":[]},{"id":1716,"url":"https:\/\/elcentinelaformosa.com\/index.php\/2026\/04\/01\/formosa-el-yaguarete-esta-bajo-el-amparo-y-proteccion-internacional-de-instituciones-y-juristas\/","url_meta":{"origin":109,"position":2},"title":"FORMOSA: EL YAGUARET\u00c9 EST\u00c1 BAJO EL AMPARO Y PROTECCION INTERNACIONAL DE INSTITUCIONES Y JURISTAS","author":"Admin","date":"abril 1, 2026","format":false,"excerpt":"Desde el foro nacional e internacional se ha pedido el amparo y protecci\u00f3n del Yaguaret\u00e9 captado por las c\u00e1maras en la Provincia de Formosa Durante la jornada del d\u00eda viernes 7 de Julio, la doctora Laura Cecilia Velasco; abogada especialista en protecci\u00f3n animal y ambiental, reconocida internacionalmente como pionera en\u2026","rel":"","context":"En &quot;El Centinela&quot;","block_context":{"text":"El Centinela","link":"https:\/\/elcentinelaformosa.com\/index.php\/category\/el-centinela\/"},"img":{"alt_text":"","src":"https:\/\/i0.wp.com\/elcentinelaformosa.com\/wp-content\/uploads\/2023\/07\/20230708_012526-ANIMATION-1.gif?fit=665%2C1032&ssl=1&resize=350%2C200","width":350,"height":200,"srcset":"https:\/\/i0.wp.com\/elcentinelaformosa.com\/wp-content\/uploads\/2023\/07\/20230708_012526-ANIMATION-1.gif?fit=665%2C1032&ssl=1&resize=350%2C200 1x, https:\/\/i0.wp.com\/elcentinelaformosa.com\/wp-content\/uploads\/2023\/07\/20230708_012526-ANIMATION-1.gif?fit=665%2C1032&ssl=1&resize=525%2C300 1.5x"},"classes":[]},{"id":1282,"url":"https:\/\/elcentinelaformosa.com\/index.php\/2026\/04\/01\/biocidio-incendios-intencionales-en-formosa\/","url_meta":{"origin":109,"position":3},"title":"BIOCIDIO: INCENDIOS INTENCIONALES EN FORMOSA..?","author":"Admin","date":"abril 1, 2026","format":false,"excerpt":"Las fuentes habr\u00edan se\u00f1alado que presuntos testigos afirman haber visto personas prendiendo fuego. De esta manera, puede inferirse que la casi totalidad de incendios en la provincia de Formosa podr\u00edan ser intencionales. La Intendencia del \u00e1rea protegida inform\u00f3 sobre una serie de focos de incendio que ser\u00edan producidos de modo\u2026","rel":"","context":"En &quot;Derecho snimal&quot;","block_context":{"text":"Derecho snimal","link":"https:\/\/elcentinelaformosa.com\/index.php\/category\/derecho-snimal\/"},"img":{"alt_text":"","src":"https:\/\/i0.wp.com\/elcentinelaformosa.com\/wp-content\/uploads\/2022\/02\/wp-16453956063578664564094127592917.png?fit=1076%2C806&ssl=1&resize=350%2C200","width":350,"height":200,"srcset":"https:\/\/i0.wp.com\/elcentinelaformosa.com\/wp-content\/uploads\/2022\/02\/wp-16453956063578664564094127592917.png?fit=1076%2C806&ssl=1&resize=350%2C200 1x, https:\/\/i0.wp.com\/elcentinelaformosa.com\/wp-content\/uploads\/2022\/02\/wp-16453956063578664564094127592917.png?fit=1076%2C806&ssl=1&resize=525%2C300 1.5x, https:\/\/i0.wp.com\/elcentinelaformosa.com\/wp-content\/uploads\/2022\/02\/wp-16453956063578664564094127592917.png?fit=1076%2C806&ssl=1&resize=700%2C400 2x, https:\/\/i0.wp.com\/elcentinelaformosa.com\/wp-content\/uploads\/2022\/02\/wp-16453956063578664564094127592917.png?fit=1076%2C806&ssl=1&resize=1050%2C600 3x"},"classes":[]},{"id":158,"url":"https:\/\/elcentinelaformosa.com\/index.php\/2026\/02\/28\/formosa-riacho-he-he-asesinato-disfrazado-de-caza\/","url_meta":{"origin":109,"position":4},"title":"FORMOSA: RIACHO HE H\u00c9: ASESINATO DISFRAZADO DE CAZA","author":"Admin","date":"febrero 28, 2026","format":false,"excerpt":"la criminalidad solapada o disfrazada de varias denonimaciones, tales como; cacer\u00eda, caza, mariscar, no cesa ni siquiera en \u00e9pocas de pandemia. Sin respetar la vida de otras especies, sujetos protegidos por la impunidad que les otorgar\u00eda alg\u00fan poderoso padrinazgo o madrinazgo gubernamental, salen a asesinar personas no humanas. Es decir,\u2026","rel":"","context":"En \"\u00b7bastadefalsassoluciones\"","block_context":{"text":"\u00b7bastadefalsassoluciones","link":"https:\/\/elcentinelaformosa.com\/index.php\/tag\/%c2%b7bastadefalsassoluciones\/"},"img":{"alt_text":"","src":"https:\/\/i0.wp.com\/elcentinelaformosa.com\/wp-content\/uploads\/2020\/10\/asesinos-de-animales.jpg?fit=640%2C480&ssl=1&resize=350%2C200","width":350,"height":200,"srcset":"https:\/\/i0.wp.com\/elcentinelaformosa.com\/wp-content\/uploads\/2020\/10\/asesinos-de-animales.jpg?fit=640%2C480&ssl=1&resize=350%2C200 1x, https:\/\/i0.wp.com\/elcentinelaformosa.com\/wp-content\/uploads\/2020\/10\/asesinos-de-animales.jpg?fit=640%2C480&ssl=1&resize=525%2C300 1.5x"},"classes":[]},{"id":651,"url":"https:\/\/elcentinelaformosa.com\/index.php\/2026\/02\/27\/formosa-ecocidas-con-poder\/","url_meta":{"origin":109,"position":5},"title":"FORMOSA: ECOCIDAS CON PODER?","author":"Admin","date":"febrero 27, 2026","format":false,"excerpt":"\u00a0 Hugo Bay: \u201cla pandemia es producto de una intervenci\u00f3n incorrecta del ser humano en el medio ambiente\u201d-dijo el funcionario. SIEMPRE ECHANDO CULPAS A LOS DEM\u00c1S? Al parecer dice pero no hace desde su lugar, m\u00e1s valen hechos y no solo palabras. Gran parte de la ciudad invadida por el\u2026","rel":"","context":"En &quot;El Centinela&quot;","block_context":{"text":"El Centinela","link":"https:\/\/elcentinelaformosa.com\/index.php\/category\/el-centinela\/"},"img":{"alt_text":"","src":"https:\/\/i0.wp.com\/elcentinelaformosa.com\/wp-content\/uploads\/2021\/05\/wp-1620092444423.jpg?fit=648%2C648&ssl=1&resize=350%2C200","width":350,"height":200,"srcset":"https:\/\/i0.wp.com\/elcentinelaformosa.com\/wp-content\/uploads\/2021\/05\/wp-1620092444423.jpg?fit=648%2C648&ssl=1&resize=350%2C200 1x, https:\/\/i0.wp.com\/elcentinelaformosa.com\/wp-content\/uploads\/2021\/05\/wp-1620092444423.jpg?fit=648%2C648&ssl=1&resize=525%2C300 1.5x"},"classes":[]}],"jetpack_sharing_enabled":true,"jetpack_likes_enabled":true,"_links":{"self":[{"href":"https:\/\/elcentinelaformosa.com\/index.php\/wp-json\/wp\/v2\/posts\/109","targetHints":{"allow":["GET"]}}],"collection":[{"href":"https:\/\/elcentinelaformosa.com\/index.php\/wp-json\/wp\/v2\/posts"}],"about":[{"href":"https:\/\/elcentinelaformosa.com\/index.php\/wp-json\/wp\/v2\/types\/post"}],"author":[{"embeddable":true,"href":"https:\/\/elcentinelaformosa.com\/index.php\/wp-json\/wp\/v2\/users\/2"}],"replies":[{"embeddable":true,"href":"https:\/\/elcentinelaformosa.com\/index.php\/wp-json\/wp\/v2\/comments?post=109"}],"version-history":[{"count":5,"href":"https:\/\/elcentinelaformosa.com\/index.php\/wp-json\/wp\/v2\/posts\/109\/revisions"}],"predecessor-version":[{"id":168,"href":"https:\/\/elcentinelaformosa.com\/index.php\/wp-json\/wp\/v2\/posts\/109\/revisions\/168"}],"wp:featuredmedia":[{"embeddable":true,"href":"https:\/\/elcentinelaformosa.com\/index.php\/wp-json\/wp\/v2\/media\/116"}],"wp:attachment":[{"href":"https:\/\/elcentinelaformosa.com\/index.php\/wp-json\/wp\/v2\/media?parent=109"}],"wp:term":[{"taxonomy":"category","embeddable":true,"href":"https:\/\/elcentinelaformosa.com\/index.php\/wp-json\/wp\/v2\/categories?post=109"},{"taxonomy":"post_tag","embeddable":true,"href":"https:\/\/elcentinelaformosa.com\/index.php\/wp-json\/wp\/v2\/tags?post=109"}],"curies":[{"name":"wp","href":"https:\/\/api.w.org\/{rel}","templated":true}]}}