{"id":1795,"date":"2026-02-27T11:02:44","date_gmt":"2026-02-27T14:02:44","guid":{"rendered":"https:\/\/elcentinelaformosa.com\/?p=1795"},"modified":"2026-02-27T11:02:44","modified_gmt":"2026-02-27T14:02:44","slug":"el-nino-que-maltrato-a-su-gato-fue-separado-de-su-familia-ino-que-maltrato-a-un-g","status":"publish","type":"post","link":"https:\/\/elcentinelaformosa.com\/index.php\/2026\/02\/27\/el-nino-que-maltrato-a-su-gato-fue-separado-de-su-familia-ino-que-maltrato-a-un-g\/","title":{"rendered":"EL NI\u00d1O QUE MALTRATO A SU GATO FUE SEPARADO DE SU FAMILIA"},"content":{"rendered":"<blockquote><p>Durante los \u00faltimos d\u00edas se difundieron gracias a las redes sociales las im\u00e1genes\u00a0 donde un ni\u00f1o arrojaba un gato por los aires.<\/p><\/blockquote>\n<p>Las im\u00e1genes impactantes de un ni\u00f1o maltratando a un gato se hicieron virales un par de semanas atr\u00e1s. La indignaci\u00f3n de la gente,\u00a0 grupos proteccionistas y voluntarios independientes se hizo eco a trav\u00e9s del pedido de intervencion de la justicia.<\/p>\n<p>Paralelamente se realiz\u00f3 una marcha el mi\u00e9rcoles 8 de mayo, desde las 10 horas en la plaza San Martin frente a Correo Argentino pidiendo intervenci\u00f3n la del Estado en el caso y que se &#8220;activen los protocolo.<\/p>\n<p>Las asociaciones voluntarios y proteccionistas, asimismo ciudadanos independientes sumaron apoyo para pedir justicia por Michina y que activen el protocolo de asistencia al menor en estado de vulnerabilidad\u00bb.<\/p>\n<p>Separan a la criatura de su familia<\/p>\n<p>El d\u00eda martes 07 anticip\u00e1ndose a la marcha, el juez Rub\u00e9n Spessot, orden\u00f3 un allanamiento en la casa de la familia del ni\u00f1o, lo hizo subrogando a la jueza de menores, Silvana Adalid Jarzynski, quien se excuso por conocer a los involucrados.<\/p>\n<p>La criatura de 11 a\u00f1os, fue separada de la familia y trasladada a un hogar del estado, previa sesi\u00f3n con un psic\u00f3logo y una trabajadora social de minoridad, que r\u00e1pidamente concluyeron que sus actitudes eran un mensaje &#8220;pidiendo ayuda&#8221;.<\/p>\n<p>Por su parte la familia del ni\u00f1o involucrado, hizo su descargo intentando justificar el maltrato animal por parte del menor, echando un manto de duda sobre el procedimiento, anteponiendo los derechos del ni\u00f1o por encima del derecho animal. La familia opin\u00f3 que la medida adoptada hab\u00eda sido desproporcionada, minimizando el sufrimiento de la indefensa criatura felina.<\/p>\n<p>Ampliaremos<\/p>\n<p id=\"rop\"><small>Originally posted 2024-05-08 12:04:29. <\/small><\/p>","protected":false},"excerpt":{"rendered":"<p>Durante los \u00faltimos d\u00edas se difundieron gracias a las redes sociales las im\u00e1genes\u00a0 donde un ni\u00f1o arrojaba un gato por los aires. Las im\u00e1genes impactantes de un ni\u00f1o maltratando a un gato se hicieron virales un par de semanas atr\u00e1s. La indignaci\u00f3n de la gente,\u00a0 grupos proteccionistas y voluntarios independientes se hizo eco a trav\u00e9s&#8230; <a href=\"https:\/\/elcentinelaformosa.com\/index.php\/2026\/02\/27\/el-nino-que-maltrato-a-su-gato-fue-separado-de-su-familia-ino-que-maltrato-a-un-g\/\">Read more: EL NI\u00d1O QUE MALTRATO A SU GATO FUE SEPARADO DE SU FAMILIA<\/a><\/p>\n","protected":false},"author":2,"featured_media":1796,"comment_status":"open","ping_status":"open","sticky":false,"template":"","format":"standard","meta":{"rop_custom_images_group":[],"rop_custom_messages_group":[],"rop_publish_now":"initial","rop_publish_now_accounts":{"twitter_815903348_815903348":""},"rop_publish_now_history":[],"rop_publish_now_status":"pending","h5ap_radio_sources":[],"_jetpack_memberships_contains_paid_content":false,"footnotes":"","jetpack_publicize_message":"","jetpack_publicize_feature_enabled":true,"jetpack_social_post_already_shared":true,"jetpack_social_options":{"image_generator_settings":{"template":"highway","default_image_id":0,"font":"","enabled":false},"version":2}},"categories":[6,5,77,1],"tags":[89,12,171,281,205],"class_list":["post-1795","post","type-post","status-publish","format-standard","has-post-thumbnail","hentry","category-el-centinela","category-local","category-redes","category-uncategorized","tag-actualizacion-sobre-derecho-animal","tag-centinela-formosa","tag-formosa-tu-ciudad","tag-maltrato-animal","tag-provincia-de-formosa"],"aioseo_notices":[],"jetpack_publicize_connections":[],"jetpack_featured_media_url":"https:\/\/i0.wp.com\/elcentinelaformosa.com\/wp-content\/uploads\/2024\/05\/Screenshot_20240508-120013.png?fit=941%2C588&ssl=1","jetpack-related-posts":[{"id":1858,"url":"https:\/\/elcentinelaformosa.com\/index.php\/2026\/01\/04\/animales-en-situacion-de-maltrato-y-crueldad-en-barrios-de-formosa\/","url_meta":{"origin":1795,"position":0},"title":"ANIMALES EN SITUACION DE MALTRATO Y CRUELDAD EN BARRIOS DE FORMOSA","author":"Admin","date":"enero 4, 2026","format":false,"excerpt":"La presidente de la Fundaci\u00f3n de Protecci\u00f3n animal y ambiental de Formosa ( SPA), Se\u00f1ora Virginia Fern\u00e1ndez denunci\u00f3 la situaci\u00f3n de maltrato y actos de crueldad hacia los animales en los sectores m\u00e1s precarios del barrio Lisbel Rivira, espec\u00edficamente entre las calles Sergio Godoy y Abraham ( pasillo) ubicado en\u2026","rel":"","context":"En &quot;Derecho Animal&quot;","block_context":{"text":"Derecho Animal","link":"https:\/\/elcentinelaformosa.com\/index.php\/category\/derecho-animal\/"},"img":{"alt_text":"","src":"https:\/\/i0.wp.com\/elcentinelaformosa.com\/wp-content\/uploads\/2024\/07\/20240710_111027-ANIMATION.gif?fit=774%2C581&ssl=1&resize=350%2C200","width":350,"height":200,"srcset":"https:\/\/i0.wp.com\/elcentinelaformosa.com\/wp-content\/uploads\/2024\/07\/20240710_111027-ANIMATION.gif?fit=774%2C581&ssl=1&resize=350%2C200 1x, https:\/\/i0.wp.com\/elcentinelaformosa.com\/wp-content\/uploads\/2024\/07\/20240710_111027-ANIMATION.gif?fit=774%2C581&ssl=1&resize=525%2C300 1.5x, https:\/\/i0.wp.com\/elcentinelaformosa.com\/wp-content\/uploads\/2024\/07\/20240710_111027-ANIMATION.gif?fit=774%2C581&ssl=1&resize=700%2C400 2x"},"classes":[]},{"id":1577,"url":"https:\/\/elcentinelaformosa.com\/index.php\/2026\/01\/04\/formosa-maltrato-animal-de-penalizacion-a-regulacion-recaudadora\/","url_meta":{"origin":1795,"position":1},"title":"FORMOSA, MALTRATO ANIMAL: DE PENALIZACION A REGULACI\u00d3N RECAUDADORA ?","author":"Admin","date":"enero 4, 2026","format":false,"excerpt":"Municipio formose\u00f1o multar\u00e1 hasta con 10 mil litros de combustible a quienes maltraten animales. La reconocida Ley Nacional 14.346 establece\u00a0 condena y prisi\u00f3n para los maltratadores de animales. En los \u00faltimos a\u00f1os, el proteccionismo se vio divido por fuerzas externas vinculadas no solo con poder econ\u00f3mico sino tambi\u00e9n pol\u00edtico. Tal\u2026","rel":"","context":"En &quot;Derecho snimal&quot;","block_context":{"text":"Derecho snimal","link":"https:\/\/elcentinelaformosa.com\/index.php\/category\/derecho-snimal\/"},"img":{"alt_text":"","src":"https:\/\/i0.wp.com\/elcentinelaformosa.com\/wp-content\/uploads\/2023\/02\/Screenshot_20230219-115415.png?fit=453%2C311&ssl=1&resize=350%2C200","width":350,"height":200},"classes":[]},{"id":1597,"url":"https:\/\/elcentinelaformosa.com\/index.php\/2026\/02\/27\/caba-rapida-respuesta-de-la-justicia-ante-denuncia-por-maltrato-animal\/","url_meta":{"origin":1795,"position":2},"title":"CABA: R\u00c1PIDA RESPUESTA DE LA JUSTICIA ANTE DENUNCIA POR MALTRATO ANIMAL","author":"Admin","date":"febrero 27, 2026","format":false,"excerpt":"Tal como lo hab\u00eda anticipado el d\u00eda de ayer jueves 09 en\u00a0 la entrevista,\u00a0 la especialista en derecho animal, doctora Laura Cecilia Velasco hoy viernes 10 confirm\u00f3 la r\u00e1pida intervenci\u00f3n de la justicia en el caso de maltrato animal y posible abuso. Se logr\u00f3 el rescate de los caninos del\u2026","rel":"","context":"En &quot;Derecho snimal&quot;","block_context":{"text":"Derecho snimal","link":"https:\/\/elcentinelaformosa.com\/index.php\/category\/derecho-snimal\/"},"img":{"alt_text":"","src":"https:\/\/i0.wp.com\/elcentinelaformosa.com\/wp-content\/uploads\/2021\/07\/wp-16264720224391985619108434465971.png?fit=696%2C895&ssl=1&resize=350%2C200","width":350,"height":200,"srcset":"https:\/\/i0.wp.com\/elcentinelaformosa.com\/wp-content\/uploads\/2021\/07\/wp-16264720224391985619108434465971.png?fit=696%2C895&ssl=1&resize=350%2C200 1x, https:\/\/i0.wp.com\/elcentinelaformosa.com\/wp-content\/uploads\/2021\/07\/wp-16264720224391985619108434465971.png?fit=696%2C895&ssl=1&resize=525%2C300 1.5x"},"classes":[]},{"id":1188,"url":"https:\/\/elcentinelaformosa.com\/index.php\/2026\/04\/01\/el-abierto-repudio-hacia-los-maltratadores-de-animales-que-aspiran-a-cargos-electivos-en-las-elecciones-noviembre-2021\/","url_meta":{"origin":1795,"position":3},"title":"EL ABIERTO REPUDIO HACIA LOS MALTRATADORES DE ANIMALES QUE ASPIRAN A CARGOS ELECTIVOS EN LAS ELECCIONES NOVIEMBRE 2021","author":"Admin","date":"abril 1, 2026","format":false,"excerpt":"Desde las redes sociales son cada vez m\u00e1s frecuentes las actitudes de rechazo hacia los MALTRATADORES de animales. Son considerados explotadores todos aquellos que someten, alientan o incitan al maltrato mediante la aprobaci\u00f3n de pr\u00e1cticas de crueldad contra los indefensos. El actual intendente de La Carlota, FABIO GUASCHINO, que ocupa\u2026","rel":"","context":"En &quot;Derecho snimal&quot;","block_context":{"text":"Derecho snimal","link":"https:\/\/elcentinelaformosa.com\/index.php\/category\/derecho-snimal\/"},"img":{"alt_text":"","src":"https:\/\/i0.wp.com\/elcentinelaformosa.com\/wp-content\/uploads\/2021\/11\/wp-1635794712520.gif?fit=481%2C383&ssl=1&resize=350%2C200","width":350,"height":200},"classes":[]},{"id":882,"url":"https:\/\/elcentinelaformosa.com\/index.php\/2026\/02\/28\/formosa-maltrato-animal-y-crueldad-extrema-una-ley-nacional-ignorada-y-procedimiento-policial\/","url_meta":{"origin":1795,"position":4},"title":"FORMOSA: MALTRATO ANIMAL Y CRUELDAD EXTREMA. UNA LEY NACIONAL IGNORADA Y PROCEDIMIENTO POLICIAL ?","author":"Admin","date":"febrero 28, 2026","format":false,"excerpt":"Durante la tarde del d\u00eda martes 29 de Junio luego de las incontables llamadas telef\u00f3nicas al 911 los efectivos policiales fueron a constatar un caso de crueldad contra un animal, tipificado seg\u00fan Ley Nacional 14346. Afirmativo. El caso era real. En el predio ubicado en un sector del barrio espec\u00edficamente\u2026","rel":"","context":"En &quot;Derecho snimal&quot;","block_context":{"text":"Derecho snimal","link":"https:\/\/elcentinelaformosa.com\/index.php\/category\/derecho-snimal\/"},"img":{"alt_text":"","src":"https:\/\/i0.wp.com\/elcentinelaformosa.com\/wp-content\/uploads\/2021\/06\/wp-162500240218669402986713611855.jpg?fit=675%2C1200&ssl=1&resize=350%2C200","width":350,"height":200,"srcset":"https:\/\/i0.wp.com\/elcentinelaformosa.com\/wp-content\/uploads\/2021\/06\/wp-162500240218669402986713611855.jpg?fit=675%2C1200&ssl=1&resize=350%2C200 1x, https:\/\/i0.wp.com\/elcentinelaformosa.com\/wp-content\/uploads\/2021\/06\/wp-162500240218669402986713611855.jpg?fit=675%2C1200&ssl=1&resize=525%2C300 1.5x"},"classes":[]},{"id":1586,"url":"https:\/\/elcentinelaformosa.com\/index.php\/2026\/01\/04\/especialista-en-derecho-animal-interviene-en-nuevo-caso-de-maltrato-y-abuso\/","url_meta":{"origin":1795,"position":5},"title":"ESPECIALISTA EN DERECHO ANIMAL INTERVIENE EN NUEVO CASO DE MALTRATO Y ABUSO","author":"Admin","date":"enero 4, 2026","format":false,"excerpt":"El pasado d\u00eda jueves 09 de marzo se viralizo a trav\u00e9s de las redes sociales un caso que atenta contra los derechos del animal no humano en CABA (ciudad aut\u00f3noma de Buenos Aires) Ante los hechos trascendidos, la Dra. Laura Cecilia Velasco reconocida abogada especialista en derecho animal\u00a0 a nivel\u2026","rel":"","context":"En &quot;Derecho snimal&quot;","block_context":{"text":"Derecho snimal","link":"https:\/\/elcentinelaformosa.com\/index.php\/category\/derecho-snimal\/"},"img":{"alt_text":"","src":"https:\/\/i0.wp.com\/elcentinelaformosa.com\/wp-content\/uploads\/2021\/07\/wp-16264720224391985619108434465971.png?fit=696%2C895&ssl=1&resize=350%2C200","width":350,"height":200,"srcset":"https:\/\/i0.wp.com\/elcentinelaformosa.com\/wp-content\/uploads\/2021\/07\/wp-16264720224391985619108434465971.png?fit=696%2C895&ssl=1&resize=350%2C200 1x, https:\/\/i0.wp.com\/elcentinelaformosa.com\/wp-content\/uploads\/2021\/07\/wp-16264720224391985619108434465971.png?fit=696%2C895&ssl=1&resize=525%2C300 1.5x"},"classes":[]}],"jetpack_sharing_enabled":true,"jetpack_likes_enabled":true,"_links":{"self":[{"href":"https:\/\/elcentinelaformosa.com\/index.php\/wp-json\/wp\/v2\/posts\/1795","targetHints":{"allow":["GET"]}}],"collection":[{"href":"https:\/\/elcentinelaformosa.com\/index.php\/wp-json\/wp\/v2\/posts"}],"about":[{"href":"https:\/\/elcentinelaformosa.com\/index.php\/wp-json\/wp\/v2\/types\/post"}],"author":[{"embeddable":true,"href":"https:\/\/elcentinelaformosa.com\/index.php\/wp-json\/wp\/v2\/users\/2"}],"replies":[{"embeddable":true,"href":"https:\/\/elcentinelaformosa.com\/index.php\/wp-json\/wp\/v2\/comments?post=1795"}],"version-history":[{"count":3,"href":"https:\/\/elcentinelaformosa.com\/index.php\/wp-json\/wp\/v2\/posts\/1795\/revisions"}],"predecessor-version":[{"id":1799,"href":"https:\/\/elcentinelaformosa.com\/index.php\/wp-json\/wp\/v2\/posts\/1795\/revisions\/1799"}],"wp:featuredmedia":[{"embeddable":true,"href":"https:\/\/elcentinelaformosa.com\/index.php\/wp-json\/wp\/v2\/media\/1796"}],"wp:attachment":[{"href":"https:\/\/elcentinelaformosa.com\/index.php\/wp-json\/wp\/v2\/media?parent=1795"}],"wp:term":[{"taxonomy":"category","embeddable":true,"href":"https:\/\/elcentinelaformosa.com\/index.php\/wp-json\/wp\/v2\/categories?post=1795"},{"taxonomy":"post_tag","embeddable":true,"href":"https:\/\/elcentinelaformosa.com\/index.php\/wp-json\/wp\/v2\/tags?post=1795"}],"curies":[{"name":"wp","href":"https:\/\/api.w.org\/{rel}","templated":true}]}}