{"id":1822,"date":"2025-12-16T19:31:16","date_gmt":"2025-12-16T22:31:16","guid":{"rendered":"https:\/\/elcentinelaformosa.com\/?p=1822"},"modified":"2025-12-16T19:31:16","modified_gmt":"2025-12-16T22:31:16","slug":"arranco-el-juicio-contra-anibal-fernandez-y-capitanich-por-irregularidades-en-futbol-para-todos","status":"publish","type":"post","link":"https:\/\/elcentinelaformosa.com\/index.php\/2025\/12\/16\/arranco-el-juicio-contra-anibal-fernandez-y-capitanich-por-irregularidades-en-futbol-para-todos\/","title":{"rendered":"ARRANC\u00d3 EL JUICIO CONTRA AN\u00cdBAL FERNANDEZ Y CAPITANICH POR IRREGULARIDADES EN &#8220;FUTBOL PARA TODOS&#8221;"},"content":{"rendered":"<p>LUNES 24 DE JUNIO ARRANC\u00d3 EL JUICIO CONTRA AN\u00cdBAL FERNANDEZ Y CAPITANICH POR IRREGULARIDADES EN &#8220;FUTBOL PARA TODOS&#8221;<\/p>\n<p>&nbsp;<\/p>\n<p>Siguen destap\u00e1ndose las &#8220;ollas hedientes&#8221;<\/p>\n<p>&nbsp;<\/p>\n<p>Tras la denuncia realizada, en la oportunidad, por la legisladora Graciela Oca\u00f1a, arranc\u00f3 ayer, el juicio contra los involucrados en el manejo de los fondos de &#8221; Futbol para todos.<\/p>\n<p>&nbsp;<\/p>\n<p>Son 14 en total los acusados. El Tribunal Oral Federal 1 comenz\u00f3 el debate oral para investigar las irregularidades del programa creado en 2009 para que la televisi\u00f3n p\u00fablica transmitiera los partidos del f\u00fatbol argentino.<\/p>\n<p>&nbsp;<\/p>\n<p>Lunes 24 de Junio se di\u00f3 inicio a esta jornada judicial contra An\u00edbal Fern\u00e1ndez y Capitanich por irregularidades en \u201cF\u00fatbol para todos\u201d, 24 de junio de 2024<\/p>\n<p>Este lunes 24 de junio a las 10 de la ma\u00f1ana comenz\u00f3 el juicio que busca esclarecer si hubo defraudaci\u00f3n del Estado con &#8220;F\u00fatbol para todos&#8221;, iniciativa lanzada en 2009 por el gobierno de Cristina Kirchner para la televisi\u00f3n p\u00fablica. En el Tribunal Oral Federal 1 comenz\u00f3 el debate que tiene entre los acusados a los ex jefes de Gabinete An\u00edbal Fern\u00e1ndez y Jorge Capitanich, el ex vicegobernador bonaerense Gabriel Mariotto y dirigentes de la Asociaci\u00f3n del F\u00fatbol Argentino (AFA), entre otros.<\/p>\n<p>&nbsp;<\/p>\n<p>El presidente del tribunal Ricardo Bas\u00edlico junto a sus colegas Jos\u00e9 Michilini y Adri\u00e1n Gr\u00fcnberg, dieron inicio al debate. Fern\u00e1ndez y Mariotto estaban presentes, mientras que Capitanich lo sigui\u00f3 por zoom. Se ley\u00f3 eldictamen de elevaci\u00f3n a juicio y las cuestiones preliminares.<\/p>\n<p>&nbsp;<\/p>\n<p>&#8220;F\u00fatbol para Todos&#8221; fue un acuerdo entre el Gobierno K, y la AFA que comenz\u00f3 en 2009 y en 2014 se inici\u00f3 la causa por la denuncia de la legisladora Graciela Oca\u00f1a.<\/p>\n<p>&nbsp;<\/p>\n<p>La denuncia tiene dos partes, por un lado, analiza la figura de administraci\u00f3n fraudulenta agravada por haberse cometido en perjuicio de una administraci\u00f3n p\u00fablica y, por otro, el destino de los cheques que cobraban los clubes por parte de la AFA que fueron cambiados en cuevas financieras y que inclu\u00edan movimientos sospechosos.<\/p>\n<p>&nbsp;<\/p>\n<p>El fiscal Eduardo Taiano resolvi\u00f3 la elevaci\u00f3n a juicio y la jueza Mar\u00eda Servini manifest\u00f3 que: \u201ca lo largo de la instrucci\u00f3n, puedo afirmar que lo que en su origen fue programado como una exitosa operaci\u00f3n que habr\u00eda de conjugar el \u00e9xito de una decisi\u00f3n pol\u00edtica y social (masiva difusi\u00f3n del deporte m\u00e1s popular del pa\u00eds en forma gratuita y fortalecimiento de las entidades que deb\u00edan beneficiarse con los ingresos televisivos), con ciertas expectativas superavitarias, termin\u00f3 perfil\u00e1ndose como una suerte de pol\u00edticas de subsidios estatales hacia las necesidades crecientes de una entidad civil, para lo cual se consider\u00f3 necesario adicionar a los originarios fines del programa \u201cF\u00fatbol Para Todos\u201d m\u00e1s objetivos y cometidos p\u00fablicos estatales que tampoco fueron cumplidos, por cuanto ha quedado demostrado en esta causa que buena porci\u00f3n de los fondos entregados por la JGM a la AFA fueron desviados a trav\u00e9s de diferentes maniobras\u201d.<\/p>\n<p id=\"rop\"><small>Originally posted 2024-06-25 09:34:12. <\/small><\/p>","protected":false},"excerpt":{"rendered":"<p>LUNES 24 DE JUNIO ARRANC\u00d3 EL JUICIO CONTRA AN\u00cdBAL FERNANDEZ Y CAPITANICH POR IRREGULARIDADES EN &#8220;FUTBOL PARA TODOS&#8221; &nbsp; Siguen destap\u00e1ndose las &#8220;ollas hedientes&#8221; &nbsp; Tras la denuncia realizada, en la oportunidad, por la legisladora Graciela Oca\u00f1a, arranc\u00f3 ayer, el juicio contra los involucrados en el manejo de los fondos de &#8221; Futbol para todos&#8230;. <a href=\"https:\/\/elcentinelaformosa.com\/index.php\/2025\/12\/16\/arranco-el-juicio-contra-anibal-fernandez-y-capitanich-por-irregularidades-en-futbol-para-todos\/\">Read more: ARRANC\u00d3 EL JUICIO CONTRA AN\u00cdBAL FERNANDEZ Y CAPITANICH POR IRREGULARIDADES EN &#8220;FUTBOL PARA TODOS&#8221;<\/a><\/p>\n","protected":false},"author":2,"featured_media":1823,"comment_status":"open","ping_status":"open","sticky":false,"template":"","format":"standard","meta":{"rop_custom_images_group":[],"rop_custom_messages_group":[],"rop_publish_now":"initial","rop_publish_now_accounts":{"twitter_815903348_815903348":""},"rop_publish_now_history":[],"rop_publish_now_status":"pending","h5ap_radio_sources":[],"_jetpack_memberships_contains_paid_content":false,"footnotes":"","jetpack_publicize_message":"","jetpack_publicize_feature_enabled":true,"jetpack_social_post_already_shared":true,"jetpack_social_options":{"image_generator_settings":{"template":"highway","default_image_id":0,"font":"","enabled":false},"version":2}},"categories":[459,6,5,77],"tags":[533,280,488,534,535],"class_list":["post-1822","post","type-post","status-publish","format-standard","has-post-thumbnail","hentry","category-derecho-ciudadano","category-el-centinela","category-local","category-redes","tag-anibal-fernandez","tag-capitanich","tag-chaco-y-formosa","tag-futbol-para-todos","tag-irregularidades"],"aioseo_notices":[],"jetpack_publicize_connections":[],"jetpack_featured_media_url":"https:\/\/i0.wp.com\/elcentinelaformosa.com\/wp-content\/uploads\/2024\/06\/IMG-20240625-WA0012.jpg?fit=720%2C405&ssl=1","jetpack-related-posts":[{"id":1691,"url":"https:\/\/elcentinelaformosa.com\/index.php\/2026\/01\/04\/chaco-el-nepotismo-a-full-y-el-abuso-de-la-cosa-publica\/","url_meta":{"origin":1822,"position":0},"title":"CHACO: EL NEPOTISMO A FULL Y EL ABUSO DE LA COSA PUBLICA?","author":"Admin","date":"enero 4, 2026","format":false,"excerpt":"CHACO: EL NEPOTISMO A FULL Y EL ABUSO DE LA COSA PUBLICA Ser\u00eda la misma METODOLOG\u00cdA que aplican todos los Feudos en Argentina, as\u00ed suman los K votos para obtener mayor\u00eda en el Senado, ahora el nuevo nombre del Frente K ser\u00eda un partido Multifeudo para intentar evitar la cat\u00e1strofe\u2026","rel":"","context":"En \"BASTERRA. Gildo Insfran. Formosa. A\u00f1o 2021.\"","block_context":{"text":"BASTERRA. Gildo Insfran. Formosa. A\u00f1o 2021.","link":"https:\/\/elcentinelaformosa.com\/index.php\/tag\/basterra-gildo-insfran-formosa-ano-2021\/"},"img":{"alt_text":"","src":"https:\/\/i0.wp.com\/elcentinelaformosa.com\/wp-content\/uploads\/2023\/06\/20230617_145707-ANIMATION.gif?fit=748%2C568&ssl=1&resize=350%2C200","width":350,"height":200,"srcset":"https:\/\/i0.wp.com\/elcentinelaformosa.com\/wp-content\/uploads\/2023\/06\/20230617_145707-ANIMATION.gif?fit=748%2C568&ssl=1&resize=350%2C200 1x, https:\/\/i0.wp.com\/elcentinelaformosa.com\/wp-content\/uploads\/2023\/06\/20230617_145707-ANIMATION.gif?fit=748%2C568&ssl=1&resize=525%2C300 1.5x, https:\/\/i0.wp.com\/elcentinelaformosa.com\/wp-content\/uploads\/2023\/06\/20230617_145707-ANIMATION.gif?fit=748%2C568&ssl=1&resize=700%2C400 2x"},"classes":[]},{"id":244,"url":"https:\/\/elcentinelaformosa.com\/index.php\/2026\/02\/27\/el-principio-del-fin-para-la-argentina\/","url_meta":{"origin":1822,"position":1},"title":"EL PRINCIPIO DEL FIN PARA LA ARGENTINA?","author":"Admin","date":"febrero 27, 2026","format":false,"excerpt":"CAPITANICH PONE EN MARCHA EL ACUERDO PORCINO CON CHINA El jueves 29 el gobernador de Chaco sell\u00f3 un convenio con la empresa Feng Tian Food, de capitales chino-argentinos, para instalar tres megagranjas de cerdos en la provincia. Jorge Capitanich afirm\u00f3 que se tratar\u00e1 de f\u00e1bricas donde \u00abhabr\u00e1 2.400 madres en\u2026","rel":"","context":"En &quot;El Centinela&quot;","block_context":{"text":"El Centinela","link":"https:\/\/elcentinelaformosa.com\/index.php\/category\/el-centinela\/"},"img":{"alt_text":"","src":"https:\/\/i0.wp.com\/elcentinelaformosa.com\/wp-content\/uploads\/2020\/10\/PELOTA-Y-SOLA.jpg?fit=600%2C277&ssl=1&resize=350%2C200","width":350,"height":200,"srcset":"https:\/\/i0.wp.com\/elcentinelaformosa.com\/wp-content\/uploads\/2020\/10\/PELOTA-Y-SOLA.jpg?fit=600%2C277&ssl=1&resize=350%2C200 1x, https:\/\/i0.wp.com\/elcentinelaformosa.com\/wp-content\/uploads\/2020\/10\/PELOTA-Y-SOLA.jpg?fit=600%2C277&ssl=1&resize=525%2C300 1.5x"},"classes":[]},{"id":1130,"url":"https:\/\/elcentinelaformosa.com\/index.php\/2026\/04\/01\/chaco-juez-luis-dellamea-del-chaco-devuelve-a-dueno-animal-maltratado\/","url_meta":{"origin":1822,"position":2},"title":"CHACO: JUEZ LUIS DELLAMEA DEL CHACO DEVUELVE A DUE\u00d1O ANIMAL MALTRATADO","author":"Admin","date":"abril 1, 2026","format":false,"excerpt":"PARA MUCHOS ESTA JUSTICIA SER\u00cdA ADICTA A CAPITANICH. El juez de faltas a cargo dictamin\u00f3 la restituci\u00f3n de la yegua a sus maltratadores Jueves, 30 Septiembre, 2021 El juez de faltas Luis Edgardo Dellamea orden\u00f3 la devoluci\u00f3n de la yegua pre\u00f1ada a sus due\u00f1os maltratadores. LA PALABRA DE DELLAMEA El\u2026","rel":"","context":"En &quot;Derecho snimal&quot;","block_context":{"text":"Derecho snimal","link":"https:\/\/elcentinelaformosa.com\/index.php\/category\/derecho-snimal\/"},"img":{"alt_text":"","src":"https:\/\/i0.wp.com\/elcentinelaformosa.com\/wp-content\/uploads\/2021\/09\/wp-1633028357335.gif?fit=534%2C635&ssl=1&resize=350%2C200","width":350,"height":200,"srcset":"https:\/\/i0.wp.com\/elcentinelaformosa.com\/wp-content\/uploads\/2021\/09\/wp-1633028357335.gif?fit=534%2C635&ssl=1&resize=350%2C200 1x, https:\/\/i0.wp.com\/elcentinelaformosa.com\/wp-content\/uploads\/2021\/09\/wp-1633028357335.gif?fit=534%2C635&ssl=1&resize=525%2C300 1.5x"},"classes":[]},{"id":1524,"url":"https:\/\/elcentinelaformosa.com\/index.php\/2026\/01\/04\/banco-de-formosa-crecen-reclamos-por-descuentos-indebidos\/","url_meta":{"origin":1822,"position":3},"title":"BANCO DE FORMOSA: CRECEN RECLAMOS POR DESCUENTOS INDEBIDOS","author":"Admin","date":"enero 4, 2026","format":false,"excerpt":"A pocos d\u00edas de comenzar el \u00faltimo mes del a\u00f1o son m\u00e1s de 6 mil solicitudes y reclamos al Banco que centraliza y administra los haberes de los trabajadores o\u00a0 jubilados de la provincia de Formosa. Una vez m\u00e1s se estar\u00eda\u00a0 arremetiendo contra el magro bolsillo de\u00a0 jubilados y trabajadores\u2026","rel":"","context":"En &quot;El Centinela&quot;","block_context":{"text":"El Centinela","link":"https:\/\/elcentinelaformosa.com\/index.php\/category\/el-centinela\/"},"img":{"alt_text":"","src":"https:\/\/i0.wp.com\/elcentinelaformosa.com\/wp-content\/uploads\/2022\/12\/20221205_171218-ANIMATION.gif?fit=996%2C587&ssl=1&resize=350%2C200","width":350,"height":200,"srcset":"https:\/\/i0.wp.com\/elcentinelaformosa.com\/wp-content\/uploads\/2022\/12\/20221205_171218-ANIMATION.gif?fit=996%2C587&ssl=1&resize=350%2C200 1x, https:\/\/i0.wp.com\/elcentinelaformosa.com\/wp-content\/uploads\/2022\/12\/20221205_171218-ANIMATION.gif?fit=996%2C587&ssl=1&resize=525%2C300 1.5x, https:\/\/i0.wp.com\/elcentinelaformosa.com\/wp-content\/uploads\/2022\/12\/20221205_171218-ANIMATION.gif?fit=996%2C587&ssl=1&resize=700%2C400 2x"},"classes":[]},{"id":1174,"url":"https:\/\/elcentinelaformosa.com\/index.php\/2026\/04\/01\/apologia-del-maltrato-animal-para-muestra-un-solo-boton-basta\/","url_meta":{"origin":1822,"position":4},"title":"APOLOG\u00cdA DEL MALTRATO ANIMAL.  PARA MUESTRA&#8230;UN SOLO BOT\u00d3N BASTA","author":"Admin","date":"abril 1, 2026","format":false,"excerpt":"Sucedi\u00f3 en Tucum\u00e1n, Simoca. El pasado lunes 11 de Octubre.....no de 1816... ni siquiera de 1900...sino en la era de la tecnolog\u00eda..... siglo 21 a\u00f1o 2021. El Presidente de Argentina, Alberto Fern\u00e1ndez\u00a0 y otros funcionarios obsecuentes al poder de turno haciendo abuso\u00a0 de la inocencia de los animales que no\u2026","rel":"","context":"En &quot;Derecho snimal&quot;","block_context":{"text":"Derecho snimal","link":"https:\/\/elcentinelaformosa.com\/index.php\/category\/derecho-snimal\/"},"img":{"alt_text":"","src":"https:\/\/i0.wp.com\/elcentinelaformosa.com\/wp-content\/uploads\/2021\/10\/wp-1634554145768.gif?fit=322%2C359&ssl=1&resize=350%2C200","width":350,"height":200},"classes":[]},{"id":1295,"url":"https:\/\/elcentinelaformosa.com\/index.php\/2025\/12\/16\/ecocidio-juana-viale-en-corrientes-yo-soy-ciudadana-el-no-se\/","url_meta":{"origin":1822,"position":5},"title":"ECOCIDIO: JUANA VIALE EN CORRIENTES&#8230;&#8221;YO SOY CIUDADANA &#8230; \u00c9L, NO S\u00c9&#8230;,&#8221;","author":"Admin","date":"diciembre 16, 2025","format":false,"excerpt":"El mayor ninguneo que he escuchado\u201d, Eduardo Feinmann se refiri\u00f3 a los dichos de Juana Viale sobre Alberto Fern\u00e1ndez Eduardo Feinmann dialog\u00f3 este viernes en \u201cAlguien tiene que decirlo\u201d por Radio Mitre con Juana Viale, quien viaj\u00f3 a Corrientes para colaborar en medio de los incendios que sufre la provincia.\u201cEl\u2026","rel":"","context":"En &quot;Derecho snimal&quot;","block_context":{"text":"Derecho snimal","link":"https:\/\/elcentinelaformosa.com\/index.php\/category\/derecho-snimal\/"},"img":{"alt_text":"","src":"https:\/\/i0.wp.com\/elcentinelaformosa.com\/wp-content\/uploads\/2022\/02\/wp-16459130699386771407715432075735.jpg?fit=978%2C814&ssl=1&resize=350%2C200","width":350,"height":200,"srcset":"https:\/\/i0.wp.com\/elcentinelaformosa.com\/wp-content\/uploads\/2022\/02\/wp-16459130699386771407715432075735.jpg?fit=978%2C814&ssl=1&resize=350%2C200 1x, https:\/\/i0.wp.com\/elcentinelaformosa.com\/wp-content\/uploads\/2022\/02\/wp-16459130699386771407715432075735.jpg?fit=978%2C814&ssl=1&resize=525%2C300 1.5x, https:\/\/i0.wp.com\/elcentinelaformosa.com\/wp-content\/uploads\/2022\/02\/wp-16459130699386771407715432075735.jpg?fit=978%2C814&ssl=1&resize=700%2C400 2x"},"classes":[]}],"jetpack_sharing_enabled":true,"jetpack_likes_enabled":true,"_links":{"self":[{"href":"https:\/\/elcentinelaformosa.com\/index.php\/wp-json\/wp\/v2\/posts\/1822","targetHints":{"allow":["GET"]}}],"collection":[{"href":"https:\/\/elcentinelaformosa.com\/index.php\/wp-json\/wp\/v2\/posts"}],"about":[{"href":"https:\/\/elcentinelaformosa.com\/index.php\/wp-json\/wp\/v2\/types\/post"}],"author":[{"embeddable":true,"href":"https:\/\/elcentinelaformosa.com\/index.php\/wp-json\/wp\/v2\/users\/2"}],"replies":[{"embeddable":true,"href":"https:\/\/elcentinelaformosa.com\/index.php\/wp-json\/wp\/v2\/comments?post=1822"}],"version-history":[{"count":1,"href":"https:\/\/elcentinelaformosa.com\/index.php\/wp-json\/wp\/v2\/posts\/1822\/revisions"}],"predecessor-version":[{"id":1824,"href":"https:\/\/elcentinelaformosa.com\/index.php\/wp-json\/wp\/v2\/posts\/1822\/revisions\/1824"}],"wp:featuredmedia":[{"embeddable":true,"href":"https:\/\/elcentinelaformosa.com\/index.php\/wp-json\/wp\/v2\/media\/1823"}],"wp:attachment":[{"href":"https:\/\/elcentinelaformosa.com\/index.php\/wp-json\/wp\/v2\/media?parent=1822"}],"wp:term":[{"taxonomy":"category","embeddable":true,"href":"https:\/\/elcentinelaformosa.com\/index.php\/wp-json\/wp\/v2\/categories?post=1822"},{"taxonomy":"post_tag","embeddable":true,"href":"https:\/\/elcentinelaformosa.com\/index.php\/wp-json\/wp\/v2\/tags?post=1822"}],"curies":[{"name":"wp","href":"https:\/\/api.w.org\/{rel}","templated":true}]}}