{"id":1869,"date":"2026-02-27T11:02:43","date_gmt":"2026-02-27T14:02:43","guid":{"rendered":"https:\/\/elcentinelaformosa.com\/?p=1869"},"modified":"2026-02-27T11:02:43","modified_gmt":"2026-02-27T14:02:43","slug":"la-fundacion-spa-denuncia-inaccion-ante-actos-de-crueldad-contra-los-animales-en-formosa","status":"publish","type":"post","link":"https:\/\/elcentinelaformosa.com\/index.php\/2026\/02\/27\/la-fundacion-spa-denuncia-inaccion-ante-actos-de-crueldad-contra-los-animales-en-formosa\/","title":{"rendered":"LA FUNDACI\u00d3N SPA DENUNCIA INACCI\u00d3N ANTE ACTOS DE CRUELDAD CONTRA LOS ANIMALES EN FORMOSA"},"content":{"rendered":"<p style=\"text-align: left;\"><img data-recalc-dims=\"1\" loading=\"lazy\" decoding=\"async\" class=\"alignnone size-medium wp-image-1870\" src=\"https:\/\/i0.wp.com\/elcentinelaformosa.com\/wp-content\/uploads\/2024\/08\/IMG-20240809-WA0015.jpg?resize=225%2C300\" alt=\"\" width=\"225\" height=\"300\" srcset=\"https:\/\/i0.wp.com\/elcentinelaformosa.com\/wp-content\/uploads\/2024\/08\/IMG-20240809-WA0015.jpg?resize=225%2C300&amp;ssl=1 225w, https:\/\/i0.wp.com\/elcentinelaformosa.com\/wp-content\/uploads\/2024\/08\/IMG-20240809-WA0015.jpg?resize=768%2C1024&amp;ssl=1 768w, https:\/\/i0.wp.com\/elcentinelaformosa.com\/wp-content\/uploads\/2024\/08\/IMG-20240809-WA0015.jpg?resize=576%2C768&amp;ssl=1 576w, https:\/\/i0.wp.com\/elcentinelaformosa.com\/wp-content\/uploads\/2024\/08\/IMG-20240809-WA0015.jpg?w=960&amp;ssl=1 960w\" sizes=\"auto, (max-width: 225px) 100vw, 225px\" \/><\/p>\n<p>Ante reiterados pedidos solicitando la intervenci\u00f3n de las autoridades competentes sin respuesta, la presidente de la Fundaci\u00f3n SPA Virginia Fern\u00e1ndez present\u00f3 por escrito los fundamentos sobre el cuidado de las especies protegidas en Formosa.<\/p>\n<p>Los aberrantes hechos cometidos contra las diferentes especies, yaguaret\u00e9, oso hormiguero, la destrucci\u00f3n de los espejos de agua que conforman los ecosistemas d\u00f3nde cohabitan animales multiespecies, el hacinamiento de caninos que en \u00e9stos d\u00edas mueren de fr\u00edo en los barrios perif\u00e9ricos ( villas creadas donde se alimenta vanamente la esperanza humana de recibir un techo) Son las causas que se enumeran en la nota dirigida a los responsables de cada \u00e1rea.<\/p>\n<p>El texto cita los enunciados de las leyes de protecci\u00f3n y sus fundamentos legales.<\/p>\n<p>Cabe destacar que existen pedidos anteriores sobre los hechos, pero siempre sin respuesta.<\/p>\n<p>Se apela en esta ocasi\u00f3n a la m\u00e1xima comprensi\u00f3n de la situaci\u00f3n y la empat\u00eda que deber\u00eda ser condici\u00f3n ineludible para ocupar tales espacios de responsabilidad.<\/p>\n<p><img data-recalc-dims=\"1\" loading=\"lazy\" decoding=\"async\" class=\"alignnone size-medium wp-image-1871\" src=\"https:\/\/i0.wp.com\/elcentinelaformosa.com\/wp-content\/uploads\/2024\/08\/IMG-20240805-WA0018.jpg?resize=225%2C300\" alt=\"\" width=\"225\" height=\"300\" srcset=\"https:\/\/i0.wp.com\/elcentinelaformosa.com\/wp-content\/uploads\/2024\/08\/IMG-20240805-WA0018.jpg?resize=225%2C300&amp;ssl=1 225w, https:\/\/i0.wp.com\/elcentinelaformosa.com\/wp-content\/uploads\/2024\/08\/IMG-20240805-WA0018.jpg?resize=768%2C1024&amp;ssl=1 768w, https:\/\/i0.wp.com\/elcentinelaformosa.com\/wp-content\/uploads\/2024\/08\/IMG-20240805-WA0018.jpg?resize=576%2C768&amp;ssl=1 576w, https:\/\/i0.wp.com\/elcentinelaformosa.com\/wp-content\/uploads\/2024\/08\/IMG-20240805-WA0018.jpg?w=960&amp;ssl=1 960w\" sizes=\"auto, (max-width: 225px) 100vw, 225px\" \/> <img data-recalc-dims=\"1\" loading=\"lazy\" decoding=\"async\" class=\"alignnone size-medium wp-image-1872\" src=\"https:\/\/i0.wp.com\/elcentinelaformosa.com\/wp-content\/uploads\/2024\/08\/IMG-20240805-WA0016.jpg?resize=225%2C300\" alt=\"\" width=\"225\" height=\"300\" srcset=\"https:\/\/i0.wp.com\/elcentinelaformosa.com\/wp-content\/uploads\/2024\/08\/IMG-20240805-WA0016.jpg?resize=225%2C300&amp;ssl=1 225w, https:\/\/i0.wp.com\/elcentinelaformosa.com\/wp-content\/uploads\/2024\/08\/IMG-20240805-WA0016.jpg?resize=768%2C1024&amp;ssl=1 768w, https:\/\/i0.wp.com\/elcentinelaformosa.com\/wp-content\/uploads\/2024\/08\/IMG-20240805-WA0016.jpg?resize=576%2C768&amp;ssl=1 576w, https:\/\/i0.wp.com\/elcentinelaformosa.com\/wp-content\/uploads\/2024\/08\/IMG-20240805-WA0016.jpg?w=960&amp;ssl=1 960w\" sizes=\"auto, (max-width: 225px) 100vw, 225px\" \/> <img data-recalc-dims=\"1\" loading=\"lazy\" decoding=\"async\" class=\"alignnone size-medium wp-image-1873\" src=\"https:\/\/i0.wp.com\/elcentinelaformosa.com\/wp-content\/uploads\/2024\/08\/IMG-20240805-WA0015.jpg?resize=225%2C300\" alt=\"\" width=\"225\" height=\"300\" srcset=\"https:\/\/i0.wp.com\/elcentinelaformosa.com\/wp-content\/uploads\/2024\/08\/IMG-20240805-WA0015.jpg?resize=225%2C300&amp;ssl=1 225w, https:\/\/i0.wp.com\/elcentinelaformosa.com\/wp-content\/uploads\/2024\/08\/IMG-20240805-WA0015.jpg?resize=768%2C1024&amp;ssl=1 768w, https:\/\/i0.wp.com\/elcentinelaformosa.com\/wp-content\/uploads\/2024\/08\/IMG-20240805-WA0015.jpg?resize=576%2C768&amp;ssl=1 576w, https:\/\/i0.wp.com\/elcentinelaformosa.com\/wp-content\/uploads\/2024\/08\/IMG-20240805-WA0015.jpg?w=960&amp;ssl=1 960w\" sizes=\"auto, (max-width: 225px) 100vw, 225px\" \/> <img data-recalc-dims=\"1\" loading=\"lazy\" decoding=\"async\" class=\"alignnone size-medium wp-image-1874\" src=\"https:\/\/i0.wp.com\/elcentinelaformosa.com\/wp-content\/uploads\/2024\/08\/IMG-20240805-WA0017.jpg?resize=225%2C300\" alt=\"\" width=\"225\" height=\"300\" srcset=\"https:\/\/i0.wp.com\/elcentinelaformosa.com\/wp-content\/uploads\/2024\/08\/IMG-20240805-WA0017.jpg?resize=225%2C300&amp;ssl=1 225w, https:\/\/i0.wp.com\/elcentinelaformosa.com\/wp-content\/uploads\/2024\/08\/IMG-20240805-WA0017.jpg?resize=768%2C1024&amp;ssl=1 768w, https:\/\/i0.wp.com\/elcentinelaformosa.com\/wp-content\/uploads\/2024\/08\/IMG-20240805-WA0017.jpg?resize=576%2C768&amp;ssl=1 576w, https:\/\/i0.wp.com\/elcentinelaformosa.com\/wp-content\/uploads\/2024\/08\/IMG-20240805-WA0017.jpg?w=960&amp;ssl=1 960w\" sizes=\"auto, (max-width: 225px) 100vw, 225px\" \/> <img data-recalc-dims=\"1\" loading=\"lazy\" decoding=\"async\" class=\"alignnone size-medium wp-image-1875\" src=\"https:\/\/i0.wp.com\/elcentinelaformosa.com\/wp-content\/uploads\/2024\/08\/IMG-20240805-WA0014.jpg?resize=225%2C300\" alt=\"\" width=\"225\" height=\"300\" srcset=\"https:\/\/i0.wp.com\/elcentinelaformosa.com\/wp-content\/uploads\/2024\/08\/IMG-20240805-WA0014.jpg?resize=225%2C300&amp;ssl=1 225w, https:\/\/i0.wp.com\/elcentinelaformosa.com\/wp-content\/uploads\/2024\/08\/IMG-20240805-WA0014.jpg?resize=768%2C1024&amp;ssl=1 768w, https:\/\/i0.wp.com\/elcentinelaformosa.com\/wp-content\/uploads\/2024\/08\/IMG-20240805-WA0014.jpg?resize=576%2C768&amp;ssl=1 576w, https:\/\/i0.wp.com\/elcentinelaformosa.com\/wp-content\/uploads\/2024\/08\/IMG-20240805-WA0014.jpg?w=960&amp;ssl=1 960w\" sizes=\"auto, (max-width: 225px) 100vw, 225px\" \/><\/p>\n<p>Ampliaremos.<\/p>\n<p id=\"rop\"><small>Originally posted 2024-08-12 14:12:39. <\/small><\/p>","protected":false},"excerpt":{"rendered":"<p>Ante reiterados pedidos solicitando la intervenci\u00f3n de las autoridades competentes sin respuesta, la presidente de la Fundaci\u00f3n SPA Virginia Fern\u00e1ndez present\u00f3 por escrito los fundamentos sobre el cuidado de las especies protegidas en Formosa. Los aberrantes hechos cometidos contra las diferentes especies, yaguaret\u00e9, oso hormiguero, la destrucci\u00f3n de los espejos de agua que conforman los&#8230; <a href=\"https:\/\/elcentinelaformosa.com\/index.php\/2026\/02\/27\/la-fundacion-spa-denuncia-inaccion-ante-actos-de-crueldad-contra-los-animales-en-formosa\/\">Read more: LA FUNDACI\u00d3N SPA DENUNCIA INACCI\u00d3N ANTE ACTOS DE CRUELDAD CONTRA LOS ANIMALES EN FORMOSA<\/a><\/p>\n","protected":false},"author":2,"featured_media":1871,"comment_status":"open","ping_status":"open","sticky":false,"template":"","format":"standard","meta":{"rop_custom_images_group":[],"rop_custom_messages_group":[],"rop_publish_now":"initial","rop_publish_now_accounts":{"twitter_815903348_815903348":""},"rop_publish_now_history":[],"rop_publish_now_status":"pending","h5ap_radio_sources":[],"_jetpack_memberships_contains_paid_content":false,"footnotes":"","jetpack_publicize_message":"","jetpack_publicize_feature_enabled":true,"jetpack_social_post_already_shared":true,"jetpack_social_options":{"image_generator_settings":{"template":"highway","default_image_id":0,"font":"","enabled":false},"version":2}},"categories":[6,77,1],"tags":[548,11,380],"class_list":["post-1869","post","type-post","status-publish","format-standard","has-post-thumbnail","hentry","category-el-centinela","category-redes","category-uncategorized","tag-animales-en-formosa","tag-centinela","tag-policia-de-formosa-fundacion-spa"],"aioseo_notices":[],"jetpack_publicize_connections":[],"jetpack_featured_media_url":"https:\/\/i0.wp.com\/elcentinelaformosa.com\/wp-content\/uploads\/2024\/08\/IMG-20240805-WA0018.jpg?fit=960%2C1280&ssl=1","jetpack-related-posts":[{"id":1583,"url":"https:\/\/elcentinelaformosa.com\/index.php\/2026\/01\/04\/el-colorado-formosa-se-filmaron-despellejando-gatos-asociaciones-y-fundacion-spa-busca-que-la-justicia-actue\/","url_meta":{"origin":1869,"position":0},"title":"EL COLORADO, FORMOSA: SE FILMARON DESPELLEJANDO GATOS,  ASOCIACIONES Y FUNDACI\u00d3N SPA BUSCA QUE LA JUSTICIA ACT\u00daE","author":"Admin","date":"enero 4, 2026","format":false,"excerpt":"Virginia Fern\u00e1ndez, presidenta de la Fundaci\u00f3n Protectora de Animales, S.P.A, se constituy\u00f3 como querellante en la causa de los gatos despellejados por j\u00f3venes en El Colorado. Hoy acudimos a la Fiscal\u00eda de la Justicia de Formosa, para RATIFICAR la denuncia de un luctuoso crimen que habr\u00eda sido perpetrado en perjuicio\u2026","rel":"","context":"En &quot;El Centinela&quot;","block_context":{"text":"El Centinela","link":"https:\/\/elcentinelaformosa.com\/index.php\/category\/el-centinela\/"},"img":{"alt_text":"","src":"https:\/\/i0.wp.com\/elcentinelaformosa.com\/wp-content\/uploads\/2023\/03\/IMG-20230301-WA0047.jpg?fit=1200%2C900&ssl=1&resize=350%2C200","width":350,"height":200,"srcset":"https:\/\/i0.wp.com\/elcentinelaformosa.com\/wp-content\/uploads\/2023\/03\/IMG-20230301-WA0047.jpg?fit=1200%2C900&ssl=1&resize=350%2C200 1x, https:\/\/i0.wp.com\/elcentinelaformosa.com\/wp-content\/uploads\/2023\/03\/IMG-20230301-WA0047.jpg?fit=1200%2C900&ssl=1&resize=525%2C300 1.5x, https:\/\/i0.wp.com\/elcentinelaformosa.com\/wp-content\/uploads\/2023\/03\/IMG-20230301-WA0047.jpg?fit=1200%2C900&ssl=1&resize=700%2C400 2x, https:\/\/i0.wp.com\/elcentinelaformosa.com\/wp-content\/uploads\/2023\/03\/IMG-20230301-WA0047.jpg?fit=1200%2C900&ssl=1&resize=1050%2C600 3x"},"classes":[]},{"id":1789,"url":"https:\/\/elcentinelaformosa.com\/index.php\/2026\/01\/04\/fundacion-spa-al-auxilio-de-ayuda-por-equino\/","url_meta":{"origin":1869,"position":1},"title":"FUNDACI\u00d3N SPA AL AUXILIO DE AYUDA POR EQUINO","author":"Admin","date":"enero 4, 2026","format":false,"excerpt":"En el transcurso del d\u00eda s\u00e1bado 2 de marzo la presidente de la Fundaci\u00f3n SPA, Se\u00f1ora Virginia Fern\u00e1ndez en compa\u00f1\u00eda de colaboradores ( proteccionistas y comunicadores) se traslad\u00f3 a la localidad de moj\u00f3n de Fierro, (Formosa) para responder a un pedido de auxilio para un potrillo que hab\u00edan visto en\u2026","rel":"","context":"En &quot;El Centinela&quot;","block_context":{"text":"El Centinela","link":"https:\/\/elcentinelaformosa.com\/index.php\/category\/el-centinela\/"},"img":{"alt_text":"","src":"https:\/\/i0.wp.com\/elcentinelaformosa.com\/wp-content\/uploads\/2024\/03\/20240303_190821-ANIMATION.gif?fit=1032%2C694&ssl=1&resize=350%2C200","width":350,"height":200,"srcset":"https:\/\/i0.wp.com\/elcentinelaformosa.com\/wp-content\/uploads\/2024\/03\/20240303_190821-ANIMATION.gif?fit=1032%2C694&ssl=1&resize=350%2C200 1x, https:\/\/i0.wp.com\/elcentinelaformosa.com\/wp-content\/uploads\/2024\/03\/20240303_190821-ANIMATION.gif?fit=1032%2C694&ssl=1&resize=525%2C300 1.5x, https:\/\/i0.wp.com\/elcentinelaformosa.com\/wp-content\/uploads\/2024\/03\/20240303_190821-ANIMATION.gif?fit=1032%2C694&ssl=1&resize=700%2C400 2x"},"classes":[]},{"id":816,"url":"https:\/\/elcentinelaformosa.com\/index.php\/2026\/02\/28\/fundacion-spa-virginia-fernandeza-una-vida-dedicada-al-proteccionismo-antiespecista\/","url_meta":{"origin":1869,"position":2},"title":"FUNDACI\u00d3N SPA; VIRGINIA FERN\u00c1NDEZ. UNA VIDA DEDICADA AL PROTECCIONISMO ANTIESPECISTA (PRIMERA PARTE)","author":"Admin","date":"febrero 28, 2026","format":false,"excerpt":"RESCATE Y PROTECCI\u00d3N ANIMAL Y AMBIENTAL: UNA HISTORIA DE VIDA DESDE EL A\u00d1O 1987 La Fundaci\u00f3n SPA, la ORGANIZACI\u00d3N NO GUBERNAMENTAL que preside la Se\u00f1ora Virginia Fern\u00e1ndez comienza en una casa particular, albergando a 60 perros, abandonados y hasta un mono caray\u00e1(aut\u00f3ctono), tambi\u00e9n un mono tiki o meriquin\u00e1\u00a0 (no aut\u00f3ctono)\u2026","rel":"","context":"En &quot;Derecho snimal&quot;","block_context":{"text":"Derecho snimal","link":"https:\/\/elcentinelaformosa.com\/index.php\/category\/derecho-snimal\/"},"img":{"alt_text":"","src":"https:\/\/i0.wp.com\/elcentinelaformosa.com\/wp-content\/uploads\/2021\/06\/wp-16248975402705103123419609281797.jpg?fit=989%2C753&ssl=1&resize=350%2C200","width":350,"height":200,"srcset":"https:\/\/i0.wp.com\/elcentinelaformosa.com\/wp-content\/uploads\/2021\/06\/wp-16248975402705103123419609281797.jpg?fit=989%2C753&ssl=1&resize=350%2C200 1x, https:\/\/i0.wp.com\/elcentinelaformosa.com\/wp-content\/uploads\/2021\/06\/wp-16248975402705103123419609281797.jpg?fit=989%2C753&ssl=1&resize=525%2C300 1.5x, https:\/\/i0.wp.com\/elcentinelaformosa.com\/wp-content\/uploads\/2021\/06\/wp-16248975402705103123419609281797.jpg?fit=989%2C753&ssl=1&resize=700%2C400 2x"},"classes":[]},{"id":1858,"url":"https:\/\/elcentinelaformosa.com\/index.php\/2026\/01\/04\/animales-en-situacion-de-maltrato-y-crueldad-en-barrios-de-formosa\/","url_meta":{"origin":1869,"position":3},"title":"ANIMALES EN SITUACION DE MALTRATO Y CRUELDAD EN BARRIOS DE FORMOSA","author":"Admin","date":"enero 4, 2026","format":false,"excerpt":"La presidente de la Fundaci\u00f3n de Protecci\u00f3n animal y ambiental de Formosa ( SPA), Se\u00f1ora Virginia Fern\u00e1ndez denunci\u00f3 la situaci\u00f3n de maltrato y actos de crueldad hacia los animales en los sectores m\u00e1s precarios del barrio Lisbel Rivira, espec\u00edficamente entre las calles Sergio Godoy y Abraham ( pasillo) ubicado en\u2026","rel":"","context":"En &quot;Derecho Animal&quot;","block_context":{"text":"Derecho Animal","link":"https:\/\/elcentinelaformosa.com\/index.php\/category\/derecho-animal\/"},"img":{"alt_text":"","src":"https:\/\/i0.wp.com\/elcentinelaformosa.com\/wp-content\/uploads\/2024\/07\/20240710_111027-ANIMATION.gif?fit=774%2C581&ssl=1&resize=350%2C200","width":350,"height":200,"srcset":"https:\/\/i0.wp.com\/elcentinelaformosa.com\/wp-content\/uploads\/2024\/07\/20240710_111027-ANIMATION.gif?fit=774%2C581&ssl=1&resize=350%2C200 1x, https:\/\/i0.wp.com\/elcentinelaformosa.com\/wp-content\/uploads\/2024\/07\/20240710_111027-ANIMATION.gif?fit=774%2C581&ssl=1&resize=525%2C300 1.5x, https:\/\/i0.wp.com\/elcentinelaformosa.com\/wp-content\/uploads\/2024\/07\/20240710_111027-ANIMATION.gif?fit=774%2C581&ssl=1&resize=700%2C400 2x"},"classes":[]},{"id":1762,"url":"https:\/\/elcentinelaformosa.com\/index.php\/2026\/01\/04\/formosa-pozo-del-tigre-dolor-y-muerte-por-envenenamiento-masivo\/","url_meta":{"origin":1869,"position":4},"title":"FORMOSA, POZO DEL TIGRE: DOLOR Y MUERTE POR ENVENENAMIENTO MASIVO","author":"Admin","date":"enero 4, 2026","format":false,"excerpt":"La localidad del oeste formose\u00f1o denominada Pozo del Tigre donde parecer\u00eda no existir la ley, especialmente la ley Nacional 14346, una vez m\u00e1s, fue testigo callado de crueldad contra\u00a0 personas no humanas. Hace pocos d\u00edas en la misma localidad que asesinaran a palazos a un caballo atado a un palenque\u2026","rel":"","context":"En &quot;El Centinela&quot;","block_context":{"text":"El Centinela","link":"https:\/\/elcentinelaformosa.com\/index.php\/category\/el-centinela\/"},"img":{"alt_text":"","src":"https:\/\/i0.wp.com\/elcentinelaformosa.com\/wp-content\/uploads\/2024\/01\/IMG-20240104-WA0009.jpg?fit=1200%2C903&ssl=1&resize=350%2C200","width":350,"height":200,"srcset":"https:\/\/i0.wp.com\/elcentinelaformosa.com\/wp-content\/uploads\/2024\/01\/IMG-20240104-WA0009.jpg?fit=1200%2C903&ssl=1&resize=350%2C200 1x, https:\/\/i0.wp.com\/elcentinelaformosa.com\/wp-content\/uploads\/2024\/01\/IMG-20240104-WA0009.jpg?fit=1200%2C903&ssl=1&resize=525%2C300 1.5x, https:\/\/i0.wp.com\/elcentinelaformosa.com\/wp-content\/uploads\/2024\/01\/IMG-20240104-WA0009.jpg?fit=1200%2C903&ssl=1&resize=700%2C400 2x, https:\/\/i0.wp.com\/elcentinelaformosa.com\/wp-content\/uploads\/2024\/01\/IMG-20240104-WA0009.jpg?fit=1200%2C903&ssl=1&resize=1050%2C600 3x"},"classes":[]},{"id":1546,"url":"https:\/\/elcentinelaformosa.com\/index.php\/2026\/01\/04\/obras-del-sanjon-de-itati-2-perjudica-y-enferma-a-los-animales-de-la-fundacion-protectora\/","url_meta":{"origin":1869,"position":5},"title":"OBRAS DEL SANJON DE ITAT\u00cd 2 PERJUDICA Y ENFERMA A LOS ANIMALES DE LA FUNDACI\u00d3N PROTECTORA","author":"Admin","date":"enero 4, 2026","format":false,"excerpt":"Recientemente la Presidente de la Fundaci\u00f3n SPA de Formosa expreso a trav\u00e9s de medios de comunicaci\u00f3n social la situaci\u00f3n angustiante y de constante peligro que viven los animales de la Fundaci\u00f3n SPA del Barrio San Antonio de la ciudad de Formosa, provincia del mismo nombre. .. \"\u00c9sto empezo antes de\u2026","rel":"","context":"Entrada similar ","block_context":{"text":"Entrada similar ","link":""},"img":{"alt_text":"","src":"https:\/\/i0.wp.com\/elcentinelaformosa.com\/wp-content\/uploads\/2023\/01\/IMG-20230103-WA0013-1.jpg?fit=900%2C1200&ssl=1&resize=350%2C200","width":350,"height":200,"srcset":"https:\/\/i0.wp.com\/elcentinelaformosa.com\/wp-content\/uploads\/2023\/01\/IMG-20230103-WA0013-1.jpg?fit=900%2C1200&ssl=1&resize=350%2C200 1x, https:\/\/i0.wp.com\/elcentinelaformosa.com\/wp-content\/uploads\/2023\/01\/IMG-20230103-WA0013-1.jpg?fit=900%2C1200&ssl=1&resize=525%2C300 1.5x, https:\/\/i0.wp.com\/elcentinelaformosa.com\/wp-content\/uploads\/2023\/01\/IMG-20230103-WA0013-1.jpg?fit=900%2C1200&ssl=1&resize=700%2C400 2x"},"classes":[]}],"jetpack_sharing_enabled":true,"jetpack_likes_enabled":true,"_links":{"self":[{"href":"https:\/\/elcentinelaformosa.com\/index.php\/wp-json\/wp\/v2\/posts\/1869","targetHints":{"allow":["GET"]}}],"collection":[{"href":"https:\/\/elcentinelaformosa.com\/index.php\/wp-json\/wp\/v2\/posts"}],"about":[{"href":"https:\/\/elcentinelaformosa.com\/index.php\/wp-json\/wp\/v2\/types\/post"}],"author":[{"embeddable":true,"href":"https:\/\/elcentinelaformosa.com\/index.php\/wp-json\/wp\/v2\/users\/2"}],"replies":[{"embeddable":true,"href":"https:\/\/elcentinelaformosa.com\/index.php\/wp-json\/wp\/v2\/comments?post=1869"}],"version-history":[{"count":1,"href":"https:\/\/elcentinelaformosa.com\/index.php\/wp-json\/wp\/v2\/posts\/1869\/revisions"}],"predecessor-version":[{"id":1876,"href":"https:\/\/elcentinelaformosa.com\/index.php\/wp-json\/wp\/v2\/posts\/1869\/revisions\/1876"}],"wp:featuredmedia":[{"embeddable":true,"href":"https:\/\/elcentinelaformosa.com\/index.php\/wp-json\/wp\/v2\/media\/1871"}],"wp:attachment":[{"href":"https:\/\/elcentinelaformosa.com\/index.php\/wp-json\/wp\/v2\/media?parent=1869"}],"wp:term":[{"taxonomy":"category","embeddable":true,"href":"https:\/\/elcentinelaformosa.com\/index.php\/wp-json\/wp\/v2\/categories?post=1869"},{"taxonomy":"post_tag","embeddable":true,"href":"https:\/\/elcentinelaformosa.com\/index.php\/wp-json\/wp\/v2\/tags?post=1869"}],"curies":[{"name":"wp","href":"https:\/\/api.w.org\/{rel}","templated":true}]}}