{"id":1909,"date":"2026-04-01T10:15:51","date_gmt":"2026-04-01T13:15:51","guid":{"rendered":"https:\/\/elcentinelaformosa.com\/?p=1909"},"modified":"2026-04-01T10:15:51","modified_gmt":"2026-04-01T13:15:51","slug":"cuidados-fundamentales-del-perro-anciano","status":"publish","type":"post","link":"https:\/\/elcentinelaformosa.com\/index.php\/2026\/04\/01\/cuidados-fundamentales-del-perro-anciano\/","title":{"rendered":"Cuidados fundamentales del perro anciano"},"content":{"rendered":"<p>Nuestros adorables viejitos.\u00a0 \u00a0 A pesar de sus a\u00f1os, siguen siendo nuestros mejores compa\u00f1eros, y a quienes m\u00e1s queremos en este mundo.<\/p>\n<p>Por eso y de la misma manera que hemos hecho en todas las etapas de su vida, cuidar del bienestar del <strong>perro anciano<\/strong>\u00a0es fundamental para garantizarle una buena calidad de vida en sus \u00faltimos a\u00f1os. Una manera de acompa\u00f1arle pero, tambi\u00e9n, de velar por su salud.<\/p>\n<p>De la misma manera que sucede con un humano, un perro anciano se\u00a0<strong>parece a un cachorro en muchos aspectos<\/strong>. Cuando son peque\u00f1os, sabemos que debemos extremar las precauciones en muchas cosas. Y en qu\u00e9 se parecen, entonces, los perros ancianos a los casi reci\u00e9n nacidos? En que, como ellos, <strong>necesitan toda nuestra atenci\u00f3n y cuidados<\/strong>\u00a0extra. Y s\u00ed, tambi\u00e9n paciencia. Porque a medida que nuestro perro envejezca, su dependencia y nivel de necesidades ir\u00e1n en aumento.<\/p>\n<p>No cabe duda: como cuando era peque\u00f1o,<strong>\u00a0todo el cari\u00f1o y dedicaci\u00f3n\u00a0<\/strong>son poco para ese perro anciano que nos ha acompa\u00f1ado fielmente en nuestra vida. As\u00ed que nada como saber qu\u00e9 necesita para mimarle como se merece.<\/p>\n<h2 class=\"wp-block-heading\"><span id=\"COMO_SABER_QUE_MI_PERRO_ES_UN_PERRO_ANCIANO\">\u00bfC\u00d3MO SABER QUE MI PERRO ES UN PERRO ANCIANO?<\/span><\/h2>\n<p>Se considera perro anciano a <strong>todo aquel can que haya sobrepasado los 10 a\u00f1os<\/strong>. Sin embargo, no es exactamente as\u00ed por una raz\u00f3n de peso: la esperanza de vida de los perros var\u00eda mucho en funci\u00f3n de su tama\u00f1o. Mientras un perro de raza grande tiene una esperanza de vida de 12 a\u00f1os y se considera perro anciano normalmente a partir de los 9, en el caso de los perros peque\u00f1os es distinto. Su esperanza de vida oscila entre los 15 y los 20 a\u00f1os, y hay muchos que comienzan a notar el peso de lo edad superada la barrera de los 12.<\/p>\n<p><img data-recalc-dims=\"1\" loading=\"lazy\" decoding=\"async\" class=\"aligncenter size-full wp-image-22147 lazyloaded\" src=\"https:\/\/i0.wp.com\/verdecora.es\/blog\/wp-content\/uploads\/2021\/12\/perros-viejos-1.jpg.webp?resize=550%2C385&#038;ssl=1\" sizes=\"auto, (max-width: 550px) 100vw, 550px\" srcset=\"https:\/\/verdecora.es\/blog\/wp-content\/uploads\/2021\/12\/perros-viejos-1.jpg.webp 550w, https:\/\/verdecora.es\/blog\/wp-content\/uploads\/2021\/12\/perros-viejos-1-300x210.jpg.webp 300w\" alt=\"Caracter\u00edsticas de un perro anciano\" width=\"550\" height=\"385\" data-lazy-src-webp=\"https:\/\/verdecora.es\/blog\/wp-content\/uploads\/2021\/12\/perros-viejos-1.jpg.webp\" data-lazy-srcset-webp=\"https:\/\/verdecora.es\/blog\/wp-content\/uploads\/2021\/12\/perros-viejos-1.jpg.webp 550w, https:\/\/verdecora.es\/blog\/wp-content\/uploads\/2021\/12\/perros-viejos-1-300x210.jpg.webp 300w\" data-ll-status=\"loaded\" \/><\/p>\n<p>Al margen de esto, hay otros detalles que nos indican que nuestro adorable peludo se est\u00e1 convirtiendo en un perro anciano. El primero de ellos es la\u00a0<strong>presencia de canas en la cara<\/strong>. Este tipo de pelo blanco comienza a aparecer en torno al hocico y, a medida que nuestro animal envejece, se va extendiendo hasta poblar todo el rostro. Pero no es el \u00fanico cambio f\u00edsico que un perro anciano experimenta: el paso del tiempo tambi\u00e9n\u00a0<strong>se manifiesta en la forma de caminar y en la mirada<\/strong>. En lo primero, notaremos que lo hacen m\u00e1s despacio y de forma m\u00e1s cansada. En lo que respecta a lo segundo, podremos detectarlo en que los p\u00e1rpados suelen estar m\u00e1s ca\u00eddos sobre los ojos.<\/p>\n<h3 class=\"wp-block-heading\"><span id=\"Su_estado_animico_otro_detalle_importante\">Su estado an\u00edmico, otro detalle importante<\/span><\/h3>\n<p>Adem\u00e1s de las manifestaciones f\u00edsicas, hay otro detalle que nos indicar\u00e1 que nuestro perro se est\u00e1 haciendo mayor: un\u00a0<strong>cambio notable en su comportamiento<\/strong>. No solo estar\u00e1 menos activo y, probablemente, duerma m\u00e1s horas durante el d\u00eda. Tambi\u00e9n demandar\u00e1 m\u00e1s mimos y buscar\u00e1 m\u00e1s todav\u00eda la compa\u00f1\u00eda de los humanos con los que comparte su vida. Es mas: aunque estuviera acostumbrado, es m\u00e1s que probable que empiece a manifestar su desacuerdo con quedarse solo. No te enfades: solo estar\u00e1 tratando de decirte, a su manera, que se siente indefenso.<\/p>\n<h2 class=\"wp-block-heading\"><span id=\"QUE_CUIDADOS_NECESITA_UN_PERRO_ANCIANO\">QU\u00c9 CUIDADOS NECESITA UN PERRO ANCIANO<\/span><\/h2>\n<p>qu\u00e9 demanda nuestro can cuando llega a su tercera edad?\u00a0 Unos cuidados que no son complicados y que implican, \u00fanicamente, tomar conciencia de la nueva etapa en la que est\u00e1 nuestro animal.<\/p>\n<p>Y no:\u00a0<strong>no son cuidados dif\u00edciles<\/strong>. Son, m\u00e1s bien, espec\u00edficos y suponen cuidar a nuestro perro en una dimensi\u00f3n fundamentalmente f\u00edsica pero, tambi\u00e9n, emocional.<\/p>\n<h3 class=\"wp-block-heading\"><span id=\"1_Una_alimentacion_acorde_a_su_edad_el_punto_de_partida\">1. Una alimentaci\u00f3n acorde a su edad, el punto de partida<\/span><\/h3>\n<p>Crucial y vital. Si en cualquier momento de su vida la alimentaci\u00f3n \u00a0juega un papel fundamental, en el caso de un perro anciano es todav\u00eda m\u00e1s importante. De ella depender\u00e1 buena parte de su salud pero, tambi\u00e9n, de su buen tono general. Algo que repercutir\u00e1 directamente en su humor y en su nivel de actividad f\u00edsica.<\/p>\n<p>Si nuestro perro llega a su tercera edad con problemas dentales, tendremos que optar<strong> por la comida h\u00fameda<\/strong>. No solo le ayudar\u00e1 a estar m\u00e1s hidratado: tambi\u00e9n evitar\u00e1 castigar todav\u00eda m\u00e1s su dentadura.<\/p>\n<h3 class=\"wp-block-heading\"><span id=\"2_Un_tiempo_diario_solo_para_el_crucial_para_su_salud_emocional\">2. Un tiempo diario solo para \u00e9l, crucial para su salud emocional<\/span><\/h3>\n<p>Como dec\u00edamos antes, nuestros viejitos peludos tienen tendencia a volverse\u00a0<strong>m\u00e1s demandantes de cari\u00f1o y atenci\u00f3n<\/strong>. Una petici\u00f3n que implica, incluso llevando una vida ajetreada, dedicarles un rato diario solamente para ellos. Y, aunque resulte complicado de entender, este tiempo es tan fundamental como cuidar qu\u00e9 comen. Supondr\u00e1 cuidar de su buena salud emocional, y en esta etapa de su vida es tan importante como el resto.<\/p>\n<p><img data-recalc-dims=\"1\" loading=\"lazy\" decoding=\"async\" class=\"aligncenter size-full wp-image-22153 lazyloaded\" src=\"https:\/\/i0.wp.com\/verdecora.es\/blog\/wp-content\/uploads\/2021\/12\/cuidados-perro-viejo.jpg.webp?resize=550%2C367&#038;ssl=1\" sizes=\"auto, (max-width: 550px) 100vw, 550px\" srcset=\"https:\/\/verdecora.es\/blog\/wp-content\/uploads\/2021\/12\/cuidados-perro-viejo.jpg.webp 550w, https:\/\/verdecora.es\/blog\/wp-content\/uploads\/2021\/12\/cuidados-perro-viejo-300x200.jpg.webp 300w\" alt=\"Cuidados emocionales de un perro viejo\" width=\"550\" height=\"367\" data-lazy-src-webp=\"https:\/\/verdecora.es\/blog\/wp-content\/uploads\/2021\/12\/cuidados-perro-viejo.jpg.webp\" data-lazy-srcset-webp=\"https:\/\/verdecora.es\/blog\/wp-content\/uploads\/2021\/12\/cuidados-perro-viejo.jpg.webp 550w, https:\/\/verdecora.es\/blog\/wp-content\/uploads\/2021\/12\/cuidados-perro-viejo-300x200.jpg.webp 300w\" data-ll-status=\"loaded\" \/><\/p>\n<p>Adem\u00e1s de esto,\u00a0<strong>debemos fomentar y compartir con \u00e9l el juego<\/strong>. M\u00e1s all\u00e1 de ser una bonita manera de pasar tiempo juntos, tambi\u00e9n favorecer\u00e1 que su mente se mantenga activa y despierta.<\/p>\n<h3 class=\"wp-block-heading\"><span id=\"3_Un_rango_de_actividad_fisica_constante_y_sosegada_clave_para_el_perro_anciano\">3. Un rango de actividad f\u00edsica constante y sosegada, clave para el perro anciano<\/span><\/h3>\n<p>Aunque le veamos mayor, nuestro perro contin\u00faa necesitando un m\u00ednimo de ejercicio. Eso s\u00ed: adaptado a su edad pero, sobre todo, a su estado. A pesar de que no sea el de antes y no podamos someterle a grandes caminatas o carreras, es importante que continuemos teniendo\u00a0<strong>una pauta regular de actividad<\/strong>\u00a0y que \u00e9sta sea m\u00e1s calmada. Aunque acortemos nuestros paseos o ralenticemos el ritmo, esta actividad ayudar\u00e1 a mantener su musculatura y jugar\u00e1 a favor de sus articulaciones.<\/p>\n<figure id=\"attachment_22149\" class=\"wp-caption aligncenter\" aria-describedby=\"caption-attachment-22149\"><figcaption id=\"caption-attachment-22149\" class=\"wp-caption-text\">Cuida de las articulaciones de tu perro y alivia sus molestias. Adem\u00e1s de esto, otro detalle fundamental: elegir muy bien cu\u00e1ndo salir a pasear con \u00e9l. No solo tendremos que <strong>evitar las horas de m\u00e1s calor del d\u00eda sino, tambi\u00e9n, las de fr\u00edo<\/strong>. Las altas temperaturas pueden sofocar en exceso a nuestro animal, pero cuando el term\u00f3metro baja puede hacer que sus articulaciones sufran m\u00e1s de la cuenta.<\/figcaption><\/figure>\n<p><strong>Eso s\u00ed: paciencia<\/strong>. Un perro anciano se tomar\u00e1 el paseo con mucha m\u00e1s calma y, por m\u00e1s prisa que tengamos, no podemos transmit\u00edrsela.\u00a0 Es probable que se canse mucho m\u00e1s de lo que pensamos y que la caminata le suponga, en muchos aspectos, un aut\u00e9ntico esfuerzo. Es m\u00e1s: no perdamos de vista que, como los humanos, un perro anciano<strong>\u00a0puede tener p\u00e9rdidas de visi\u00f3n<\/strong>\u00a0que le generen inseguridad durante el paseo. Por ello, no podemos ser m\u00e1s que comprensivos y acompa\u00f1arle con cari\u00f1o en todo momento.<\/p>\n<h3 class=\"wp-block-heading\"><span id=\"4_Un_lugar_comodo_para_descansar_tan_importante_como_cuidar_de_su_sueno\">4. Un lugar c\u00f3modo para descansar, tan importante como cuidar de su sue\u00f1o<\/span><\/h3>\n<p>Es habitual que un perro anciano tenga\u00a0<strong>problemas para descansar correctamente<\/strong>. En ocasiones, porque tienen un deterioro cognitivo que hace que se desorientan con la oscuridad. En otras, por una de las dolencias m\u00e1s habituales: la\u00a0<strong><a href=\"https:\/\/verdecora.es\/blog\/artrosis-perros\" target=\"_blank\" rel=\"noreferrer noopener\">artrosis en perros<\/a><\/strong>.<\/p>\n<p><img data-recalc-dims=\"1\" loading=\"lazy\" decoding=\"async\" class=\"aligncenter size-full wp-image-22154 lazyloaded\" src=\"https:\/\/i0.wp.com\/verdecora.es\/blog\/wp-content\/uploads\/2021\/12\/perro-descansando.jpg.webp?resize=550%2C367&#038;ssl=1\" sizes=\"auto, (max-width: 550px) 100vw, 550px\" srcset=\"https:\/\/verdecora.es\/blog\/wp-content\/uploads\/2021\/12\/perro-descansando.jpg.webp 550w, https:\/\/verdecora.es\/blog\/wp-content\/uploads\/2021\/12\/perro-descansando-300x200.jpg.webp 300w\" alt=\"El sue\u00f1o, importante en el perro anciano\" width=\"550\" height=\"367\" data-lazy-src-webp=\"https:\/\/verdecora.es\/blog\/wp-content\/uploads\/2021\/12\/perro-descansando.jpg.webp\" data-lazy-srcset-webp=\"https:\/\/verdecora.es\/blog\/wp-content\/uploads\/2021\/12\/perro-descansando.jpg.webp 550w, https:\/\/verdecora.es\/blog\/wp-content\/uploads\/2021\/12\/perro-descansando-300x200.jpg.webp 300w\" data-ll-status=\"loaded\" \/><\/p>\n<p>En cualquier caso, velar porque nuestro viejito descanse correctamente es fundamental. Algo que podemos conseguir\u00a0<strong>creando un espacio tranquilo y libre de obst\u00e1culos<\/strong>\u00a0para \u00e9l pero, tambi\u00e9n, ofreci\u00e9ndole un espacio para descansar acorde a sus necesidades optando por\u00a0<strong><a href=\"https:\/\/verdecora.es\/3555-camas-y-cunas-perro\" target=\"_blank\" rel=\"noreferrer noopener\">camas y cunas para perros<\/a><\/strong>\u00a0que les permitan sentirse c\u00f3modos.<\/p>\n<h3 class=\"wp-block-heading\"><span id=\"5_Un_cuidado_constante_del_pelo_el_ultimo_detalle_a_mimar\">5. Un cuidado constante del pelo, el \u00faltimo detalle a mimar<\/span><\/h3>\n<p>Si en l\u00edneas generales saber\u00a0<strong><a href=\"https:\/\/verdecora.es\/blog\/como-cuidar-pelo-perro-correctamente\" target=\"_blank\" rel=\"noreferrer noopener\">c\u00f3mo cuidar el pelo de un perro correctamente<\/a><\/strong>\u00a0es fundamental, lo es todav\u00eda m\u00e1s cuando se hacen mayores. Y es que, en esta \u00e9poca, el pelaje de nuestro can\u00a0<strong>no lucir\u00e1 tan vigoroso ni tan lustroso<\/strong> como sol\u00eda. Y no, no es extraordinario: es solo una consecuencia del paso de los a\u00f1os.<\/p>\n<p>Por ello, es importante mantener una\u00a0<strong>pauta regular y constante\u00a0<\/strong>en los cuidados de su pelo. No solo permitir\u00e1 mantenerlo limpio sino que, adem\u00e1s, evitaremos posibles dolencias o infecciones derivadas de un mal mantenimiento de su piel.<\/p>\n<p class=\"has-text-align-center\"><strong>No escatimar en cuidados, en mimos y en atenciones con tu perro anciano. Ahora m\u00e1s que nunca, \u00e9l te lo agradecer\u00e1. Una preciosa manera de devolverle solo un poco del amor que \u00e9l te ha dado a lo largo de su vida.<\/strong><\/p>\n<p id=\"rop\"><small>Originally posted 2024-11-11 16:46:18. <\/small><\/p>","protected":false},"excerpt":{"rendered":"<p>Nuestros adorables viejitos.\u00a0 \u00a0 A pesar de sus a\u00f1os, siguen siendo nuestros mejores compa\u00f1eros, y a quienes m\u00e1s queremos en este mundo. Por eso y de la misma manera que hemos hecho en todas las etapas de su vida, cuidar del bienestar del perro anciano\u00a0es fundamental para garantizarle una buena calidad de vida en sus&#8230; <a href=\"https:\/\/elcentinelaformosa.com\/index.php\/2026\/04\/01\/cuidados-fundamentales-del-perro-anciano\/\">Read more: Cuidados fundamentales del perro anciano<\/a><\/p>\n","protected":false},"author":2,"featured_media":1910,"comment_status":"open","ping_status":"open","sticky":false,"template":"","format":"standard","meta":{"rop_custom_images_group":[],"rop_custom_messages_group":[],"rop_publish_now":"initial","rop_publish_now_accounts":{"twitter_815903348_815903348":""},"rop_publish_now_history":[],"rop_publish_now_status":"pending","h5ap_radio_sources":[],"_jetpack_memberships_contains_paid_content":false,"footnotes":"","jetpack_publicize_message":"","jetpack_publicize_feature_enabled":true,"jetpack_social_post_already_shared":true,"jetpack_social_options":{"image_generator_settings":{"template":"highway","default_image_id":0,"font":"","enabled":false},"version":2}},"categories":[1],"tags":[],"class_list":["post-1909","post","type-post","status-publish","format-standard","has-post-thumbnail","hentry","category-uncategorized"],"aioseo_notices":[],"jetpack_publicize_connections":[],"jetpack_featured_media_url":"https:\/\/i0.wp.com\/elcentinelaformosa.com\/wp-content\/uploads\/2024\/11\/Screenshot_20241111-164233.png?fit=877%2C690&ssl=1","jetpack-related-posts":[{"id":2079,"url":"https:\/\/elcentinelaformosa.com\/index.php\/2026\/01\/04\/la-necesidad-de-proteccion-para-toda-la-familia-durante-el-frio\/","url_meta":{"origin":1909,"position":0},"title":"LA NECESIDAD DE PROTECCI\u00d3N PARA TODA LA FAMILIA DURANTE EL FR\u00cdO","author":"Admin","date":"enero 4, 2026","format":false,"excerpt":"Comenz\u00f3 en invierno y nuevas necesidades surgen para el bienestar de la familia y todos sus integrantes. Los animalitos de la casa, as\u00ed como los ni\u00f1os y ancianos necesitan cuidados especiales para mantenerse saludables y sin complicaciones. A ra\u00edz de esta eventualidad t\u00edpica de los meses que corren en la\u2026","rel":"","context":"En \"formosa\"","block_context":{"text":"formosa","link":"https:\/\/elcentinelaformosa.com\/index.php\/tag\/formosa\/"},"img":{"alt_text":"","src":"https:\/\/i0.wp.com\/elcentinelaformosa.com\/wp-content\/uploads\/2025\/06\/Screenshot_20250623-122103.png?fit=933%2C580&ssl=1&resize=350%2C200","width":350,"height":200,"srcset":"https:\/\/i0.wp.com\/elcentinelaformosa.com\/wp-content\/uploads\/2025\/06\/Screenshot_20250623-122103.png?fit=933%2C580&ssl=1&resize=350%2C200 1x, https:\/\/i0.wp.com\/elcentinelaformosa.com\/wp-content\/uploads\/2025\/06\/Screenshot_20250623-122103.png?fit=933%2C580&ssl=1&resize=525%2C300 1.5x, https:\/\/i0.wp.com\/elcentinelaformosa.com\/wp-content\/uploads\/2025\/06\/Screenshot_20250623-122103.png?fit=933%2C580&ssl=1&resize=700%2C400 2x"},"classes":[]},{"id":1840,"url":"https:\/\/elcentinelaformosa.com\/index.php\/2026\/01\/04\/adopcion-si-comprar-animales-es-una-crueldad\/","url_meta":{"origin":1909,"position":1},"title":"ADOPCI\u00d3N SI, COMPRA NO: VENDER  Y COMPRAR ANIMALES ES UNA CRUELDAD","author":"Admin","date":"enero 4, 2026","format":false,"excerpt":"Son las expresiones del famoso actor brit\u00e1nico Tom Hardy en una entrevista. Iron\u00edas de la vida... Gente sin recursos que no adopta perros criollos porque \" compran uno de raza\" .\u00a0 El famoso y adinerado actor Tom Hardy llev\u00f3 a su perro adoptado Woody a la presentaci\u00f3n de una de\u2026","rel":"","context":"En &quot;El Centinela&quot;","block_context":{"text":"El Centinela","link":"https:\/\/elcentinelaformosa.com\/index.php\/category\/el-centinela\/"},"img":{"alt_text":"","src":"https:\/\/i0.wp.com\/elcentinelaformosa.com\/wp-content\/uploads\/2024\/07\/Screenshot_20240701-043305.png?fit=1080%2C1063&ssl=1&resize=350%2C200","width":350,"height":200,"srcset":"https:\/\/i0.wp.com\/elcentinelaformosa.com\/wp-content\/uploads\/2024\/07\/Screenshot_20240701-043305.png?fit=1080%2C1063&ssl=1&resize=350%2C200 1x, https:\/\/i0.wp.com\/elcentinelaformosa.com\/wp-content\/uploads\/2024\/07\/Screenshot_20240701-043305.png?fit=1080%2C1063&ssl=1&resize=525%2C300 1.5x, https:\/\/i0.wp.com\/elcentinelaformosa.com\/wp-content\/uploads\/2024\/07\/Screenshot_20240701-043305.png?fit=1080%2C1063&ssl=1&resize=700%2C400 2x, https:\/\/i0.wp.com\/elcentinelaformosa.com\/wp-content\/uploads\/2024\/07\/Screenshot_20240701-043305.png?fit=1080%2C1063&ssl=1&resize=1050%2C600 3x"},"classes":[]},{"id":337,"url":"https:\/\/elcentinelaformosa.com\/index.php\/2026\/02\/27\/vecinos-denuncian-que-estarian-fabricando-embutidos-con-carne-de-perros\/","url_meta":{"origin":1909,"position":2},"title":"VECINOS DENUNCIAN QUE ESTAR\u00cdAN FABRICANDO EMBUTIDOS CON CARNE DE PERROS","author":"Admin","date":"febrero 27, 2026","format":false,"excerpt":"UN GRUPO DE DEFENSORES DE LOS DERECHOS DEL ANIMAL, VISITO VIVIENDA EN VILLA DEL CARMEN,\u00a0 DONDE SEG\u00daN DENUNCIAS DE VECINOS, SE ESTAR\u00cdA FABRICANDO CHORIZOS CON CARNE DE PERRO. \u00a0 Elizabeth Gonz\u00e1lez Rescatista especializada , acompa\u00f1ada por la presidenta de la Fundaci\u00f3n SPA Virginia Fern\u00e1ndez y prensa de Centinela Formosa, las\u2026","rel":"","context":"En &quot;El Centinela&quot;","block_context":{"text":"El Centinela","link":"https:\/\/elcentinelaformosa.com\/index.php\/category\/el-centinela\/"},"img":{"alt_text":"","src":"https:\/\/i0.wp.com\/elcentinelaformosa.com\/wp-content\/uploads\/2020\/11\/wp-16052311385773105018387134142653-169x300.jpg?resize=350%2C200","width":350,"height":200},"classes":[]},{"id":1445,"url":"https:\/\/elcentinelaformosa.com\/index.php\/2026\/01\/04\/gervasio-el-jabali-que-se-cree-perro-su-historia-vive-en-mar-azul-y-camina-solo-hacia-la-playa\/","url_meta":{"origin":1909,"position":3},"title":"GERVASIO, EL JABAL\u00cd QUE SE CREE PERRO, su historia: vive en Mar Azul y camina solo hacia la playa","author":"Admin","date":"enero 4, 2026","format":false,"excerpt":"Adri\u00e1n lo adopt\u00f3 cuando era un beb\u00e9 y decidi\u00f3 criarlo junto a sus mascotas para evitar que sea asesinado. \u201cEs un muy buen amigo y cada vez que llego a casa me est\u00e1 esperando\u201d. Son menos de 100 los metros que le faltan a Adri\u00e1n para llegar a su casa.\u2026","rel":"","context":"En &quot;Derecho snimal&quot;","block_context":{"text":"Derecho snimal","link":"https:\/\/elcentinelaformosa.com\/index.php\/category\/derecho-snimal\/"},"img":{"alt_text":"","src":"https:\/\/i0.wp.com\/elcentinelaformosa.com\/wp-content\/uploads\/2022\/09\/Screenshot_20220903-133857.png?fit=709%2C579&ssl=1&resize=350%2C200","width":350,"height":200,"srcset":"https:\/\/i0.wp.com\/elcentinelaformosa.com\/wp-content\/uploads\/2022\/09\/Screenshot_20220903-133857.png?fit=709%2C579&ssl=1&resize=350%2C200 1x, https:\/\/i0.wp.com\/elcentinelaformosa.com\/wp-content\/uploads\/2022\/09\/Screenshot_20220903-133857.png?fit=709%2C579&ssl=1&resize=525%2C300 1.5x, https:\/\/i0.wp.com\/elcentinelaformosa.com\/wp-content\/uploads\/2022\/09\/Screenshot_20220903-133857.png?fit=709%2C579&ssl=1&resize=700%2C400 2x"},"classes":[]},{"id":1496,"url":"https:\/\/elcentinelaformosa.com\/index.php\/2026\/01\/04\/alain-delon-y-su-amor-incondicional-hacia-los-animales\/","url_meta":{"origin":1909,"position":4},"title":"ALAIN DELON Y SU AMOR INCONDICIONAL HACIA LOS ANIMALES","author":"Admin","date":"enero 4, 2026","format":false,"excerpt":"El actor Alain Delon, cuando era joven se vest\u00eda de una chaqueta militar lo mejor para calentar a todos los cachorros, que encontraba en su camino. En el d\u00eda de hoy, el actor franc\u00e9s, que tiene 86 a\u00f1os de edad, tiene 5 refugios para perros y gatos callejeros. \u201cEn mi\u2026","rel":"","context":"En &quot;Derecho snimal&quot;","block_context":{"text":"Derecho snimal","link":"https:\/\/elcentinelaformosa.com\/index.php\/category\/derecho-snimal\/"},"img":{"alt_text":"","src":"https:\/\/i0.wp.com\/elcentinelaformosa.com\/wp-content\/uploads\/2022\/10\/FB_IMG_1666107841139.jpg?fit=887%2C499&ssl=1&resize=350%2C200","width":350,"height":200,"srcset":"https:\/\/i0.wp.com\/elcentinelaformosa.com\/wp-content\/uploads\/2022\/10\/FB_IMG_1666107841139.jpg?fit=887%2C499&ssl=1&resize=350%2C200 1x, https:\/\/i0.wp.com\/elcentinelaformosa.com\/wp-content\/uploads\/2022\/10\/FB_IMG_1666107841139.jpg?fit=887%2C499&ssl=1&resize=525%2C300 1.5x, https:\/\/i0.wp.com\/elcentinelaformosa.com\/wp-content\/uploads\/2022\/10\/FB_IMG_1666107841139.jpg?fit=887%2C499&ssl=1&resize=700%2C400 2x"},"classes":[]},{"id":816,"url":"https:\/\/elcentinelaformosa.com\/index.php\/2026\/02\/28\/fundacion-spa-virginia-fernandeza-una-vida-dedicada-al-proteccionismo-antiespecista\/","url_meta":{"origin":1909,"position":5},"title":"FUNDACI\u00d3N SPA; VIRGINIA FERN\u00c1NDEZ. UNA VIDA DEDICADA AL PROTECCIONISMO ANTIESPECISTA (PRIMERA PARTE)","author":"Admin","date":"febrero 28, 2026","format":false,"excerpt":"RESCATE Y PROTECCI\u00d3N ANIMAL Y AMBIENTAL: UNA HISTORIA DE VIDA DESDE EL A\u00d1O 1987 La Fundaci\u00f3n SPA, la ORGANIZACI\u00d3N NO GUBERNAMENTAL que preside la Se\u00f1ora Virginia Fern\u00e1ndez comienza en una casa particular, albergando a 60 perros, abandonados y hasta un mono caray\u00e1(aut\u00f3ctono), tambi\u00e9n un mono tiki o meriquin\u00e1\u00a0 (no aut\u00f3ctono)\u2026","rel":"","context":"En &quot;Derecho snimal&quot;","block_context":{"text":"Derecho snimal","link":"https:\/\/elcentinelaformosa.com\/index.php\/category\/derecho-snimal\/"},"img":{"alt_text":"","src":"https:\/\/i0.wp.com\/elcentinelaformosa.com\/wp-content\/uploads\/2021\/06\/wp-16248975402705103123419609281797.jpg?fit=989%2C753&ssl=1&resize=350%2C200","width":350,"height":200,"srcset":"https:\/\/i0.wp.com\/elcentinelaformosa.com\/wp-content\/uploads\/2021\/06\/wp-16248975402705103123419609281797.jpg?fit=989%2C753&ssl=1&resize=350%2C200 1x, https:\/\/i0.wp.com\/elcentinelaformosa.com\/wp-content\/uploads\/2021\/06\/wp-16248975402705103123419609281797.jpg?fit=989%2C753&ssl=1&resize=525%2C300 1.5x, https:\/\/i0.wp.com\/elcentinelaformosa.com\/wp-content\/uploads\/2021\/06\/wp-16248975402705103123419609281797.jpg?fit=989%2C753&ssl=1&resize=700%2C400 2x"},"classes":[]}],"jetpack_sharing_enabled":true,"jetpack_likes_enabled":true,"_links":{"self":[{"href":"https:\/\/elcentinelaformosa.com\/index.php\/wp-json\/wp\/v2\/posts\/1909","targetHints":{"allow":["GET"]}}],"collection":[{"href":"https:\/\/elcentinelaformosa.com\/index.php\/wp-json\/wp\/v2\/posts"}],"about":[{"href":"https:\/\/elcentinelaformosa.com\/index.php\/wp-json\/wp\/v2\/types\/post"}],"author":[{"embeddable":true,"href":"https:\/\/elcentinelaformosa.com\/index.php\/wp-json\/wp\/v2\/users\/2"}],"replies":[{"embeddable":true,"href":"https:\/\/elcentinelaformosa.com\/index.php\/wp-json\/wp\/v2\/comments?post=1909"}],"version-history":[{"count":1,"href":"https:\/\/elcentinelaformosa.com\/index.php\/wp-json\/wp\/v2\/posts\/1909\/revisions"}],"predecessor-version":[{"id":1911,"href":"https:\/\/elcentinelaformosa.com\/index.php\/wp-json\/wp\/v2\/posts\/1909\/revisions\/1911"}],"wp:featuredmedia":[{"embeddable":true,"href":"https:\/\/elcentinelaformosa.com\/index.php\/wp-json\/wp\/v2\/media\/1910"}],"wp:attachment":[{"href":"https:\/\/elcentinelaformosa.com\/index.php\/wp-json\/wp\/v2\/media?parent=1909"}],"wp:term":[{"taxonomy":"category","embeddable":true,"href":"https:\/\/elcentinelaformosa.com\/index.php\/wp-json\/wp\/v2\/categories?post=1909"},{"taxonomy":"post_tag","embeddable":true,"href":"https:\/\/elcentinelaformosa.com\/index.php\/wp-json\/wp\/v2\/tags?post=1909"}],"curies":[{"name":"wp","href":"https:\/\/api.w.org\/{rel}","templated":true}]}}