{"id":1972,"date":"2026-02-27T11:02:26","date_gmt":"2026-02-27T14:02:26","guid":{"rendered":"https:\/\/elcentinelaformosa.com\/?p=1972"},"modified":"2026-02-27T11:02:26","modified_gmt":"2026-02-27T14:02:26","slug":"frontera-formosa-salta-bajo-agua-de","status":"publish","type":"post","link":"https:\/\/elcentinelaformosa.com\/index.php\/2026\/02\/27\/frontera-formosa-salta-bajo-agua-de\/","title":{"rendered":"FRONTERA FORMOSA &#8211; SALTA: FAMILIAS BAJO AGUA POR AVANCE DEL R\u00cdO PILCOMAYO"},"content":{"rendered":"<p><img data-recalc-dims=\"1\" loading=\"lazy\" decoding=\"async\" class=\"alignnone size-medium wp-image-1976\" src=\"https:\/\/i0.wp.com\/elcentinelaformosa.com\/wp-content\/uploads\/2025\/03\/IMG-20250323-WA0018.jpg?resize=175%2C300\" alt=\"\" width=\"175\" height=\"300\" srcset=\"https:\/\/i0.wp.com\/elcentinelaformosa.com\/wp-content\/uploads\/2025\/03\/IMG-20250323-WA0018.jpg?resize=175%2C300&amp;ssl=1 175w, https:\/\/i0.wp.com\/elcentinelaformosa.com\/wp-content\/uploads\/2025\/03\/IMG-20250323-WA0018.jpg?resize=597%2C1024&amp;ssl=1 597w, https:\/\/i0.wp.com\/elcentinelaformosa.com\/wp-content\/uploads\/2025\/03\/IMG-20250323-WA0018.jpg?resize=447%2C768&amp;ssl=1 447w, https:\/\/i0.wp.com\/elcentinelaformosa.com\/wp-content\/uploads\/2025\/03\/IMG-20250323-WA0018.jpg?w=720&amp;ssl=1 720w\" sizes=\"auto, (max-width: 175px) 100vw, 175px\" \/> <img data-recalc-dims=\"1\" loading=\"lazy\" decoding=\"async\" class=\"alignnone size-medium wp-image-1977\" src=\"https:\/\/i0.wp.com\/elcentinelaformosa.com\/wp-content\/uploads\/2025\/03\/IMG-20250323-WA0014.jpg?resize=171%2C300\" alt=\"\" width=\"171\" height=\"300\" srcset=\"https:\/\/i0.wp.com\/elcentinelaformosa.com\/wp-content\/uploads\/2025\/03\/IMG-20250323-WA0014.jpg?resize=171%2C300&amp;ssl=1 171w, https:\/\/i0.wp.com\/elcentinelaformosa.com\/wp-content\/uploads\/2025\/03\/IMG-20250323-WA0014.jpg?resize=585%2C1024&amp;ssl=1 585w, https:\/\/i0.wp.com\/elcentinelaformosa.com\/wp-content\/uploads\/2025\/03\/IMG-20250323-WA0014.jpg?resize=439%2C768&amp;ssl=1 439w, https:\/\/i0.wp.com\/elcentinelaformosa.com\/wp-content\/uploads\/2025\/03\/IMG-20250323-WA0014.jpg?w=720&amp;ssl=1 720w\" sizes=\"auto, (max-width: 171px) 100vw, 171px\" \/> <img data-recalc-dims=\"1\" loading=\"lazy\" decoding=\"async\" class=\"alignnone size-medium wp-image-1978\" src=\"https:\/\/i0.wp.com\/elcentinelaformosa.com\/wp-content\/uploads\/2025\/03\/IMG-20250323-WA00121.jpg?resize=300%2C168\" alt=\"\" width=\"300\" height=\"168\" srcset=\"https:\/\/i0.wp.com\/elcentinelaformosa.com\/wp-content\/uploads\/2025\/03\/IMG-20250323-WA00121.jpg?resize=300%2C168&amp;ssl=1 300w, https:\/\/i0.wp.com\/elcentinelaformosa.com\/wp-content\/uploads\/2025\/03\/IMG-20250323-WA00121.jpg?w=716&amp;ssl=1 716w\" sizes=\"auto, (max-width: 300px) 100vw, 300px\" \/><\/p>\n<p>La realidad del Norte. Zona frontera Salta-Formosa. Todo bajo aguas del Pilcomayo .<\/p>\n<p><img data-recalc-dims=\"1\" loading=\"lazy\" decoding=\"async\" class=\"alignnone size-medium wp-image-1979\" src=\"https:\/\/i0.wp.com\/elcentinelaformosa.com\/wp-content\/uploads\/2025\/03\/IMG-20250323-WA0021.jpg?resize=297%2C300\" alt=\"\" width=\"297\" height=\"300\" srcset=\"https:\/\/i0.wp.com\/elcentinelaformosa.com\/wp-content\/uploads\/2025\/03\/IMG-20250323-WA0021.jpg?resize=297%2C300&amp;ssl=1 297w, https:\/\/i0.wp.com\/elcentinelaformosa.com\/wp-content\/uploads\/2025\/03\/IMG-20250323-WA0021.jpg?w=686&amp;ssl=1 686w\" sizes=\"auto, (max-width: 297px) 100vw, 297px\" \/> <img data-recalc-dims=\"1\" loading=\"lazy\" decoding=\"async\" class=\"alignnone size-medium wp-image-1980\" src=\"https:\/\/i0.wp.com\/elcentinelaformosa.com\/wp-content\/uploads\/2025\/03\/IMG-20250323-WA0022.jpg?resize=288%2C300\" alt=\"\" width=\"288\" height=\"300\" srcset=\"https:\/\/i0.wp.com\/elcentinelaformosa.com\/wp-content\/uploads\/2025\/03\/IMG-20250323-WA0022.jpg?resize=288%2C300&amp;ssl=1 288w, https:\/\/i0.wp.com\/elcentinelaformosa.com\/wp-content\/uploads\/2025\/03\/IMG-20250323-WA0022.jpg?w=642&amp;ssl=1 642w\" sizes=\"auto, (max-width: 288px) 100vw, 288px\" \/><\/p>\n<p>Escuelas, centros de salud, familias con ni\u00f1os y animales. El avance del agua se lleva todo lo que tienen.<\/p>\n<p><img data-recalc-dims=\"1\" loading=\"lazy\" decoding=\"async\" class=\"alignnone size-medium wp-image-1981\" src=\"https:\/\/i0.wp.com\/elcentinelaformosa.com\/wp-content\/uploads\/2025\/03\/IMG-20250323-WA0019.jpg?resize=170%2C300\" alt=\"\" width=\"170\" height=\"300\" srcset=\"https:\/\/i0.wp.com\/elcentinelaformosa.com\/wp-content\/uploads\/2025\/03\/IMG-20250323-WA0019.jpg?resize=170%2C300&amp;ssl=1 170w, https:\/\/i0.wp.com\/elcentinelaformosa.com\/wp-content\/uploads\/2025\/03\/IMG-20250323-WA0019.jpg?resize=580%2C1024&amp;ssl=1 580w, https:\/\/i0.wp.com\/elcentinelaformosa.com\/wp-content\/uploads\/2025\/03\/IMG-20250323-WA0019.jpg?resize=435%2C768&amp;ssl=1 435w, https:\/\/i0.wp.com\/elcentinelaformosa.com\/wp-content\/uploads\/2025\/03\/IMG-20250323-WA0019.jpg?w=720&amp;ssl=1 720w\" sizes=\"auto, (max-width: 170px) 100vw, 170px\" \/> <img data-recalc-dims=\"1\" loading=\"lazy\" decoding=\"async\" class=\"alignnone size-medium wp-image-1982\" src=\"https:\/\/i0.wp.com\/elcentinelaformosa.com\/wp-content\/uploads\/2025\/03\/IMG-20250323-WA0011.jpg?resize=172%2C300\" alt=\"\" width=\"172\" height=\"300\" srcset=\"https:\/\/i0.wp.com\/elcentinelaformosa.com\/wp-content\/uploads\/2025\/03\/IMG-20250323-WA0011.jpg?resize=172%2C300&amp;ssl=1 172w, https:\/\/i0.wp.com\/elcentinelaformosa.com\/wp-content\/uploads\/2025\/03\/IMG-20250323-WA0011.jpg?resize=587%2C1024&amp;ssl=1 587w, https:\/\/i0.wp.com\/elcentinelaformosa.com\/wp-content\/uploads\/2025\/03\/IMG-20250323-WA0011.jpg?resize=440%2C768&amp;ssl=1 440w, https:\/\/i0.wp.com\/elcentinelaformosa.com\/wp-content\/uploads\/2025\/03\/IMG-20250323-WA0011.jpg?w=720&amp;ssl=1 720w\" sizes=\"auto, (max-width: 172px) 100vw, 172px\" \/> <img data-recalc-dims=\"1\" loading=\"lazy\" decoding=\"async\" class=\"alignnone size-medium wp-image-1983\" src=\"https:\/\/i0.wp.com\/elcentinelaformosa.com\/wp-content\/uploads\/2025\/03\/IMG-20250323-WA0010.jpg?resize=169%2C300\" alt=\"\" width=\"169\" height=\"300\" srcset=\"https:\/\/i0.wp.com\/elcentinelaformosa.com\/wp-content\/uploads\/2025\/03\/IMG-20250323-WA0010.jpg?resize=169%2C300&amp;ssl=1 169w, https:\/\/i0.wp.com\/elcentinelaformosa.com\/wp-content\/uploads\/2025\/03\/IMG-20250323-WA0010.jpg?resize=577%2C1024&amp;ssl=1 577w, https:\/\/i0.wp.com\/elcentinelaformosa.com\/wp-content\/uploads\/2025\/03\/IMG-20250323-WA0010.jpg?resize=433%2C768&amp;ssl=1 433w, https:\/\/i0.wp.com\/elcentinelaformosa.com\/wp-content\/uploads\/2025\/03\/IMG-20250323-WA0010.jpg?w=720&amp;ssl=1 720w\" sizes=\"auto, (max-width: 169px) 100vw, 169px\" \/> <img data-recalc-dims=\"1\" loading=\"lazy\" decoding=\"async\" class=\"alignnone size-medium wp-image-1984\" src=\"https:\/\/i0.wp.com\/elcentinelaformosa.com\/wp-content\/uploads\/2025\/03\/IMG-20250323-WA0016.jpg?resize=173%2C300\" alt=\"\" width=\"173\" height=\"300\" srcset=\"https:\/\/i0.wp.com\/elcentinelaformosa.com\/wp-content\/uploads\/2025\/03\/IMG-20250323-WA0016.jpg?resize=173%2C300&amp;ssl=1 173w, https:\/\/i0.wp.com\/elcentinelaformosa.com\/wp-content\/uploads\/2025\/03\/IMG-20250323-WA0016.jpg?resize=592%2C1024&amp;ssl=1 592w, https:\/\/i0.wp.com\/elcentinelaformosa.com\/wp-content\/uploads\/2025\/03\/IMG-20250323-WA0016.jpg?resize=444%2C768&amp;ssl=1 444w, https:\/\/i0.wp.com\/elcentinelaformosa.com\/wp-content\/uploads\/2025\/03\/IMG-20250323-WA0016.jpg?w=720&amp;ssl=1 720w\" sizes=\"auto, (max-width: 173px) 100vw, 173px\" \/><\/p>\n<p>A m\u00e1s de 500 kil\u00f3metros de la capital salte\u00f1a, a Hito 1, donde residen unas veinte familias, todav\u00eda no llega la ayuda de las instituciones gubernamentales.Hasta el momento los gobiernos provinciales de Formosa y Salta a\u00fan en silencio y con absoluta indiferencia ante la desesperaci\u00f3n y pedidos de auxilio..<\/p>\n<p><img data-recalc-dims=\"1\" loading=\"lazy\" decoding=\"async\" class=\"alignnone size-medium wp-image-1985\" src=\"https:\/\/i0.wp.com\/elcentinelaformosa.com\/wp-content\/uploads\/2025\/03\/IMG-20250323-WA0020.jpg?resize=197%2C300\" alt=\"\" width=\"197\" height=\"300\" srcset=\"https:\/\/i0.wp.com\/elcentinelaformosa.com\/wp-content\/uploads\/2025\/03\/IMG-20250323-WA0020.jpg?resize=197%2C300&amp;ssl=1 197w, https:\/\/i0.wp.com\/elcentinelaformosa.com\/wp-content\/uploads\/2025\/03\/IMG-20250323-WA0020.jpg?resize=674%2C1024&amp;ssl=1 674w, https:\/\/i0.wp.com\/elcentinelaformosa.com\/wp-content\/uploads\/2025\/03\/IMG-20250323-WA0020.jpg?resize=505%2C768&amp;ssl=1 505w, https:\/\/i0.wp.com\/elcentinelaformosa.com\/wp-content\/uploads\/2025\/03\/IMG-20250323-WA0020.jpg?w=720&amp;ssl=1 720w\" sizes=\"auto, (max-width: 197px) 100vw, 197px\" \/><\/p>\n<p>Las Comunidades afectadas son Santa Victoria, Dpto Rivadavia (Banda Norte). El agua ha afectado hasta parte de territorio formose\u00f1o.<\/p>\n<p>Formosa en peligro por el famoso &#8221; Proyecto Pantal\u00f3n&#8221;. El agua va con fuerza para esas zonas. Ba\u00f1ado La Estrella y carga todos los riachos y campos.<\/p>\n<p><img data-recalc-dims=\"1\" loading=\"lazy\" decoding=\"async\" class=\"alignnone size-medium wp-image-1986\" src=\"https:\/\/i0.wp.com\/elcentinelaformosa.com\/wp-content\/uploads\/2025\/03\/IMG-20250323-WA0023.jpg?resize=234%2C300\" alt=\"\" width=\"234\" height=\"300\" srcset=\"https:\/\/i0.wp.com\/elcentinelaformosa.com\/wp-content\/uploads\/2025\/03\/IMG-20250323-WA0023.jpg?resize=234%2C300&amp;ssl=1 234w, https:\/\/i0.wp.com\/elcentinelaformosa.com\/wp-content\/uploads\/2025\/03\/IMG-20250323-WA0023.jpg?resize=598%2C768&amp;ssl=1 598w, https:\/\/i0.wp.com\/elcentinelaformosa.com\/wp-content\/uploads\/2025\/03\/IMG-20250323-WA0023.jpg?w=720&amp;ssl=1 720w\" sizes=\"auto, (max-width: 234px) 100vw, 234px\" \/><\/p>\n<p>&nbsp;<\/p>\n<p id=\"rop\"><small>Originally posted 2025-03-24 00:00:38. <\/small><\/p>","protected":false},"excerpt":{"rendered":"<p>La realidad del Norte. Zona frontera Salta-Formosa. Todo bajo aguas del Pilcomayo . Escuelas, centros de salud, familias con ni\u00f1os y animales. El avance del agua se lleva todo lo que tienen. A m\u00e1s de 500 kil\u00f3metros de la capital salte\u00f1a, a Hito 1, donde residen unas veinte familias, todav\u00eda no llega la ayuda de&#8230; <a href=\"https:\/\/elcentinelaformosa.com\/index.php\/2026\/02\/27\/frontera-formosa-salta-bajo-agua-de\/\">Read more: FRONTERA FORMOSA &#8211; SALTA: FAMILIAS BAJO AGUA POR AVANCE DEL R\u00cdO PILCOMAYO<\/a><\/p>\n","protected":false},"author":2,"featured_media":1987,"comment_status":"open","ping_status":"open","sticky":false,"template":"","format":"standard","meta":{"rop_custom_images_group":[],"rop_custom_messages_group":[],"rop_publish_now":"initial","rop_publish_now_accounts":{"twitter_815903348_815903348":""},"rop_publish_now_history":[],"rop_publish_now_status":"pending","h5ap_radio_sources":[],"_jetpack_memberships_contains_paid_content":false,"footnotes":"","jetpack_publicize_message":"","jetpack_publicize_feature_enabled":true,"jetpack_social_post_already_shared":true,"jetpack_social_options":{"image_generator_settings":{"template":"highway","default_image_id":0,"font":"","enabled":false},"version":2}},"categories":[1],"tags":[576,12,145,10,575,574],"class_list":["post-1972","post","type-post","status-publish","format-standard","has-post-thumbnail","hentry","category-uncategorized","tag-animales-de-formosa","tag-centinela-formosa","tag-diarios-de-formosa","tag-formosa","tag-formosa-2025","tag-inundaciones-en-formosa-y-salta"],"aioseo_notices":[],"jetpack_publicize_connections":[],"jetpack_featured_media_url":"https:\/\/i0.wp.com\/elcentinelaformosa.com\/wp-content\/uploads\/2025\/03\/20250323_235513-ANIMATION.gif?fit=582%2C579&ssl=1","jetpack-related-posts":[{"id":1282,"url":"https:\/\/elcentinelaformosa.com\/index.php\/2026\/04\/01\/biocidio-incendios-intencionales-en-formosa\/","url_meta":{"origin":1972,"position":0},"title":"BIOCIDIO: INCENDIOS INTENCIONALES EN FORMOSA..?","author":"Admin","date":"abril 1, 2026","format":false,"excerpt":"Las fuentes habr\u00edan se\u00f1alado que presuntos testigos afirman haber visto personas prendiendo fuego. De esta manera, puede inferirse que la casi totalidad de incendios en la provincia de Formosa podr\u00edan ser intencionales. La Intendencia del \u00e1rea protegida inform\u00f3 sobre una serie de focos de incendio que ser\u00edan producidos de modo\u2026","rel":"","context":"En &quot;Derecho snimal&quot;","block_context":{"text":"Derecho snimal","link":"https:\/\/elcentinelaformosa.com\/index.php\/category\/derecho-snimal\/"},"img":{"alt_text":"","src":"https:\/\/i0.wp.com\/elcentinelaformosa.com\/wp-content\/uploads\/2022\/02\/wp-16453956063578664564094127592917.png?fit=1076%2C806&ssl=1&resize=350%2C200","width":350,"height":200,"srcset":"https:\/\/i0.wp.com\/elcentinelaformosa.com\/wp-content\/uploads\/2022\/02\/wp-16453956063578664564094127592917.png?fit=1076%2C806&ssl=1&resize=350%2C200 1x, https:\/\/i0.wp.com\/elcentinelaformosa.com\/wp-content\/uploads\/2022\/02\/wp-16453956063578664564094127592917.png?fit=1076%2C806&ssl=1&resize=525%2C300 1.5x, https:\/\/i0.wp.com\/elcentinelaformosa.com\/wp-content\/uploads\/2022\/02\/wp-16453956063578664564094127592917.png?fit=1076%2C806&ssl=1&resize=700%2C400 2x, https:\/\/i0.wp.com\/elcentinelaformosa.com\/wp-content\/uploads\/2022\/02\/wp-16453956063578664564094127592917.png?fit=1076%2C806&ssl=1&resize=1050%2C600 3x"},"classes":[]},{"id":1626,"url":"https:\/\/elcentinelaformosa.com\/index.php\/2026\/02\/27\/formosa-segun-expertos-el-gobierno-de-esa-provincia-seria-en-gran-parte-responsable-de-la-mortandad-de-peces-como-pocas-veces-se-ha-visto-antes-y-que-podria-haberse-evitado\/","url_meta":{"origin":1972,"position":1},"title":"FORMOSA: SEGUN EXPERTOS, EL GOBIERNO DE ESA PROVINCIA SER\u00cdA EN GRAN PARTE RESPONSABLE DE LA MORTANDAD DE PECES, COMO POCAS VECES SE HA VISTO ANTES, Y QUE PODR\u00cdA HABERSE EVITADO.","author":"Admin","date":"febrero 27, 2026","format":false,"excerpt":"\u00a0 Hugo Bay funcionario del gobierno de Formosa deber\u00eda explicar que y quien caus\u00f3 la falta de ox\u00edgeno en el agua. BAY FUNCIONARIO DE FORMOSA NO DICE TODO. No ser\u00edan exactas las explicaciones de Bay: El subsecretario de Recursos Naturales, Ordenamiento y Calidad Ambiental, el doctor Hugo Bay, reiter\u00f3 que\u2026","rel":"","context":"En &quot;Derecho snimal&quot;","block_context":{"text":"Derecho snimal","link":"https:\/\/elcentinelaformosa.com\/index.php\/category\/derecho-snimal\/"},"img":{"alt_text":"","src":"https:\/\/i0.wp.com\/elcentinelaformosa.com\/wp-content\/uploads\/2023\/03\/20230317_015538-ANIMATION.gif?fit=1032%2C624&ssl=1&resize=350%2C200","width":350,"height":200,"srcset":"https:\/\/i0.wp.com\/elcentinelaformosa.com\/wp-content\/uploads\/2023\/03\/20230317_015538-ANIMATION.gif?fit=1032%2C624&ssl=1&resize=350%2C200 1x, https:\/\/i0.wp.com\/elcentinelaformosa.com\/wp-content\/uploads\/2023\/03\/20230317_015538-ANIMATION.gif?fit=1032%2C624&ssl=1&resize=525%2C300 1.5x, https:\/\/i0.wp.com\/elcentinelaformosa.com\/wp-content\/uploads\/2023\/03\/20230317_015538-ANIMATION.gif?fit=1032%2C624&ssl=1&resize=700%2C400 2x"},"classes":[]},{"id":1858,"url":"https:\/\/elcentinelaformosa.com\/index.php\/2026\/01\/04\/animales-en-situacion-de-maltrato-y-crueldad-en-barrios-de-formosa\/","url_meta":{"origin":1972,"position":2},"title":"ANIMALES EN SITUACION DE MALTRATO Y CRUELDAD EN BARRIOS DE FORMOSA","author":"Admin","date":"enero 4, 2026","format":false,"excerpt":"La presidente de la Fundaci\u00f3n de Protecci\u00f3n animal y ambiental de Formosa ( SPA), Se\u00f1ora Virginia Fern\u00e1ndez denunci\u00f3 la situaci\u00f3n de maltrato y actos de crueldad hacia los animales en los sectores m\u00e1s precarios del barrio Lisbel Rivira, espec\u00edficamente entre las calles Sergio Godoy y Abraham ( pasillo) ubicado en\u2026","rel":"","context":"En &quot;Derecho Animal&quot;","block_context":{"text":"Derecho Animal","link":"https:\/\/elcentinelaformosa.com\/index.php\/category\/derecho-animal\/"},"img":{"alt_text":"","src":"https:\/\/i0.wp.com\/elcentinelaformosa.com\/wp-content\/uploads\/2024\/07\/20240710_111027-ANIMATION.gif?fit=774%2C581&ssl=1&resize=350%2C200","width":350,"height":200,"srcset":"https:\/\/i0.wp.com\/elcentinelaformosa.com\/wp-content\/uploads\/2024\/07\/20240710_111027-ANIMATION.gif?fit=774%2C581&ssl=1&resize=350%2C200 1x, https:\/\/i0.wp.com\/elcentinelaformosa.com\/wp-content\/uploads\/2024\/07\/20240710_111027-ANIMATION.gif?fit=774%2C581&ssl=1&resize=525%2C300 1.5x, https:\/\/i0.wp.com\/elcentinelaformosa.com\/wp-content\/uploads\/2024\/07\/20240710_111027-ANIMATION.gif?fit=774%2C581&ssl=1&resize=700%2C400 2x"},"classes":[]},{"id":683,"url":"https:\/\/elcentinelaformosa.com\/index.php\/2026\/02\/27\/la-policia-de-insfran-en-formosa-y-la-violencia-contra-los-animales\/","url_meta":{"origin":1972,"position":3},"title":"LA POLIC\u00cdA DE INSFRAN EN FORMOSA Y LA VIOLENCIA CONTRA LOS ANIMALES","author":"Admin","date":"febrero 27, 2026","format":false,"excerpt":"Una vez m\u00e1s, el Gobierno de Insfran muestra el lado m\u00e1s oscuro contra los animales, y los m\u00e1s pobres. Dem\u00e1s estar\u00eda decir que si las familias son pobres y no se pueden defender, los animales est\u00e1n a\u00fan en mayor desventaja porque muy pocos se percatan del sufrimiento que pasan. Una\u2026","rel":"","context":"En &quot;El Centinela&quot;","block_context":{"text":"El Centinela","link":"https:\/\/elcentinelaformosa.com\/index.php\/category\/el-centinela\/"},"img":{"alt_text":"","src":"https:\/\/i0.wp.com\/elcentinelaformosa.com\/wp-content\/uploads\/2021\/05\/wp-16223045452378568364636285660945.jpg?resize=350%2C200","width":350,"height":200,"srcset":"https:\/\/i0.wp.com\/elcentinelaformosa.com\/wp-content\/uploads\/2021\/05\/wp-16223045452378568364636285660945.jpg?resize=350%2C200 1x, https:\/\/i0.wp.com\/elcentinelaformosa.com\/wp-content\/uploads\/2021\/05\/wp-16223045452378568364636285660945.jpg?resize=525%2C300 1.5x, https:\/\/i0.wp.com\/elcentinelaformosa.com\/wp-content\/uploads\/2021\/05\/wp-16223045452378568364636285660945.jpg?resize=700%2C400 2x"},"classes":[]},{"id":1382,"url":"https:\/\/elcentinelaformosa.com\/index.php\/2025\/12\/16\/formosa-dia-del-animal-anh-nada-que-celebrar-aumenta-la-explotacion-animal\/","url_meta":{"origin":1972,"position":4},"title":"FORMOSA: DIA DEL ANIMAL (ANH) NADA QUE CELEBRAR, AUMENTA LA EXPLOTACI\u00d3N ANIMAL","author":"Admin","date":"diciembre 16, 2025","format":false,"excerpt":"Parad\u00f3jicamente, mientras el mundo plantea la necesidad de nuevos paradigmas como \u00fanica alternativa de salvar al planeta y todos los habitantes sin distinci\u00f3n de especies, considerando los derechos de todos, y avalados por la comunidad cient\u00edfica, Formosa permanece en el m\u00e1s oscuro retraso en cuanto a derecho e igualdad animal.\u2026","rel":"","context":"En &quot;Derecho snimal&quot;","block_context":{"text":"Derecho snimal","link":"https:\/\/elcentinelaformosa.com\/index.php\/category\/derecho-snimal\/"},"img":{"alt_text":"","src":"https:\/\/i0.wp.com\/elcentinelaformosa.com\/wp-content\/uploads\/2022\/05\/wp-16518426672516348604507841675004.png?fit=977%2C408&ssl=1&resize=350%2C200","width":350,"height":200,"srcset":"https:\/\/i0.wp.com\/elcentinelaformosa.com\/wp-content\/uploads\/2022\/05\/wp-16518426672516348604507841675004.png?fit=977%2C408&ssl=1&resize=350%2C200 1x, https:\/\/i0.wp.com\/elcentinelaformosa.com\/wp-content\/uploads\/2022\/05\/wp-16518426672516348604507841675004.png?fit=977%2C408&ssl=1&resize=525%2C300 1.5x, https:\/\/i0.wp.com\/elcentinelaformosa.com\/wp-content\/uploads\/2022\/05\/wp-16518426672516348604507841675004.png?fit=977%2C408&ssl=1&resize=700%2C400 2x"},"classes":[]},{"id":1801,"url":"https:\/\/elcentinelaformosa.com\/index.php\/2026\/04\/01\/trafico-de-animales-en-formosa-cuatro-monos-titi-fueron-rescatados\/","url_meta":{"origin":1972,"position":5},"title":"TR\u00c1FICO ILEGAL DE ANIMALES EN FORMOSA. CUATRO MONOS TITI FUERON RESCATADOS","author":"Admin","date":"abril 1, 2026","format":false,"excerpt":"Al inspeccionar el transporte, los funcionarios advirtieron la presencia de los mam\u00edferos al escuchar ruidos extra\u00f1os que proven\u00edan de la cabina. Ante el hallazgo y al estar en infracci\u00f3n a la Ley 22.421 \"Conservaci\u00f3n de la Fauna Silvestre\", los gendarmes procedieron a rescatarlos. Luego, los animales fueron llevados hacia a\u2026","rel":"","context":"En &quot;El Centinela&quot;","block_context":{"text":"El Centinela","link":"https:\/\/elcentinelaformosa.com\/index.php\/category\/el-centinela\/"},"img":{"alt_text":"","src":"https:\/\/i0.wp.com\/elcentinelaformosa.com\/wp-content\/uploads\/2024\/05\/Screenshot_20240528-051609.png?fit=958%2C741&ssl=1&resize=350%2C200","width":350,"height":200,"srcset":"https:\/\/i0.wp.com\/elcentinelaformosa.com\/wp-content\/uploads\/2024\/05\/Screenshot_20240528-051609.png?fit=958%2C741&ssl=1&resize=350%2C200 1x, https:\/\/i0.wp.com\/elcentinelaformosa.com\/wp-content\/uploads\/2024\/05\/Screenshot_20240528-051609.png?fit=958%2C741&ssl=1&resize=525%2C300 1.5x, https:\/\/i0.wp.com\/elcentinelaformosa.com\/wp-content\/uploads\/2024\/05\/Screenshot_20240528-051609.png?fit=958%2C741&ssl=1&resize=700%2C400 2x"},"classes":[]}],"jetpack_sharing_enabled":true,"jetpack_likes_enabled":true,"_links":{"self":[{"href":"https:\/\/elcentinelaformosa.com\/index.php\/wp-json\/wp\/v2\/posts\/1972","targetHints":{"allow":["GET"]}}],"collection":[{"href":"https:\/\/elcentinelaformosa.com\/index.php\/wp-json\/wp\/v2\/posts"}],"about":[{"href":"https:\/\/elcentinelaformosa.com\/index.php\/wp-json\/wp\/v2\/types\/post"}],"author":[{"embeddable":true,"href":"https:\/\/elcentinelaformosa.com\/index.php\/wp-json\/wp\/v2\/users\/2"}],"replies":[{"embeddable":true,"href":"https:\/\/elcentinelaformosa.com\/index.php\/wp-json\/wp\/v2\/comments?post=1972"}],"version-history":[{"count":4,"href":"https:\/\/elcentinelaformosa.com\/index.php\/wp-json\/wp\/v2\/posts\/1972\/revisions"}],"predecessor-version":[{"id":1990,"href":"https:\/\/elcentinelaformosa.com\/index.php\/wp-json\/wp\/v2\/posts\/1972\/revisions\/1990"}],"wp:featuredmedia":[{"embeddable":true,"href":"https:\/\/elcentinelaformosa.com\/index.php\/wp-json\/wp\/v2\/media\/1987"}],"wp:attachment":[{"href":"https:\/\/elcentinelaformosa.com\/index.php\/wp-json\/wp\/v2\/media?parent=1972"}],"wp:term":[{"taxonomy":"category","embeddable":true,"href":"https:\/\/elcentinelaformosa.com\/index.php\/wp-json\/wp\/v2\/categories?post=1972"},{"taxonomy":"post_tag","embeddable":true,"href":"https:\/\/elcentinelaformosa.com\/index.php\/wp-json\/wp\/v2\/tags?post=1972"}],"curies":[{"name":"wp","href":"https:\/\/api.w.org\/{rel}","templated":true}]}}