{"id":1993,"date":"2026-03-27T10:00:55","date_gmt":"2026-03-27T13:00:55","guid":{"rendered":"https:\/\/elcentinelaformosa.com\/?p=1993"},"modified":"2026-03-27T10:00:55","modified_gmt":"2026-03-27T13:00:55","slug":"banco-formosa-presento-el-club-de-negocios-lideresas","status":"publish","type":"post","link":"https:\/\/elcentinelaformosa.com\/index.php\/2026\/03\/27\/banco-formosa-presento-el-club-de-negocios-lideresas\/","title":{"rendered":"Banco Formosa present\u00f3 el Club de Negocios Lideresas"},"content":{"rendered":"<p>&nbsp;<\/p>\n<div class=\"c pg-1x0 pg-1y1 pg-1w2 pg-1h2\">\n<div class=\"t pg-1m0 pg-1x1 pg-1h3 pg-1y2 pg-1ff1 pg-1fs0 pg-1fc0 pg-1sc0 pg-1ls0 pg-1ws0\"><img data-recalc-dims=\"1\" loading=\"lazy\" decoding=\"async\" class=\"alignnone size-medium wp-image-1994\" src=\"https:\/\/i0.wp.com\/elcentinelaformosa.com\/wp-content\/uploads\/2025\/03\/Screenshot_20250327-172042.png?resize=300%2C219\" alt=\"\" width=\"300\" height=\"219\" srcset=\"https:\/\/i0.wp.com\/elcentinelaformosa.com\/wp-content\/uploads\/2025\/03\/Screenshot_20250327-172042.png?resize=300%2C219&amp;ssl=1 300w, https:\/\/i0.wp.com\/elcentinelaformosa.com\/wp-content\/uploads\/2025\/03\/Screenshot_20250327-172042.png?resize=1024%2C747&amp;ssl=1 1024w, https:\/\/i0.wp.com\/elcentinelaformosa.com\/wp-content\/uploads\/2025\/03\/Screenshot_20250327-172042.png?resize=768%2C560&amp;ssl=1 768w, https:\/\/i0.wp.com\/elcentinelaformosa.com\/wp-content\/uploads\/2025\/03\/Screenshot_20250327-172042.png?w=1026&amp;ssl=1 1026w\" sizes=\"auto, (max-width: 300px) 100vw, 300px\" \/><\/div>\n<div class=\"t pg-1m0 pg-1x1 pg-1h4 pg-1y4 pg-1ff2 pg-1fs1 pg-1fc0 pg-1sc0 pg-1ls0 pg-1ws0\">Banco Formosa lanz\u00f3 o\ue60ecialmente el Club de Negocios Lideresas, una inicia\ue61ava impulsada por<\/div>\n<div class=\"t pg-1m0 pg-1x1 pg-1h4 pg-1y5 pg-1ff2 pg-1fs1 pg-1fc0 pg-1sc0 pg-1ls0 pg-1ws0\">su directora Liliana Iba\u00f1ez que busca fortalecer y acompa\u00f1ar a las clientas del banco que han<\/div>\n<div class=\"t pg-1m0 pg-1x1 pg-1h4 pg-1y6 pg-1ff2 pg-1fs1 pg-1fc0 pg-1sc0 pg-1ls0 pg-1ws0\">accedido a la L\u00ednea de Cr\u00e9ditos Lideresas.<\/div>\n<div class=\"t pg-1m0 pg-1x1 pg-1h4 pg-1y7 pg-1ff2 pg-1fs1 pg-1fc0 pg-1sc0 pg-1ls0 pg-1ws0\">Esta l\u00ednea exclusiva, des\ue61anada a mujeres empresarias y emprendedoras, se ha conver\ue61ado en<\/div>\n<div class=\"t pg-1m0 pg-1x1 pg-1h4 pg-1y8 pg-1ff2 pg-1fs1 pg-1fc0 pg-1sc0 pg-1ls0 pg-1ws0\">uno de los productos m\u00e1s solicitados por las mujeres formose\u00f1as que lideran empresas. Con el<\/div>\n<div class=\"t pg-1m0 pg-1x1 pg-1h4 pg-1y9 pg-1ff2 pg-1fs1 pg-1fc0 pg-1sc0 pg-1ls0 pg-1ws0\">obje\ue61avo de potenciar su crecimiento y brindarles nuevas herramientas, el Club de Negocios<\/div>\n<div class=\"t pg-1m0 pg-1x1 pg-1h4 pg-1ya pg-1ff2 pg-1fs1 pg-1fc0 pg-1sc0 pg-1ls0 pg-1ws0\">Lideresas se posiciona como un espacio de aprendizaje, networking y apoyo mutuo.<\/div>\n<div class=\"t pg-1m0 pg-1x1 pg-1h4 pg-1yb pg-1ff2 pg-1fs1 pg-1fc0 pg-1sc0 pg-1ls0 pg-1ws0\">En el marco de la presentaci\u00f3n, Liliana Iba\u00f1ez destac\u00f3: \u201cEste es el inicio de un grupo que se<\/div>\n<div class=\"t pg-1m0 pg-1x1 pg-1h4 pg-1yc pg-1ff2 pg-1fs1 pg-1fc0 pg-1sc0 pg-1ls0 pg-1ws0\">consolida para ofrecer m\u00e1s herramientas, m\u00e1s conocimientos y oportunidades. Queremos que<\/div>\n<div class=\"t pg-1m0 pg-1x1 pg-1h4 pg-1yd pg-1ff2 pg-1fs1 pg-1fc0 pg-1sc0 pg-1ls0 pg-1ws0\">cada mujer pueda aprender de otras l\u00edderes dentro de su rubro y fortalecer su camino<\/div>\n<div class=\"t pg-1m0 pg-1x1 pg-1h4 pg-1ye pg-1ff2 pg-1fs1 pg-1fc0 pg-1sc0 pg-1ls0 pg-1ws0\">empresarial con el respaldo del banco y de esta comunidad de mujeres emprendedoras y<\/div>\n<div class=\"t pg-1m0 pg-1x1 pg-1h4 pg-1yf pg-1ff2 pg-1fs1 pg-1fc0 pg-1sc0 pg-1ls0 pg-1ws0\">empresarias\u201d.<\/div>\n<div class=\"t pg-1m0 pg-1x1 pg-1h4 pg-1y10 pg-1ff2 pg-1fs1 pg-1fc0 pg-1sc0 pg-1ls0 pg-1ws0\">Como parte del evento, par\ue61acip\u00f3 como speaker Patricia Malna\ue61a, vicepresidenta de la Red del<\/div>\n<div class=\"t pg-1m0 pg-1x1 pg-1h4 pg-1y11 pg-1ff2 pg-1fs1 pg-1fc0 pg-1sc0 pg-1ls0 pg-1ws0\">Pacto Global Argen\ue61ana y directora del Comit\u00e9 de Sustentabilidad de la Sociedad<\/div>\n<div class=\"t pg-1m0 pg-1x1 pg-1h4 pg-1y12 pg-1ff2 pg-1fs1 pg-1fc0 pg-1sc0 pg-1ls0 pg-1ws0\">La\ue61anoamericana de Tecnolog\u00eda del Caucho, quien expres\u00f3 su agradecimiento por la<\/div>\n<div class=\"t pg-1m0 pg-1x1 pg-1h4 pg-1y13 pg-1ff2 pg-1fs1 pg-1fc0 pg-1sc0 pg-1ls0 pg-1ws0\">convocatoria y celebr\u00f3 la inicia\ue61ava del banco de impulsar el liderazgo femenino en el \u00e1mbito<\/div>\n<div class=\"t pg-1m0 pg-1x1 pg-1h4 pg-1y14 pg-1ff2 pg-1fs1 pg-1fc0 pg-1sc0 pg-1ls0 pg-1ws0\">empresarial: \u201cEsto es equidad. Es poner en valor el trabajo de muchas mujeres en diferentes<\/div>\n<div class=\"t pg-1m0 pg-1x1 pg-1h4 pg-1y15 pg-1ff2 pg-1fs1 pg-1fc0 pg-1sc0 pg-1ls0 pg-1ws0\">rubros, incluso en aquellos hist\u00f3ricamente liderados por hombres. Espacios como este<\/div>\n<div class=\"t pg-1m0 pg-1x1 pg-1h4 pg-1y16 pg-1ff2 pg-1fs1 pg-1fc0 pg-1sc0 pg-1ls0 pg-1ws0\">permiten empoderar a las mujeres que est\u00e1n al frente de pymes y brindarles m\u00e1s<\/div>\n<div class=\"t pg-1m0 pg-1x1 pg-1h4 pg-1y17 pg-1ff2 pg-1fs1 pg-1fc0 pg-1sc0 pg-1ls0 pg-1ws0\">oportunidades de desarrollo y crecimiento\u201d.<\/div>\n<div class=\"t pg-1m0 pg-1x1 pg-1h4 pg-1y18 pg-1ff2 pg-1fs1 pg-1fc0 pg-1sc0 pg-1ls0 pg-1ws0\">Con esta inicia\ue61ava, Banco Formosa rea\ue60erma su compromiso con el desarrollo econ\u00f3mico y<\/div>\n<div class=\"t pg-1m0 pg-1x1 pg-1h4 pg-1y19 pg-1ff2 pg-1fs1 pg-1fc0 pg-1sc0 pg-1ls0 pg-1ws0\">profesional de las mujeres, generando espacios de crecimiento e intercambio que potencien<\/div>\n<div class=\"t pg-1m0 pg-1x1 pg-1h4 pg-1y1a pg-1ff2 pg-1fs1 pg-1fc0 pg-1sc0 pg-1ls0 pg-1ws0\">sus negocios y proyectos.<\/div>\n<div><img data-recalc-dims=\"1\" loading=\"lazy\" decoding=\"async\" class=\"alignnone size-medium wp-image-1995\" src=\"https:\/\/i0.wp.com\/elcentinelaformosa.com\/wp-content\/uploads\/2025\/03\/Screenshot_20250327-172123.png?resize=300%2C205\" alt=\"\" width=\"300\" height=\"205\" srcset=\"https:\/\/i0.wp.com\/elcentinelaformosa.com\/wp-content\/uploads\/2025\/03\/Screenshot_20250327-172123.png?resize=300%2C205&amp;ssl=1 300w, https:\/\/i0.wp.com\/elcentinelaformosa.com\/wp-content\/uploads\/2025\/03\/Screenshot_20250327-172123.png?resize=1024%2C699&amp;ssl=1 1024w, https:\/\/i0.wp.com\/elcentinelaformosa.com\/wp-content\/uploads\/2025\/03\/Screenshot_20250327-172123.png?resize=768%2C524&amp;ssl=1 768w, https:\/\/i0.wp.com\/elcentinelaformosa.com\/wp-content\/uploads\/2025\/03\/Screenshot_20250327-172123.png?w=1037&amp;ssl=1 1037w\" sizes=\"auto, (max-width: 300px) 100vw, 300px\" \/><\/div>\n<\/div>\n<p id=\"rop\"><small>Originally posted 2025-03-26 17:18:29. <\/small><\/p>","protected":false},"excerpt":{"rendered":"<p>&nbsp; Banco Formosa lanz\u00f3 o\ue60ecialmente el Club de Negocios Lideresas, una inicia\ue61ava impulsada por su directora Liliana Iba\u00f1ez que busca fortalecer y acompa\u00f1ar a las clientas del banco que han accedido a la L\u00ednea de Cr\u00e9ditos Lideresas. Esta l\u00ednea exclusiva, des\ue61anada a mujeres empresarias y emprendedoras, se ha conver\ue61ado en uno de los productos m\u00e1s&#8230; <a href=\"https:\/\/elcentinelaformosa.com\/index.php\/2026\/03\/27\/banco-formosa-presento-el-club-de-negocios-lideresas\/\">Read more: Banco Formosa present\u00f3 el Club de Negocios Lideresas<\/a><\/p>\n","protected":false},"author":2,"featured_media":1996,"comment_status":"open","ping_status":"open","sticky":false,"template":"","format":"standard","meta":{"rop_custom_images_group":[],"rop_custom_messages_group":[],"rop_publish_now":"initial","rop_publish_now_accounts":{"twitter_815903348_815903348":""},"rop_publish_now_history":[],"rop_publish_now_status":"pending","h5ap_radio_sources":[],"_jetpack_memberships_contains_paid_content":false,"footnotes":"","jetpack_publicize_message":"","jetpack_publicize_feature_enabled":true,"jetpack_social_post_already_shared":true,"jetpack_social_options":{"image_generator_settings":{"template":"highway","default_image_id":0,"font":"","enabled":false},"version":2}},"categories":[1],"tags":[339,577,578],"class_list":["post-1993","post","type-post","status-publish","format-standard","has-post-thumbnail","hentry","category-uncategorized","tag-banco-de-formosa","tag-lideres","tag-lideresas"],"aioseo_notices":[],"jetpack_publicize_connections":[],"jetpack_featured_media_url":"https:\/\/i0.wp.com\/elcentinelaformosa.com\/wp-content\/uploads\/2025\/03\/Screenshot_20250327-172108.png?fit=1036%2C712&ssl=1","jetpack-related-posts":[{"id":1892,"url":"https:\/\/elcentinelaformosa.com\/index.php\/2026\/01\/04\/banco-formosa-recibio-el-premio-cambras-por-el-desarrollo-de-la-linea-de-creditos-lideresas\/","url_meta":{"origin":1993,"position":0},"title":"Banco Formosa recibi\u00f3 el Premio Cambras por el desarrollo de la L\u00ednea de Cr\u00e9ditos \u201cLideresas\u201d","author":"Admin","date":"enero 4, 2026","format":false,"excerpt":"Banco Formosa recibi\u00f3 el Premio Cambras por el desarrollo de la L\u00ednea de Cr\u00e9ditos \u201cLideresas\u201d La ceremonia de premiaci\u00f3n se realiz\u00f3 en la Embajada del Brasil y fue la 4ta edici\u00f3n del Premio CAMBRAS (C\u00e1mara de comercio,Industria y Servicios Argentino Brasile\u00f1a de la Rep\u00fablica Argentina) a las Finanzas Sostenibles 2024,\u2026","rel":"","context":"Entrada similar ","block_context":{"text":"Entrada similar ","link":""},"img":{"alt_text":"","src":"https:\/\/i0.wp.com\/elcentinelaformosa.com\/wp-content\/uploads\/2024\/11\/Screenshot_20241101-161142.png?fit=1067%2C711&ssl=1&resize=350%2C200","width":350,"height":200,"srcset":"https:\/\/i0.wp.com\/elcentinelaformosa.com\/wp-content\/uploads\/2024\/11\/Screenshot_20241101-161142.png?fit=1067%2C711&ssl=1&resize=350%2C200 1x, https:\/\/i0.wp.com\/elcentinelaformosa.com\/wp-content\/uploads\/2024\/11\/Screenshot_20241101-161142.png?fit=1067%2C711&ssl=1&resize=525%2C300 1.5x, https:\/\/i0.wp.com\/elcentinelaformosa.com\/wp-content\/uploads\/2024\/11\/Screenshot_20241101-161142.png?fit=1067%2C711&ssl=1&resize=700%2C400 2x, https:\/\/i0.wp.com\/elcentinelaformosa.com\/wp-content\/uploads\/2024\/11\/Screenshot_20241101-161142.png?fit=1067%2C711&ssl=1&resize=1050%2C600 3x"},"classes":[]},{"id":1938,"url":"https:\/\/elcentinelaformosa.com\/index.php\/2026\/01\/04\/nueva-campana-del-banco-formosa-contra-ciberdelitos-y-estafas\/","url_meta":{"origin":1993,"position":1},"title":"Nueva campa\u00f1a del Banco Formosa contra ciberdelitos y estafas","author":"Admin","date":"enero 4, 2026","format":false,"excerpt":"En un contexto donde las estafas y los ciberdelitos se han convertido en una preocupaci\u00f3n diaria para muchos, Banco Formosa da un paso al frente con el lanzamiento de una nueva campa\u00f1a, con importante spot audiovisual en sus redes sociales. Con el objetivo de crear conciencia entre sus clientes y\u2026","rel":"","context":"En \"banco de FORMOSA\"","block_context":{"text":"banco de FORMOSA","link":"https:\/\/elcentinelaformosa.com\/index.php\/tag\/banco-de-formosa\/"},"img":{"alt_text":"","src":"https:\/\/i0.wp.com\/elcentinelaformosa.com\/wp-content\/uploads\/2025\/01\/Screenshot_20250120-213815.png?fit=872%2C606&ssl=1&resize=350%2C200","width":350,"height":200,"srcset":"https:\/\/i0.wp.com\/elcentinelaformosa.com\/wp-content\/uploads\/2025\/01\/Screenshot_20250120-213815.png?fit=872%2C606&ssl=1&resize=350%2C200 1x, https:\/\/i0.wp.com\/elcentinelaformosa.com\/wp-content\/uploads\/2025\/01\/Screenshot_20250120-213815.png?fit=872%2C606&ssl=1&resize=525%2C300 1.5x, https:\/\/i0.wp.com\/elcentinelaformosa.com\/wp-content\/uploads\/2025\/01\/Screenshot_20250120-213815.png?fit=872%2C606&ssl=1&resize=700%2C400 2x"},"classes":[]},{"id":2033,"url":"https:\/\/elcentinelaformosa.com\/index.php\/2026\/01\/04\/convenio-entre-el-banco-de-formosa-y-la-caja-de-prevision-social\/","url_meta":{"origin":1993,"position":2},"title":"Convenio entre el Banco de Formosa y la Caja de Previsi\u00f3n Social\u00a0","author":"Admin","date":"enero 4, 2026","format":false,"excerpt":"\u00a0 La Caja de Previsi\u00f3n Social de la Provincia de Formosa y el Banco de Formosa han firmado un convenio para trabajar juntos en beneficio de los adultos mayores. En la tarde de este martes 13, en el Anexo de la Caja de Previsi\u00f3n Social (CPS), ubicado en la calle\u2026","rel":"","context":"En &quot;Local&quot;","block_context":{"text":"Local","link":"https:\/\/elcentinelaformosa.com\/index.php\/category\/local\/"},"img":{"alt_text":"","src":"https:\/\/i0.wp.com\/elcentinelaformosa.com\/wp-content\/uploads\/2025\/05\/Screenshot_20250514-013225.png?fit=1068%2C746&ssl=1&resize=350%2C200","width":350,"height":200,"srcset":"https:\/\/i0.wp.com\/elcentinelaformosa.com\/wp-content\/uploads\/2025\/05\/Screenshot_20250514-013225.png?fit=1068%2C746&ssl=1&resize=350%2C200 1x, https:\/\/i0.wp.com\/elcentinelaformosa.com\/wp-content\/uploads\/2025\/05\/Screenshot_20250514-013225.png?fit=1068%2C746&ssl=1&resize=525%2C300 1.5x, https:\/\/i0.wp.com\/elcentinelaformosa.com\/wp-content\/uploads\/2025\/05\/Screenshot_20250514-013225.png?fit=1068%2C746&ssl=1&resize=700%2C400 2x, https:\/\/i0.wp.com\/elcentinelaformosa.com\/wp-content\/uploads\/2025\/05\/Screenshot_20250514-013225.png?fit=1068%2C746&ssl=1&resize=1050%2C600 3x"},"classes":[]},{"id":1913,"url":"https:\/\/elcentinelaformosa.com\/index.php\/2026\/04\/01\/banco-formosa-presento-a-su-vocera-oficial\/","url_meta":{"origin":1993,"position":3},"title":"Banco Formosa present\u00f3 a su vocera oficial","author":"Admin","date":"abril 1, 2026","format":false,"excerpt":"En un sencillo encuentro realizado en Casa Central este mi\u00e9rcoles 18, el\u00a0Gerente General de la entidad Lic. Daniel Padin present\u00f3 a la Lic. Brenda Sarmiento como vocera oficial\u00a0del banco ante los medios de difusi\u00f3n. Esto da inicio a un nuevo v\u00ednculo para una comunicaci\u00f3n m\u00e1s directa, \u00e1gil y fidedigna. Instrumentar\u2026","rel":"","context":"En &quot;Derecho snimal&quot;","block_context":{"text":"Derecho snimal","link":"https:\/\/elcentinelaformosa.com\/index.php\/category\/derecho-snimal\/"},"img":{"alt_text":"","src":"https:\/\/i0.wp.com\/elcentinelaformosa.com\/wp-content\/uploads\/2024\/12\/Screenshot_20241222-201015-1.png?fit=835%2C1200&ssl=1&resize=350%2C200","width":350,"height":200,"srcset":"https:\/\/i0.wp.com\/elcentinelaformosa.com\/wp-content\/uploads\/2024\/12\/Screenshot_20241222-201015-1.png?fit=835%2C1200&ssl=1&resize=350%2C200 1x, https:\/\/i0.wp.com\/elcentinelaformosa.com\/wp-content\/uploads\/2024\/12\/Screenshot_20241222-201015-1.png?fit=835%2C1200&ssl=1&resize=525%2C300 1.5x, https:\/\/i0.wp.com\/elcentinelaformosa.com\/wp-content\/uploads\/2024\/12\/Screenshot_20241222-201015-1.png?fit=835%2C1200&ssl=1&resize=700%2C400 2x"},"classes":[]},{"id":2117,"url":"https:\/\/elcentinelaformosa.com\/index.php\/2026\/01\/04\/banco-formosa-campana-anti-fraude-mas-exitosa-de-la-region\/","url_meta":{"origin":1993,"position":4},"title":"Banco Formosa: CAMPA\u00d1A ANTI FRAUDE M\u00c1S EXITOSA DE LA REGI\u00d3N","author":"Admin","date":"enero 4, 2026","format":false,"excerpt":"Banco Formosa recibi\u00f3 un reconocimiento especial nacional e internacional a la\u00a0 CAMPA\u00d1A ANTI FRAUDE M\u00c1S EXITOSA DE LA REGI\u00d3N Otorgado en el Congreso Latinoamericano de Tecnolog\u00eda e Innovaci\u00f3n En el marco del Congreso Latinoamericano de Tecnolog\u00eda e Innovaci\u00f3n (CLAB 2025) que se llev\u00f3 a cabo del 10 al 12 de\u2026","rel":"","context":"En \"banco de FORMOSA\"","block_context":{"text":"banco de FORMOSA","link":"https:\/\/elcentinelaformosa.com\/index.php\/tag\/banco-de-formosa\/"},"img":{"alt_text":"","src":"https:\/\/i0.wp.com\/elcentinelaformosa.com\/wp-content\/uploads\/2025\/09\/Screenshot_20250917-124811.png?fit=1020%2C714&ssl=1&resize=350%2C200","width":350,"height":200,"srcset":"https:\/\/i0.wp.com\/elcentinelaformosa.com\/wp-content\/uploads\/2025\/09\/Screenshot_20250917-124811.png?fit=1020%2C714&ssl=1&resize=350%2C200 1x, https:\/\/i0.wp.com\/elcentinelaformosa.com\/wp-content\/uploads\/2025\/09\/Screenshot_20250917-124811.png?fit=1020%2C714&ssl=1&resize=525%2C300 1.5x, https:\/\/i0.wp.com\/elcentinelaformosa.com\/wp-content\/uploads\/2025\/09\/Screenshot_20250917-124811.png?fit=1020%2C714&ssl=1&resize=700%2C400 2x"},"classes":[]},{"id":2010,"url":"https:\/\/elcentinelaformosa.com\/index.php\/2026\/04\/01\/en-semana-santa-banco-formosa-ofrece-una-bendicion-para-el-bolsillo\/","url_meta":{"origin":1993,"position":5},"title":"EN SEMANA SANTA, BANCO FORMOSA OFRECE UNA \u201cBENDICI\u00d3N PARA EL BOLSILLO\u201d","author":"Admin","date":"abril 1, 2026","format":false,"excerpt":"EN SEMANA SANTA, BANCO FORMOSA OFRECE UNA \u201cBENDICI\u00d3N PARA EL BOLSILLO Del 14 al 20 de abril, los clientes podr\u00e1n acceder a reintegros del 25% y hasta 3 cuotas sin inter\u00e9s en compras con tarjeta de cr\u00e9dito Chig\u00fc\u00e9 y Visa, y con la billetera digital Onda.En un contexto en el\u2026","rel":"","context":"En &quot;Local&quot;","block_context":{"text":"Local","link":"https:\/\/elcentinelaformosa.com\/index.php\/category\/local\/"},"img":{"alt_text":"","src":"https:\/\/i0.wp.com\/elcentinelaformosa.com\/wp-content\/uploads\/2025\/04\/IMG-20250415-WA0019.jpg?fit=1200%2C475&ssl=1&resize=350%2C200","width":350,"height":200,"srcset":"https:\/\/i0.wp.com\/elcentinelaformosa.com\/wp-content\/uploads\/2025\/04\/IMG-20250415-WA0019.jpg?fit=1200%2C475&ssl=1&resize=350%2C200 1x, https:\/\/i0.wp.com\/elcentinelaformosa.com\/wp-content\/uploads\/2025\/04\/IMG-20250415-WA0019.jpg?fit=1200%2C475&ssl=1&resize=525%2C300 1.5x, https:\/\/i0.wp.com\/elcentinelaformosa.com\/wp-content\/uploads\/2025\/04\/IMG-20250415-WA0019.jpg?fit=1200%2C475&ssl=1&resize=700%2C400 2x, https:\/\/i0.wp.com\/elcentinelaformosa.com\/wp-content\/uploads\/2025\/04\/IMG-20250415-WA0019.jpg?fit=1200%2C475&ssl=1&resize=1050%2C600 3x"},"classes":[]}],"jetpack_sharing_enabled":true,"jetpack_likes_enabled":true,"_links":{"self":[{"href":"https:\/\/elcentinelaformosa.com\/index.php\/wp-json\/wp\/v2\/posts\/1993","targetHints":{"allow":["GET"]}}],"collection":[{"href":"https:\/\/elcentinelaformosa.com\/index.php\/wp-json\/wp\/v2\/posts"}],"about":[{"href":"https:\/\/elcentinelaformosa.com\/index.php\/wp-json\/wp\/v2\/types\/post"}],"author":[{"embeddable":true,"href":"https:\/\/elcentinelaformosa.com\/index.php\/wp-json\/wp\/v2\/users\/2"}],"replies":[{"embeddable":true,"href":"https:\/\/elcentinelaformosa.com\/index.php\/wp-json\/wp\/v2\/comments?post=1993"}],"version-history":[{"count":1,"href":"https:\/\/elcentinelaformosa.com\/index.php\/wp-json\/wp\/v2\/posts\/1993\/revisions"}],"predecessor-version":[{"id":1997,"href":"https:\/\/elcentinelaformosa.com\/index.php\/wp-json\/wp\/v2\/posts\/1993\/revisions\/1997"}],"wp:featuredmedia":[{"embeddable":true,"href":"https:\/\/elcentinelaformosa.com\/index.php\/wp-json\/wp\/v2\/media\/1996"}],"wp:attachment":[{"href":"https:\/\/elcentinelaformosa.com\/index.php\/wp-json\/wp\/v2\/media?parent=1993"}],"wp:term":[{"taxonomy":"category","embeddable":true,"href":"https:\/\/elcentinelaformosa.com\/index.php\/wp-json\/wp\/v2\/categories?post=1993"},{"taxonomy":"post_tag","embeddable":true,"href":"https:\/\/elcentinelaformosa.com\/index.php\/wp-json\/wp\/v2\/tags?post=1993"}],"curies":[{"name":"wp","href":"https:\/\/api.w.org\/{rel}","templated":true}]}}