{"id":2005,"date":"2026-04-01T10:15:47","date_gmt":"2026-04-01T13:15:47","guid":{"rendered":"https:\/\/elcentinelaformosa.com\/?p=2005"},"modified":"2026-04-01T10:15:47","modified_gmt":"2026-04-01T13:15:47","slug":"maltrato-crueldad-y-trafico-de-animales-en-formosa","status":"publish","type":"post","link":"https:\/\/elcentinelaformosa.com\/index.php\/2026\/04\/01\/maltrato-crueldad-y-trafico-de-animales-en-formosa\/","title":{"rendered":"MALTRATO, CRUELDAD Y TR\u00c1FICO DE ANIMALES EN FORMOSA"},"content":{"rendered":"<p>Gendarmer\u00eda Nacional decomisa aves protegidas en Formosa<\/p>\n<p><img data-recalc-dims=\"1\" loading=\"lazy\" decoding=\"async\" class=\"alignnone size-medium wp-image-2006\" src=\"https:\/\/i0.wp.com\/elcentinelaformosa.com\/wp-content\/uploads\/2025\/04\/Screenshot_20250414-004946.png?resize=300%2C170\" alt=\"\" width=\"300\" height=\"170\" srcset=\"https:\/\/i0.wp.com\/elcentinelaformosa.com\/wp-content\/uploads\/2025\/04\/Screenshot_20250414-004946.png?resize=300%2C170&amp;ssl=1 300w, https:\/\/i0.wp.com\/elcentinelaformosa.com\/wp-content\/uploads\/2025\/04\/Screenshot_20250414-004946.png?resize=768%2C436&amp;ssl=1 768w, https:\/\/i0.wp.com\/elcentinelaformosa.com\/wp-content\/uploads\/2025\/04\/Screenshot_20250414-004946.png?w=938&amp;ssl=1 938w\" sizes=\"auto, (max-width: 300px) 100vw, 300px\" \/><\/p>\n<p>Detectaron p\u00e1jaros dentro del compartimiento del tanque de combustible y en una jaula oculta debajo del ba\u00fal del rodado.<br \/>\nEn horas de la noche ayer, en la localidad formose\u00f1a de El Colorado gendarmes del Escuadr\u00f3n 5 &#8220;Piran\u00e9&#8221;, llevaron a cabo un control vehicular que deriv\u00f3 en el rescate de p\u00e1jaros especie Matico (Turpial Amaz\u00f3nico), ave protegida.<\/p>\n<p style=\"text-align: center;\">El hallazgo se produjo durante la inspecci\u00f3n de un veh\u00edculo particular, donde los efectivos detectaron una jaula oculta en la parte trasera, debajo del ba\u00fal y sujeta al chasis. En su interior se ocultaban peque\u00f1os tubos cil\u00edndricos envueltos en medias que inmovilizaban a las aves. Los uniformados al continuar con la inspecci\u00f3n del rodado, abrieron la tapa del compartimiento del tanque de combustible hallaron que en ese diminuto espacio colocaron m\u00e1s aves con el mismo modus operandi.<br \/>\nAnte esta situaci\u00f3n, se dio intervenci\u00f3n al Juzgado de Instrucci\u00f3n y Correccional Nro 1 de Formosa, que dispuso el secuestro del veh\u00edculo y la entrega de los 63 ejemplares al Ministerio de la Producci\u00f3n y Ambiente, Direcci\u00f3n de Recursos Naturales y Gesti\u00f3n de El Colorado.<br \/>\nLas aves se encuentran en aparente buen estado y ser\u00e1n trasladadas a la Reserva Natural Guaycolec para su resguardo.<br \/>\nEn cuanto al involucrado, qued\u00f3 supeditado a la causa en infracci\u00f3n a las Leyes Nacionales N\u00b0 22.421 &#8220;Conservaci\u00f3n de la Fauna&#8221; y N\u00b0 2.786 &#8220;Malos Tratos a Animales&#8221;.<\/p>\n<p><img data-recalc-dims=\"1\" loading=\"lazy\" decoding=\"async\" class=\"alignnone size-medium wp-image-2007\" src=\"https:\/\/i0.wp.com\/elcentinelaformosa.com\/wp-content\/uploads\/2025\/04\/Screenshot_20250414-004802.png?resize=300%2C224\" alt=\"\" width=\"300\" height=\"224\" srcset=\"https:\/\/i0.wp.com\/elcentinelaformosa.com\/wp-content\/uploads\/2025\/04\/Screenshot_20250414-004802.png?resize=300%2C224&amp;ssl=1 300w, https:\/\/i0.wp.com\/elcentinelaformosa.com\/wp-content\/uploads\/2025\/04\/Screenshot_20250414-004802.png?resize=768%2C572&amp;ssl=1 768w, https:\/\/i0.wp.com\/elcentinelaformosa.com\/wp-content\/uploads\/2025\/04\/Screenshot_20250414-004802.png?w=958&amp;ssl=1 958w\" sizes=\"auto, (max-width: 300px) 100vw, 300px\" \/><\/p>\n<p id=\"rop\"><small>Originally posted 2025-04-14 01:04:55. <\/small><\/p>","protected":false},"excerpt":{"rendered":"<p>Gendarmer\u00eda Nacional decomisa aves protegidas en Formosa Detectaron p\u00e1jaros dentro del compartimiento del tanque de combustible y en una jaula oculta debajo del ba\u00fal del rodado. En horas de la noche ayer, en la localidad formose\u00f1a de El Colorado gendarmes del Escuadr\u00f3n 5 &#8220;Piran\u00e9&#8221;, llevaron a cabo un control vehicular que deriv\u00f3 en el rescate&#8230; <a href=\"https:\/\/elcentinelaformosa.com\/index.php\/2026\/04\/01\/maltrato-crueldad-y-trafico-de-animales-en-formosa\/\">Read more: MALTRATO, CRUELDAD Y TR\u00c1FICO DE ANIMALES EN FORMOSA<\/a><\/p>\n","protected":false},"author":2,"featured_media":2006,"comment_status":"open","ping_status":"open","sticky":false,"template":"","format":"standard","meta":{"rop_custom_images_group":[],"rop_custom_messages_group":[],"rop_publish_now":"initial","rop_publish_now_accounts":{"twitter_815903348_815903348":""},"rop_publish_now_history":[],"rop_publish_now_status":"pending","h5ap_radio_sources":[],"_jetpack_memberships_contains_paid_content":false,"footnotes":"","jetpack_publicize_message":"","jetpack_publicize_feature_enabled":true,"jetpack_social_post_already_shared":true,"jetpack_social_options":{"image_generator_settings":{"template":"highway","default_image_id":0,"font":"","enabled":false},"version":2}},"categories":[1],"tags":[270,415],"class_list":["post-2005","post","type-post","status-publish","format-standard","has-post-thumbnail","hentry","category-uncategorized","tag-gendarmeria-nacional","tag-trafico-de-animales"],"aioseo_notices":[],"jetpack_publicize_connections":[],"jetpack_featured_media_url":"https:\/\/i0.wp.com\/elcentinelaformosa.com\/wp-content\/uploads\/2025\/04\/Screenshot_20250414-004946.png?fit=938%2C532&ssl=1","jetpack-related-posts":[{"id":1801,"url":"https:\/\/elcentinelaformosa.com\/index.php\/2026\/04\/01\/trafico-de-animales-en-formosa-cuatro-monos-titi-fueron-rescatados\/","url_meta":{"origin":2005,"position":0},"title":"TR\u00c1FICO ILEGAL DE ANIMALES EN FORMOSA. CUATRO MONOS TITI FUERON RESCATADOS","author":"Admin","date":"abril 1, 2026","format":false,"excerpt":"Al inspeccionar el transporte, los funcionarios advirtieron la presencia de los mam\u00edferos al escuchar ruidos extra\u00f1os que proven\u00edan de la cabina. Ante el hallazgo y al estar en infracci\u00f3n a la Ley 22.421 \"Conservaci\u00f3n de la Fauna Silvestre\", los gendarmes procedieron a rescatarlos. Luego, los animales fueron llevados hacia a\u2026","rel":"","context":"En &quot;El Centinela&quot;","block_context":{"text":"El Centinela","link":"https:\/\/elcentinelaformosa.com\/index.php\/category\/el-centinela\/"},"img":{"alt_text":"","src":"https:\/\/i0.wp.com\/elcentinelaformosa.com\/wp-content\/uploads\/2024\/05\/Screenshot_20240528-051609.png?fit=958%2C741&ssl=1&resize=350%2C200","width":350,"height":200,"srcset":"https:\/\/i0.wp.com\/elcentinelaformosa.com\/wp-content\/uploads\/2024\/05\/Screenshot_20240528-051609.png?fit=958%2C741&ssl=1&resize=350%2C200 1x, https:\/\/i0.wp.com\/elcentinelaformosa.com\/wp-content\/uploads\/2024\/05\/Screenshot_20240528-051609.png?fit=958%2C741&ssl=1&resize=525%2C300 1.5x, https:\/\/i0.wp.com\/elcentinelaformosa.com\/wp-content\/uploads\/2024\/05\/Screenshot_20240528-051609.png?fit=958%2C741&ssl=1&resize=700%2C400 2x"},"classes":[]},{"id":1770,"url":"https:\/\/elcentinelaformosa.com\/index.php\/2025\/12\/16\/pozo-del-tigre-formosa-continuan-las-muertes-con-signos-de-envenenamiento\/","url_meta":{"origin":2005,"position":1},"title":"POZO DEL TIGRE, FORMOSA: CONTINUAN LAS MUERTES CON SIGNOS DE ENVENENAMIENTO","author":"Admin","date":"diciembre 16, 2025","format":false,"excerpt":"Luego de varios d\u00edas y tras retirar los cuerpos de los animales muertos del lugar con severas se\u00f1ales de envenenamiento, las muertes contin\u00faan en Pozo del Tigre. Por un lado hay abierta ena investigaci\u00f3n en la localidad vecina de Las Lomitas. Sigue sin detectarse el compuesto utilizado aunque se asume\u2026","rel":"","context":"En &quot;Derechos de las personas humanas y no humanas&quot;","block_context":{"text":"Derechos de las personas humanas y no humanas","link":"https:\/\/elcentinelaformosa.com\/index.php\/category\/derechos-de-las-personas-humanas-y-no-humanas\/"},"img":{"alt_text":"","src":"https:\/\/i0.wp.com\/elcentinelaformosa.com\/wp-content\/uploads\/2024\/01\/Screenshot_20240107-173923.png?fit=950%2C543&ssl=1&resize=350%2C200","width":350,"height":200,"srcset":"https:\/\/i0.wp.com\/elcentinelaformosa.com\/wp-content\/uploads\/2024\/01\/Screenshot_20240107-173923.png?fit=950%2C543&ssl=1&resize=350%2C200 1x, https:\/\/i0.wp.com\/elcentinelaformosa.com\/wp-content\/uploads\/2024\/01\/Screenshot_20240107-173923.png?fit=950%2C543&ssl=1&resize=525%2C300 1.5x, https:\/\/i0.wp.com\/elcentinelaformosa.com\/wp-content\/uploads\/2024\/01\/Screenshot_20240107-173923.png?fit=950%2C543&ssl=1&resize=700%2C400 2x"},"classes":[]},{"id":581,"url":"https:\/\/elcentinelaformosa.com\/index.php\/2026\/02\/27\/comercio-ilegal-de-animales-ocupa-a-nivel-mundial-el-tercer-puesto-luego-del-trafico-de-armas-y-droga\/","url_meta":{"origin":2005,"position":2},"title":"COMERCIO ILEGAL DE ANIMALES OCUPA A NIVEL MUNDIAL EL TERCER PUESTO LUEGO DEL TR\u00c1FICO DE ARMAS Y DROGA.","author":"Admin","date":"febrero 27, 2026","format":false,"excerpt":"COMERCIO ILEGAL DE ANIMALES OCUPA A NIVEL MUNDIAL EL TERCER PUESTO LUEGO DEL TR\u00c1FICO DE ARMAS Y DROGA Tras el tr\u00e1fico de armas y drogas, el comercio ilegal de animales ocupa un lugar atractivo y deviene rentable. Seg\u00fan la Naciones Unidas, por este ejercicio se mueven entre mil y 10\u2026","rel":"","context":"En &quot;El Centinela&quot;","block_context":{"text":"El Centinela","link":"https:\/\/elcentinelaformosa.com\/index.php\/category\/el-centinela\/"},"img":{"alt_text":"","src":"https:\/\/i0.wp.com\/elcentinelaformosa.com\/wp-content\/uploads\/2021\/01\/SAM_21661-960x420-1.jpg?fit=773%2C528&ssl=1&resize=350%2C200","width":350,"height":200,"srcset":"https:\/\/i0.wp.com\/elcentinelaformosa.com\/wp-content\/uploads\/2021\/01\/SAM_21661-960x420-1.jpg?fit=773%2C528&ssl=1&resize=350%2C200 1x, https:\/\/i0.wp.com\/elcentinelaformosa.com\/wp-content\/uploads\/2021\/01\/SAM_21661-960x420-1.jpg?fit=773%2C528&ssl=1&resize=525%2C300 1.5x, https:\/\/i0.wp.com\/elcentinelaformosa.com\/wp-content\/uploads\/2021\/01\/SAM_21661-960x420-1.jpg?fit=773%2C528&ssl=1&resize=700%2C400 2x"},"classes":[]},{"id":1789,"url":"https:\/\/elcentinelaformosa.com\/index.php\/2026\/01\/04\/fundacion-spa-al-auxilio-de-ayuda-por-equino\/","url_meta":{"origin":2005,"position":3},"title":"FUNDACI\u00d3N SPA AL AUXILIO DE AYUDA POR EQUINO","author":"Admin","date":"enero 4, 2026","format":false,"excerpt":"En el transcurso del d\u00eda s\u00e1bado 2 de marzo la presidente de la Fundaci\u00f3n SPA, Se\u00f1ora Virginia Fern\u00e1ndez en compa\u00f1\u00eda de colaboradores ( proteccionistas y comunicadores) se traslad\u00f3 a la localidad de moj\u00f3n de Fierro, (Formosa) para responder a un pedido de auxilio para un potrillo que hab\u00edan visto en\u2026","rel":"","context":"En &quot;El Centinela&quot;","block_context":{"text":"El Centinela","link":"https:\/\/elcentinelaformosa.com\/index.php\/category\/el-centinela\/"},"img":{"alt_text":"","src":"https:\/\/i0.wp.com\/elcentinelaformosa.com\/wp-content\/uploads\/2024\/03\/20240303_190821-ANIMATION.gif?fit=1032%2C694&ssl=1&resize=350%2C200","width":350,"height":200,"srcset":"https:\/\/i0.wp.com\/elcentinelaformosa.com\/wp-content\/uploads\/2024\/03\/20240303_190821-ANIMATION.gif?fit=1032%2C694&ssl=1&resize=350%2C200 1x, https:\/\/i0.wp.com\/elcentinelaformosa.com\/wp-content\/uploads\/2024\/03\/20240303_190821-ANIMATION.gif?fit=1032%2C694&ssl=1&resize=525%2C300 1.5x, https:\/\/i0.wp.com\/elcentinelaformosa.com\/wp-content\/uploads\/2024\/03\/20240303_190821-ANIMATION.gif?fit=1032%2C694&ssl=1&resize=700%2C400 2x"},"classes":[]},{"id":1716,"url":"https:\/\/elcentinelaformosa.com\/index.php\/2026\/04\/01\/formosa-el-yaguarete-esta-bajo-el-amparo-y-proteccion-internacional-de-instituciones-y-juristas\/","url_meta":{"origin":2005,"position":4},"title":"FORMOSA: EL YAGUARET\u00c9 EST\u00c1 BAJO EL AMPARO Y PROTECCION INTERNACIONAL DE INSTITUCIONES Y JURISTAS","author":"Admin","date":"abril 1, 2026","format":false,"excerpt":"Desde el foro nacional e internacional se ha pedido el amparo y protecci\u00f3n del Yaguaret\u00e9 captado por las c\u00e1maras en la Provincia de Formosa Durante la jornada del d\u00eda viernes 7 de Julio, la doctora Laura Cecilia Velasco; abogada especialista en protecci\u00f3n animal y ambiental, reconocida internacionalmente como pionera en\u2026","rel":"","context":"En &quot;El Centinela&quot;","block_context":{"text":"El Centinela","link":"https:\/\/elcentinelaformosa.com\/index.php\/category\/el-centinela\/"},"img":{"alt_text":"","src":"https:\/\/i0.wp.com\/elcentinelaformosa.com\/wp-content\/uploads\/2023\/07\/20230708_012526-ANIMATION-1.gif?fit=665%2C1032&ssl=1&resize=350%2C200","width":350,"height":200,"srcset":"https:\/\/i0.wp.com\/elcentinelaformosa.com\/wp-content\/uploads\/2023\/07\/20230708_012526-ANIMATION-1.gif?fit=665%2C1032&ssl=1&resize=350%2C200 1x, https:\/\/i0.wp.com\/elcentinelaformosa.com\/wp-content\/uploads\/2023\/07\/20230708_012526-ANIMATION-1.gif?fit=665%2C1032&ssl=1&resize=525%2C300 1.5x"},"classes":[]},{"id":1107,"url":"https:\/\/elcentinelaformosa.com\/index.php\/2026\/04\/01\/formosa-el-colorado-habria-negacion-de-justicia-para-los-animales-a-pesar-de-la-ley-nacional\/","url_meta":{"origin":2005,"position":5},"title":"FORMOSA: EL COLORADO. HABR\u00cdA NEGACI\u00d3N DE JUSTICIA PARA LOS ANIMALES A PESAR DE LA LEY NACIONAL?","author":"Admin","date":"abril 1, 2026","format":false,"excerpt":"FORMOSA: EL COLORADO: ESTA PERSONA NO HUMANA NECESITA AYUDA Y DE MANERA URGENTE. EL CAN HACE M\u00c1S DE UN A\u00d1O SE HALLARIA SIENDO V\u00cdCTIMA DE MALOS TRATOS, COMO POR EJEMPLO QUE SE HALLAR\u00cdA ATADO CON CADENA Y CANDADO. ABANDONADO EN UNA CASA DESHABITADA. Y SIN ATENCI\u00d3N ADECUADA , COMO LO\u2026","rel":"","context":"En &quot;Derecho snimal&quot;","block_context":{"text":"Derecho snimal","link":"https:\/\/elcentinelaformosa.com\/index.php\/category\/derecho-snimal\/"},"img":{"alt_text":"","src":"https:\/\/i0.wp.com\/elcentinelaformosa.com\/wp-content\/uploads\/2021\/09\/IMG-20210922-WA0090.jpg?fit=720%2C800&ssl=1&resize=350%2C200","width":350,"height":200,"srcset":"https:\/\/i0.wp.com\/elcentinelaformosa.com\/wp-content\/uploads\/2021\/09\/IMG-20210922-WA0090.jpg?fit=720%2C800&ssl=1&resize=350%2C200 1x, https:\/\/i0.wp.com\/elcentinelaformosa.com\/wp-content\/uploads\/2021\/09\/IMG-20210922-WA0090.jpg?fit=720%2C800&ssl=1&resize=525%2C300 1.5x, https:\/\/i0.wp.com\/elcentinelaformosa.com\/wp-content\/uploads\/2021\/09\/IMG-20210922-WA0090.jpg?fit=720%2C800&ssl=1&resize=700%2C400 2x"},"classes":[]}],"jetpack_sharing_enabled":true,"jetpack_likes_enabled":true,"_links":{"self":[{"href":"https:\/\/elcentinelaformosa.com\/index.php\/wp-json\/wp\/v2\/posts\/2005","targetHints":{"allow":["GET"]}}],"collection":[{"href":"https:\/\/elcentinelaformosa.com\/index.php\/wp-json\/wp\/v2\/posts"}],"about":[{"href":"https:\/\/elcentinelaformosa.com\/index.php\/wp-json\/wp\/v2\/types\/post"}],"author":[{"embeddable":true,"href":"https:\/\/elcentinelaformosa.com\/index.php\/wp-json\/wp\/v2\/users\/2"}],"replies":[{"embeddable":true,"href":"https:\/\/elcentinelaformosa.com\/index.php\/wp-json\/wp\/v2\/comments?post=2005"}],"version-history":[{"count":1,"href":"https:\/\/elcentinelaformosa.com\/index.php\/wp-json\/wp\/v2\/posts\/2005\/revisions"}],"predecessor-version":[{"id":2008,"href":"https:\/\/elcentinelaformosa.com\/index.php\/wp-json\/wp\/v2\/posts\/2005\/revisions\/2008"}],"wp:featuredmedia":[{"embeddable":true,"href":"https:\/\/elcentinelaformosa.com\/index.php\/wp-json\/wp\/v2\/media\/2006"}],"wp:attachment":[{"href":"https:\/\/elcentinelaformosa.com\/index.php\/wp-json\/wp\/v2\/media?parent=2005"}],"wp:term":[{"taxonomy":"category","embeddable":true,"href":"https:\/\/elcentinelaformosa.com\/index.php\/wp-json\/wp\/v2\/categories?post=2005"},{"taxonomy":"post_tag","embeddable":true,"href":"https:\/\/elcentinelaformosa.com\/index.php\/wp-json\/wp\/v2\/tags?post=2005"}],"curies":[{"name":"wp","href":"https:\/\/api.w.org\/{rel}","templated":true}]}}