{"id":207,"date":"2026-02-27T11:02:06","date_gmt":"2026-02-27T14:02:06","guid":{"rendered":"https:\/\/elcentinelaformosa.com\/?p=207"},"modified":"2026-02-27T11:02:06","modified_gmt":"2026-02-27T14:02:06","slug":"gala-en-uulos-angeles-eeuu-especialista-en-derecho-animal-representa-a-la-argentina","status":"publish","type":"post","link":"https:\/\/elcentinelaformosa.com\/index.php\/2026\/02\/27\/gala-en-uulos-angeles-eeuu-especialista-en-derecho-animal-representa-a-la-argentina\/","title":{"rendered":"GALA EN LOS ANGELES, EEUU: ESPECIALISTA EN DERECHO ANIMAL REPRESENTA A LA ARGENTINA"},"content":{"rendered":"\r\n<figure class=\"wp-block-image size-large\"><img data-recalc-dims=\"1\" loading=\"lazy\" decoding=\"async\" width=\"576\" height=\"834\" class=\"wp-image-206\" src=\"https:\/\/i0.wp.com\/elcentinelaformosa.com\/wp-content\/uploads\/2020\/10\/wp-16028638728792217888955105945653.jpg?resize=576%2C834&#038;ssl=1\" alt=\"\" srcset=\"https:\/\/i0.wp.com\/elcentinelaformosa.com\/wp-content\/uploads\/2020\/10\/wp-16028638728792217888955105945653.jpg?w=576&amp;ssl=1 576w, https:\/\/i0.wp.com\/elcentinelaformosa.com\/wp-content\/uploads\/2020\/10\/wp-16028638728792217888955105945653.jpg?resize=207%2C300&amp;ssl=1 207w\" sizes=\"auto, (max-width: 576px) 100vw, 576px\" \/>\r\n<figcaption>En Los \u00c1ngeles, EEUU, durante el d\u00eda de ayer jueves 15 de octubre se realiz\u00f3 una gala con grandes artistas y personas c\u00e9lebres de todo el mundo. La misma fue organizada por Expediente Rojo. Org<\/figcaption>\r\n<\/figure>\r\n\r\n\r\n\r\n<p>Argentina estuvo representada por su excelente trayectoria en derecho animal, la doctora Laura Velasco, considerada por sus pares una eminencia en el derecho y por sobre todo en defensa de todos los seres sintientes sobre el planeta.<\/p>\r\n<p>&nbsp;<\/p>\r\n<p><img data-recalc-dims=\"1\" loading=\"lazy\" decoding=\"async\" class=\"alignnone  wp-image-210\" src=\"https:\/\/i0.wp.com\/elcentinelaformosa.com\/wp-content\/uploads\/2020\/10\/img-20201016-wa00313121219677438793438.jpg?resize=383%2C418\" alt=\"\" width=\"383\" height=\"418\" srcset=\"https:\/\/i0.wp.com\/elcentinelaformosa.com\/wp-content\/uploads\/2020\/10\/img-20201016-wa00313121219677438793438.jpg?resize=275%2C300&amp;ssl=1 275w, https:\/\/i0.wp.com\/elcentinelaformosa.com\/wp-content\/uploads\/2020\/10\/img-20201016-wa00313121219677438793438.jpg?w=587&amp;ssl=1 587w\" sizes=\"auto, (max-width: 383px) 100vw, 383px\" \/><\/p>\r\n<p><img data-recalc-dims=\"1\" loading=\"lazy\" decoding=\"async\" class=\"alignnone  wp-image-218\" src=\"https:\/\/i0.wp.com\/elcentinelaformosa.com\/wp-content\/uploads\/2020\/10\/Doctora-Laura-Velasco.jpg?resize=397%2C272\" alt=\"\" width=\"397\" height=\"272\" srcset=\"https:\/\/i0.wp.com\/elcentinelaformosa.com\/wp-content\/uploads\/2020\/10\/Doctora-Laura-Velasco.jpg?resize=300%2C205&amp;ssl=1 300w, https:\/\/i0.wp.com\/elcentinelaformosa.com\/wp-content\/uploads\/2020\/10\/Doctora-Laura-Velasco.jpg?w=765&amp;ssl=1 765w\" sizes=\"auto, (max-width: 397px) 100vw, 397px\" \/><\/p>\r\n\r\n\r\n\r\n<figure class=\"wp-block-image size-large\"><img data-recalc-dims=\"1\" loading=\"lazy\" decoding=\"async\" width=\"700\" height=\"525\" class=\"wp-image-211\" src=\"https:\/\/i0.wp.com\/elcentinelaformosa.com\/wp-content\/uploads\/2020\/10\/fb_img_16028627767127550629321964066742.jpg?resize=700%2C525&#038;ssl=1\" alt=\"\" srcset=\"https:\/\/i0.wp.com\/elcentinelaformosa.com\/wp-content\/uploads\/2020\/10\/fb_img_16028627767127550629321964066742.jpg?w=720&amp;ssl=1 720w, https:\/\/i0.wp.com\/elcentinelaformosa.com\/wp-content\/uploads\/2020\/10\/fb_img_16028627767127550629321964066742.jpg?resize=300%2C225&amp;ssl=1 300w\" sizes=\"auto, (max-width: 700px) 100vw, 700px\" \/>\r\n<figcaption>Representante de Brasil<\/figcaption>\r\n<\/figure>\r\n\r\n\r\n\r\n<figure class=\"wp-block-image size-large\"><img data-recalc-dims=\"1\" loading=\"lazy\" decoding=\"async\" width=\"700\" height=\"525\" class=\"wp-image-212\" src=\"https:\/\/i0.wp.com\/elcentinelaformosa.com\/wp-content\/uploads\/2020\/10\/fb_img_16028627407303266911742786468922.jpg?resize=700%2C525&#038;ssl=1\" alt=\"\" srcset=\"https:\/\/i0.wp.com\/elcentinelaformosa.com\/wp-content\/uploads\/2020\/10\/fb_img_16028627407303266911742786468922.jpg?w=720&amp;ssl=1 720w, https:\/\/i0.wp.com\/elcentinelaformosa.com\/wp-content\/uploads\/2020\/10\/fb_img_16028627407303266911742786468922.jpg?resize=300%2C225&amp;ssl=1 300w\" sizes=\"auto, (max-width: 700px) 100vw, 700px\" \/><\/figure>\r\n\r\n\r\n\r\n<figure class=\"wp-block-image size-large\"><img data-recalc-dims=\"1\" loading=\"lazy\" decoding=\"async\" width=\"700\" height=\"525\" class=\"wp-image-213\" src=\"https:\/\/i0.wp.com\/elcentinelaformosa.com\/wp-content\/uploads\/2020\/10\/fb_img_16028627359388921628147394181800.jpg?resize=700%2C525&#038;ssl=1\" alt=\"\" srcset=\"https:\/\/i0.wp.com\/elcentinelaformosa.com\/wp-content\/uploads\/2020\/10\/fb_img_16028627359388921628147394181800.jpg?w=720&amp;ssl=1 720w, https:\/\/i0.wp.com\/elcentinelaformosa.com\/wp-content\/uploads\/2020\/10\/fb_img_16028627359388921628147394181800.jpg?resize=300%2C225&amp;ssl=1 300w\" sizes=\"auto, (max-width: 700px) 100vw, 700px\" \/><\/figure>\r\n\r\n\r\n\r\n<p>El evento tuvo la participaci\u00f3n de celebridades del mundo entero. Quienes mediante las bondades de la comunicaci\u00f3n virtual, los defensores de la vida y libertad de todas las especies, as\u00ed como la salud del medio ambiente natural y social puedan seguir trabajando en las causas m\u00e1s nobles que puedan existir.<\/p>\r\n\r\n\r\n\r\n<figure class=\"wp-block-image size-large\"><img data-recalc-dims=\"1\" loading=\"lazy\" decoding=\"async\" width=\"700\" height=\"525\" class=\"wp-image-203\" src=\"https:\/\/i0.wp.com\/elcentinelaformosa.com\/wp-content\/uploads\/2020\/10\/FB_IMG_1602862709583-2.jpg?resize=700%2C525&#038;ssl=1\" alt=\"\" srcset=\"https:\/\/i0.wp.com\/elcentinelaformosa.com\/wp-content\/uploads\/2020\/10\/FB_IMG_1602862709583-2.jpg?w=720&amp;ssl=1 720w, https:\/\/i0.wp.com\/elcentinelaformosa.com\/wp-content\/uploads\/2020\/10\/FB_IMG_1602862709583-2.jpg?resize=300%2C225&amp;ssl=1 300w\" sizes=\"auto, (max-width: 700px) 100vw, 700px\" \/><\/figure>\r\n\r\n\r\n\r\n<figure class=\"wp-block-image\"><img data-recalc-dims=\"1\" loading=\"lazy\" decoding=\"async\" width=\"700\" height=\"525\" class=\"wp-image-199\" src=\"https:\/\/i0.wp.com\/elcentinelaformosa.com\/wp-content\/uploads\/2020\/10\/FB_IMG_1602862717217-1.jpg?resize=700%2C525&#038;ssl=1\" alt=\"\" srcset=\"https:\/\/i0.wp.com\/elcentinelaformosa.com\/wp-content\/uploads\/2020\/10\/FB_IMG_1602862717217-1.jpg?w=720&amp;ssl=1 720w, https:\/\/i0.wp.com\/elcentinelaformosa.com\/wp-content\/uploads\/2020\/10\/FB_IMG_1602862717217-1.jpg?resize=300%2C225&amp;ssl=1 300w\" sizes=\"auto, (max-width: 700px) 100vw, 700px\" \/><\/figure>\r\n\r\n\r\n\r\n<figure class=\"wp-block-image\"><img data-recalc-dims=\"1\" loading=\"lazy\" decoding=\"async\" width=\"700\" height=\"525\" class=\"wp-image-197\" src=\"https:\/\/i0.wp.com\/elcentinelaformosa.com\/wp-content\/uploads\/2020\/10\/FB_IMG_1602862723118.jpg?resize=700%2C525&#038;ssl=1\" alt=\"\" srcset=\"https:\/\/i0.wp.com\/elcentinelaformosa.com\/wp-content\/uploads\/2020\/10\/FB_IMG_1602862723118.jpg?w=720&amp;ssl=1 720w, https:\/\/i0.wp.com\/elcentinelaformosa.com\/wp-content\/uploads\/2020\/10\/FB_IMG_1602862723118.jpg?resize=300%2C225&amp;ssl=1 300w\" sizes=\"auto, (max-width: 700px) 100vw, 700px\" \/><\/figure>\r\n\r\n\r\n\r\n<figure class=\"wp-block-image\"><img data-recalc-dims=\"1\" loading=\"lazy\" decoding=\"async\" width=\"700\" height=\"525\" class=\"wp-image-196\" src=\"https:\/\/i0.wp.com\/elcentinelaformosa.com\/wp-content\/uploads\/2020\/10\/FB_IMG_1602862730051.jpg?resize=700%2C525&#038;ssl=1\" alt=\"\" srcset=\"https:\/\/i0.wp.com\/elcentinelaformosa.com\/wp-content\/uploads\/2020\/10\/FB_IMG_1602862730051.jpg?w=720&amp;ssl=1 720w, https:\/\/i0.wp.com\/elcentinelaformosa.com\/wp-content\/uploads\/2020\/10\/FB_IMG_1602862730051.jpg?resize=300%2C225&amp;ssl=1 300w\" sizes=\"auto, (max-width: 700px) 100vw, 700px\" \/><\/figure>\r\n\r\n\r\n\r\n\r\n\r\n\r\n\r\n<p>&#8230;.&#8221;Agradezco la invitaci\u00f3n y felicitaciones por la Gala Vitual Expediente Rojo.Org, y a su presidenta y fundadora Zully Rom\u00e1n, por la organizaci\u00f3n del evento desde Los \u00c1ngeles, California&#8230;..&#8221; fueron las palabras de la doctora Laura Velasco, especialista en derecho animal, proteccionista, activista, vegana, con amplia trayectoria en diferentes \u00e1reas de la ciencia.<\/p>\r\n\r\n\r\n\r\n<figure class=\"wp-block-image size-large\"><img data-recalc-dims=\"1\" loading=\"lazy\" decoding=\"async\" width=\"576\" height=\"834\" class=\"wp-image-209\" src=\"https:\/\/i0.wp.com\/elcentinelaformosa.com\/wp-content\/uploads\/2020\/10\/img-20201016-wa003023398596016724412120..jpg?resize=576%2C834&#038;ssl=1\" alt=\"\" srcset=\"https:\/\/i0.wp.com\/elcentinelaformosa.com\/wp-content\/uploads\/2020\/10\/img-20201016-wa003023398596016724412120..jpg?w=576&amp;ssl=1 576w, https:\/\/i0.wp.com\/elcentinelaformosa.com\/wp-content\/uploads\/2020\/10\/img-20201016-wa003023398596016724412120..jpg?resize=207%2C300&amp;ssl=1 207w\" sizes=\"auto, (max-width: 576px) 100vw, 576px\" \/>\r\n<figcaption>Fotos: Doctora Laura Velasco. Imagen tambi\u00e9n de Danny Trejo (actor)<\/figcaption>\r\n<\/figure>\r\n\r\n\r\n\r\n<figure class=\"wp-block-image size-large\"><img data-recalc-dims=\"1\" loading=\"lazy\" decoding=\"async\" width=\"587\" height=\"640\" class=\"wp-image-210\" src=\"https:\/\/i0.wp.com\/elcentinelaformosa.com\/wp-content\/uploads\/2020\/10\/img-20201016-wa00313121219677438793438.jpg?resize=587%2C640&#038;ssl=1\" alt=\"\" srcset=\"https:\/\/i0.wp.com\/elcentinelaformosa.com\/wp-content\/uploads\/2020\/10\/img-20201016-wa00313121219677438793438.jpg?w=587&amp;ssl=1 587w, https:\/\/i0.wp.com\/elcentinelaformosa.com\/wp-content\/uploads\/2020\/10\/img-20201016-wa00313121219677438793438.jpg?resize=275%2C300&amp;ssl=1 275w\" sizes=\"auto, (max-width: 587px) 100vw, 587px\" \/>\r\n<figcaption>Foto: Zully Rom\u00e1n, de la Organizaci\u00f3n Expediente Rojo.<\/figcaption>\r\n<\/figure>\r\n<p id=\"rop\"><small>Originally posted 2020-10-16 13:38:36. <\/small><\/p>","protected":false},"excerpt":{"rendered":"<p>Argentina estuvo representada por su excelente trayectoria en derecho animal, la doctora Laura Velasco, considerada por sus pares una eminencia en el derecho y por sobre todo en defensa de todos los seres sintientes sobre el planeta. &nbsp; El evento tuvo la participaci\u00f3n de celebridades del mundo entero. Quienes mediante las bondades de la comunicaci\u00f3n&#8230; <a href=\"https:\/\/elcentinelaformosa.com\/index.php\/2026\/02\/27\/gala-en-uulos-angeles-eeuu-especialista-en-derecho-animal-representa-a-la-argentina\/\">Read more: GALA EN LOS ANGELES, EEUU: ESPECIALISTA EN DERECHO ANIMAL REPRESENTA A LA ARGENTINA<\/a><\/p>\n","protected":false},"author":2,"featured_media":0,"comment_status":"open","ping_status":"open","sticky":false,"template":"","format":"image","meta":{"rop_custom_images_group":[],"rop_custom_messages_group":[],"rop_publish_now":"initial","rop_publish_now_accounts":{"twitter_815903348_815903348":""},"rop_publish_now_history":[],"rop_publish_now_status":"pending","h5ap_radio_sources":[],"_jetpack_memberships_contains_paid_content":false,"footnotes":"","jetpack_publicize_message":"","jetpack_publicize_feature_enabled":true,"jetpack_social_post_already_shared":true,"jetpack_social_options":{"image_generator_settings":{"template":"highway","default_image_id":0,"font":"","enabled":false},"version":2}},"categories":[1],"tags":[7,68,63,13,62,11,12,57,65,60,70,58,10,59,64,56,61,36,69,67,66],"class_list":["post-207","post","type-post","status-publish","format-image","hentry","category-uncategorized","tag-bastadefalsassoluciones","tag-activismo","tag-actores-del-mundo","tag-argentina","tag-celebridades","tag-centinela","tag-centinela-formosa","tag-doctora-laura-velasco","tag-ecologistas","tag-eeuu","tag-el-centinela-formosa","tag-especialista-en-derecho-animal","tag-formosa","tag-gala","tag-ideales","tag-laura-velasco","tag-los-angeles","tag-pachamama","tag-planeta","tag-protecionistas","tag-veganos","post_format-post-format-image"],"aioseo_notices":[],"jetpack_publicize_connections":[],"jetpack_featured_media_url":"","jetpack-related-posts":[{"id":1560,"url":"https:\/\/elcentinelaformosa.com\/index.php\/2026\/01\/04\/la-doctora-laura-velasco-representara-a-argentina-en-la-3conferencia-internacional-ilas-hufs-hk-2023\/","url_meta":{"origin":207,"position":0},"title":"LA DOCTORA LAURA VELASCO REPRESENTARA A ARGENTINA EN LA 3\u00b0CONFERENCIA  INTERNACIONAL ILAS-HUFS HK+ 2023","author":"Admin","date":"enero 4, 2026","format":false,"excerpt":"La Dra Laura Cecilia Velasco Pionera en Derecho Animal Creadora y Directora de la Revista Jur\u00eddica de Derecho Animal de IJEditores, participar\u00e1 por nuestro pa\u00eds y como Vicepresidenta internacional adjunta de Am\u00e9rica del Sur por ILBPA- Internacional Legal Bar & Profissional Association en la 3\u00aa Conferencia Internacional ILAS-HUFS HK+ 2023,\u2026","rel":"","context":"En &quot;Congresos y Conferencias&quot;","block_context":{"text":"Congresos y Conferencias","link":"https:\/\/elcentinelaformosa.com\/index.php\/category\/congresos-y-conferencias\/"},"img":{"alt_text":"","src":"https:\/\/i0.wp.com\/elcentinelaformosa.com\/wp-content\/uploads\/2023\/01\/img-20230113-wa00133505341314930540405.jpg?fit=848%2C1200&ssl=1&resize=350%2C200","width":350,"height":200,"srcset":"https:\/\/i0.wp.com\/elcentinelaformosa.com\/wp-content\/uploads\/2023\/01\/img-20230113-wa00133505341314930540405.jpg?fit=848%2C1200&ssl=1&resize=350%2C200 1x, https:\/\/i0.wp.com\/elcentinelaformosa.com\/wp-content\/uploads\/2023\/01\/img-20230113-wa00133505341314930540405.jpg?fit=848%2C1200&ssl=1&resize=525%2C300 1.5x, https:\/\/i0.wp.com\/elcentinelaformosa.com\/wp-content\/uploads\/2023\/01\/img-20230113-wa00133505341314930540405.jpg?fit=848%2C1200&ssl=1&resize=700%2C400 2x"},"classes":[]},{"id":1459,"url":"https:\/\/elcentinelaformosa.com\/index.php\/2026\/01\/04\/bioconflictividad-y-derecho-animal-en-en-marco-del-congreso-inter-y-multidisciplinario-del-derecho-y-medio-ambiente\/","url_meta":{"origin":207,"position":1},"title":"BIOCONFLICTIVIDAD Y DERECHO ANIMAL EN EN MARCO DEL CONGRESO INTER Y MULTIDISCIPLINARIO DEL DERECHO Y MEDIO AMBIENTE","author":"Admin","date":"enero 4, 2026","format":false,"excerpt":"DURANTE LA TARDE NOCHE DE AYER SE REALIZ\u00d3 LA CUARTA Y \u00daLTIMA JORNADA DEL CONGRESO INTERDISCIPLINARIO Y MULTIDISCIPLINARIO DONDE LAS M\u00c1S RELEVANTES FIGURAS DEL DERECHO INTERNACIONAL OCUPARON UN ESPACIO COMO DISERTANTES. ARGENTINA, DESDE EL DERECHO ANIMAL REPRESENTADA POR LA DOCTORA LAURA VELASCO, ESPECIALISTA Y PIONERA EN LA DEFENSA DEL DERECHO\u2026","rel":"","context":"En &quot;Derecho snimal&quot;","block_context":{"text":"Derecho snimal","link":"https:\/\/elcentinelaformosa.com\/index.php\/category\/derecho-snimal\/"},"img":{"alt_text":"","src":"https:\/\/i0.wp.com\/elcentinelaformosa.com\/wp-content\/uploads\/2022\/09\/Screenshot_20220921-194827-1.jpg?fit=366%2C253&ssl=1&resize=350%2C200","width":350,"height":200},"classes":[]},{"id":1586,"url":"https:\/\/elcentinelaformosa.com\/index.php\/2026\/01\/04\/especialista-en-derecho-animal-interviene-en-nuevo-caso-de-maltrato-y-abuso\/","url_meta":{"origin":207,"position":2},"title":"ESPECIALISTA EN DERECHO ANIMAL INTERVIENE EN NUEVO CASO DE MALTRATO Y ABUSO","author":"Admin","date":"enero 4, 2026","format":false,"excerpt":"El pasado d\u00eda jueves 09 de marzo se viralizo a trav\u00e9s de las redes sociales un caso que atenta contra los derechos del animal no humano en CABA (ciudad aut\u00f3noma de Buenos Aires) Ante los hechos trascendidos, la Dra. Laura Cecilia Velasco reconocida abogada especialista en derecho animal\u00a0 a nivel\u2026","rel":"","context":"En &quot;Derecho snimal&quot;","block_context":{"text":"Derecho snimal","link":"https:\/\/elcentinelaformosa.com\/index.php\/category\/derecho-snimal\/"},"img":{"alt_text":"","src":"https:\/\/i0.wp.com\/elcentinelaformosa.com\/wp-content\/uploads\/2021\/07\/wp-16264720224391985619108434465971.png?fit=696%2C895&ssl=1&resize=350%2C200","width":350,"height":200,"srcset":"https:\/\/i0.wp.com\/elcentinelaformosa.com\/wp-content\/uploads\/2021\/07\/wp-16264720224391985619108434465971.png?fit=696%2C895&ssl=1&resize=350%2C200 1x, https:\/\/i0.wp.com\/elcentinelaformosa.com\/wp-content\/uploads\/2021\/07\/wp-16264720224391985619108434465971.png?fit=696%2C895&ssl=1&resize=525%2C300 1.5x"},"classes":[]},{"id":1597,"url":"https:\/\/elcentinelaformosa.com\/index.php\/2026\/02\/27\/caba-rapida-respuesta-de-la-justicia-ante-denuncia-por-maltrato-animal\/","url_meta":{"origin":207,"position":3},"title":"CABA: R\u00c1PIDA RESPUESTA DE LA JUSTICIA ANTE DENUNCIA POR MALTRATO ANIMAL","author":"Admin","date":"febrero 27, 2026","format":false,"excerpt":"Tal como lo hab\u00eda anticipado el d\u00eda de ayer jueves 09 en\u00a0 la entrevista,\u00a0 la especialista en derecho animal, doctora Laura Cecilia Velasco hoy viernes 10 confirm\u00f3 la r\u00e1pida intervenci\u00f3n de la justicia en el caso de maltrato animal y posible abuso. Se logr\u00f3 el rescate de los caninos del\u2026","rel":"","context":"En &quot;Derecho snimal&quot;","block_context":{"text":"Derecho snimal","link":"https:\/\/elcentinelaformosa.com\/index.php\/category\/derecho-snimal\/"},"img":{"alt_text":"","src":"https:\/\/i0.wp.com\/elcentinelaformosa.com\/wp-content\/uploads\/2021\/07\/wp-16264720224391985619108434465971.png?fit=696%2C895&ssl=1&resize=350%2C200","width":350,"height":200,"srcset":"https:\/\/i0.wp.com\/elcentinelaformosa.com\/wp-content\/uploads\/2021\/07\/wp-16264720224391985619108434465971.png?fit=696%2C895&ssl=1&resize=350%2C200 1x, https:\/\/i0.wp.com\/elcentinelaformosa.com\/wp-content\/uploads\/2021\/07\/wp-16264720224391985619108434465971.png?fit=696%2C895&ssl=1&resize=525%2C300 1.5x"},"classes":[]},{"id":1402,"url":"https:\/\/elcentinelaformosa.com\/index.php\/2025\/12\/16\/con-exito-se-desarrollo-el-congreso-iberoamericano-sobre-derecho-animal-y-ambiental\/","url_meta":{"origin":207,"position":4},"title":"CON \u00c9XITO SE DESARROLL\u00d3 EL CONGRESO IBEROAMERICANO SOBRE DERECHO ANIMAL Y AMBIENTAL","author":"Admin","date":"diciembre 16, 2025","format":false,"excerpt":"Durante los d\u00edas jueves 7, viernes 8 y s\u00e1bado 9 de Julio se llev\u00f3 a cabo con gran \u00e9xito el CONGRESO IBEROAMERICANO DEL DERECHO DE LOS ANIMALES Y AMBIENTAL, tal como estaba previsto en el programa que se dio a conocer con antelaci\u00f3n por los organizadores. Dicho Congreso reuni\u00f3 a\u2026","rel":"","context":"En &quot;Derecho snimal&quot;","block_context":{"text":"Derecho snimal","link":"https:\/\/elcentinelaformosa.com\/index.php\/category\/derecho-snimal\/"},"img":{"alt_text":"","src":"https:\/\/i0.wp.com\/elcentinelaformosa.com\/wp-content\/uploads\/2022\/07\/wp-1657517270257.gif?fit=727%2C509&ssl=1&resize=350%2C200","width":350,"height":200,"srcset":"https:\/\/i0.wp.com\/elcentinelaformosa.com\/wp-content\/uploads\/2022\/07\/wp-1657517270257.gif?fit=727%2C509&ssl=1&resize=350%2C200 1x, https:\/\/i0.wp.com\/elcentinelaformosa.com\/wp-content\/uploads\/2022\/07\/wp-1657517270257.gif?fit=727%2C509&ssl=1&resize=525%2C300 1.5x, https:\/\/i0.wp.com\/elcentinelaformosa.com\/wp-content\/uploads\/2022\/07\/wp-1657517270257.gif?fit=727%2C509&ssl=1&resize=700%2C400 2x"},"classes":[]},{"id":1535,"url":"https:\/\/elcentinelaformosa.com\/index.php\/2026\/01\/04\/jornada-murcielagos-seres-imprescindibles-para-nuestro-planeta\/","url_meta":{"origin":207,"position":5},"title":"JORNADA: MURCI\u00c9LAGOS, SERES IMPRESCINDIBLES PARA NUESTRO PLANETA","author":"Admin","date":"enero 4, 2026","format":false,"excerpt":"En el d\u00eda de ayer martes 20 de diciembre a las 18 hs de nuestro pa\u00eds , tuvo lugar la Jornada virtual : \u201cMurci\u00e9lagos : seres imprescindibles para nuestro planeta \u201c , organizada por el Instituto de Derecho Animal de Aidca (Asociaci\u00f3n Iberoamericana de Derecho, Cultura y Ambiente) cuya Coordinadora\u2026","rel":"","context":"En &quot;Derecho snimal&quot;","block_context":{"text":"Derecho snimal","link":"https:\/\/elcentinelaformosa.com\/index.php\/category\/derecho-snimal\/"},"img":{"alt_text":"","src":"https:\/\/i0.wp.com\/elcentinelaformosa.com\/wp-content\/uploads\/2022\/12\/20221221_035750-ANIMATION-1.gif?fit=829%2C1032&ssl=1&resize=350%2C200","width":350,"height":200,"srcset":"https:\/\/i0.wp.com\/elcentinelaformosa.com\/wp-content\/uploads\/2022\/12\/20221221_035750-ANIMATION-1.gif?fit=829%2C1032&ssl=1&resize=350%2C200 1x, https:\/\/i0.wp.com\/elcentinelaformosa.com\/wp-content\/uploads\/2022\/12\/20221221_035750-ANIMATION-1.gif?fit=829%2C1032&ssl=1&resize=525%2C300 1.5x, https:\/\/i0.wp.com\/elcentinelaformosa.com\/wp-content\/uploads\/2022\/12\/20221221_035750-ANIMATION-1.gif?fit=829%2C1032&ssl=1&resize=700%2C400 2x"},"classes":[]}],"jetpack_sharing_enabled":true,"jetpack_likes_enabled":true,"_links":{"self":[{"href":"https:\/\/elcentinelaformosa.com\/index.php\/wp-json\/wp\/v2\/posts\/207","targetHints":{"allow":["GET"]}}],"collection":[{"href":"https:\/\/elcentinelaformosa.com\/index.php\/wp-json\/wp\/v2\/posts"}],"about":[{"href":"https:\/\/elcentinelaformosa.com\/index.php\/wp-json\/wp\/v2\/types\/post"}],"author":[{"embeddable":true,"href":"https:\/\/elcentinelaformosa.com\/index.php\/wp-json\/wp\/v2\/users\/2"}],"replies":[{"embeddable":true,"href":"https:\/\/elcentinelaformosa.com\/index.php\/wp-json\/wp\/v2\/comments?post=207"}],"version-history":[{"count":5,"href":"https:\/\/elcentinelaformosa.com\/index.php\/wp-json\/wp\/v2\/posts\/207\/revisions"}],"predecessor-version":[{"id":219,"href":"https:\/\/elcentinelaformosa.com\/index.php\/wp-json\/wp\/v2\/posts\/207\/revisions\/219"}],"wp:attachment":[{"href":"https:\/\/elcentinelaformosa.com\/index.php\/wp-json\/wp\/v2\/media?parent=207"}],"wp:term":[{"taxonomy":"category","embeddable":true,"href":"https:\/\/elcentinelaformosa.com\/index.php\/wp-json\/wp\/v2\/categories?post=207"},{"taxonomy":"post_tag","embeddable":true,"href":"https:\/\/elcentinelaformosa.com\/index.php\/wp-json\/wp\/v2\/tags?post=207"}],"curies":[{"name":"wp","href":"https:\/\/api.w.org\/{rel}","templated":true}]}}