{"id":308,"date":"2026-02-27T11:02:13","date_gmt":"2026-02-27T14:02:13","guid":{"rendered":"http:\/\/elcentinelaformosa.com\/?p=308"},"modified":"2026-02-27T11:02:13","modified_gmt":"2026-02-27T14:02:13","slug":"sputnik-el-oscuro-origen-del-nombre-de-la-vacuna","status":"publish","type":"post","link":"https:\/\/elcentinelaformosa.com\/index.php\/2026\/02\/27\/sputnik-el-oscuro-origen-del-nombre-de-la-vacuna\/","title":{"rendered":"SPUTNIK: EL OSCURO ORIGEN DEL NOMBRE DE LA VACUNA"},"content":{"rendered":"<p><img data-recalc-dims=\"1\" loading=\"lazy\" decoding=\"async\" class=\"wp-image-316 alignnone size-full\" src=\"https:\/\/i0.wp.com\/elcentinelaformosa.com\/wp-content\/uploads\/2020\/11\/img-20201109-wa00219072276961750643749.jpg?resize=250%2C359&#038;ssl=1\" width=\"250\" height=\"359\" srcset=\"https:\/\/i0.wp.com\/elcentinelaformosa.com\/wp-content\/uploads\/2020\/11\/img-20201109-wa00219072276961750643749.jpg?w=250&amp;ssl=1 250w, https:\/\/i0.wp.com\/elcentinelaformosa.com\/wp-content\/uploads\/2020\/11\/img-20201109-wa00219072276961750643749.jpg?resize=209%2C300&amp;ssl=1 209w\" sizes=\"auto, (max-width: 250px) 100vw, 250px\" \/><\/p>\n<p>Sputnik 2 Ruso, env\u00edo a la perrita Laika a Orbitar la tierra y a morir en la m\u00e1s cruel y absoluta soledad, morir por inanici\u00f3n y falta de ox\u00edgeno, por ser objeto de experimento de un r\u00e9gimen autoritario y Ateo. La decisi\u00f3n del poder sovi\u00e9tico de experimentar con un animal inocente, enviarlo a morir en el espacio, solo por hacer un experimento? Porque no podr\u00edamos pensar que ese &#8221; experimento &#8221; con la pobre Laika no se repetir\u00eda ahora con la excusa de la PANDEMIA?<\/p>\n<p><img data-recalc-dims=\"1\" loading=\"lazy\" decoding=\"async\" class=\"wp-image-320 alignnone size-full\" src=\"https:\/\/i0.wp.com\/elcentinelaformosa.com\/wp-content\/uploads\/2020\/11\/img-20201109-wa00244426134101032165410.jpg?resize=275%2C183&#038;ssl=1\" width=\"275\" height=\"183\" \/><\/p>\n<p>El mismo nombre del proyecto Sputnik 2, ahora la &#8220;vacuna&#8221; se llama Sputnik 5? Da para pensar. Ser\u00eda como que nos digan que el Dr Menguele el genocida alem\u00e1n vendr\u00eda a salvarnos de virus de la corona&#8230;?<\/p>\n<p><img data-recalc-dims=\"1\" loading=\"lazy\" decoding=\"async\" class=\"wp-image-317 alignnone size-full\" src=\"https:\/\/i0.wp.com\/elcentinelaformosa.com\/wp-content\/uploads\/2020\/11\/img-20201109-wa00234928883511335348524.jpg?resize=640%2C474&#038;ssl=1\" width=\"640\" height=\"474\" srcset=\"https:\/\/i0.wp.com\/elcentinelaformosa.com\/wp-content\/uploads\/2020\/11\/img-20201109-wa00234928883511335348524.jpg?w=640&amp;ssl=1 640w, https:\/\/i0.wp.com\/elcentinelaformosa.com\/wp-content\/uploads\/2020\/11\/img-20201109-wa00234928883511335348524.jpg?resize=300%2C222&amp;ssl=1 300w\" sizes=\"auto, (max-width: 640px) 100vw, 640px\" \/><\/p>\n<p>LAIKA MUERE EN LA C\u00c1PSULA DEL SPUTNIK SOLA Y ABANDONADA<\/p>\n<p><img data-recalc-dims=\"1\" loading=\"lazy\" decoding=\"async\" class=\"wp-image-318 alignnone size-full\" src=\"https:\/\/i0.wp.com\/elcentinelaformosa.com\/wp-content\/uploads\/2020\/11\/img-20201109-wa00195158928728918779513.jpg?resize=260%2C194&#038;ssl=1\" width=\"260\" height=\"194\" \/><\/p>\n<ol>\n<li>Laika (en ruso \u041b\u0430\u0439\u043a\u0430, \u2018ladradora\u2019; Mosc\u00fa, Uni\u00f3n Sovi\u00e9tica, 1954 &#8211; Sputnik 2, \u00d3rbita baja terrestre, 3 de noviembre de 1957) fue una perra espacial sovi\u00e9tica que se convirti\u00f3 en el primer ser vivo terrestre en orbitar la Tierra. Lo hizo a bordo de la nave sovi\u00e9tica Sputnik 2, el 3 de noviembre de 1957, un mes despu\u00e9s que el sat\u00e9lite Sputnik 1. Tambi\u00e9n fue el primer animal que muri\u00f3 en \u00f3rbita luego de una larga agon\u00eda , trascendi\u00f3 en medios internacionales , la muerte lenta de la perrita Laika fue calculada por cient\u00edficos espaciales sovi\u00e9ticos.<\/li>\n<li><img data-recalc-dims=\"1\" loading=\"lazy\" decoding=\"async\" class=\"wp-image-319 alignnone size-full\" src=\"https:\/\/i0.wp.com\/elcentinelaformosa.com\/wp-content\/uploads\/2020\/11\/img-20201109-wa00205616406606202335651.jpg?resize=275%2C183&#038;ssl=1\" width=\"275\" height=\"183\" \/><\/li>\n<\/ol>\n<p id=\"rop\"><small>Originally posted 2020-11-09 22:21:43. <\/small><\/p>","protected":false},"excerpt":{"rendered":"<p>Sputnik 2 Ruso, env\u00edo a la perrita Laika a Orbitar la tierra y a morir en la m\u00e1s cruel y absoluta soledad, morir por inanici\u00f3n y falta de ox\u00edgeno, por ser objeto de experimento de un r\u00e9gimen autoritario y Ateo. La decisi\u00f3n del poder sovi\u00e9tico de experimentar con un animal inocente, enviarlo a morir en&#8230; <a href=\"https:\/\/elcentinelaformosa.com\/index.php\/2026\/02\/27\/sputnik-el-oscuro-origen-del-nombre-de-la-vacuna\/\">Read more: SPUTNIK: EL OSCURO ORIGEN DEL NOMBRE DE LA VACUNA<\/a><\/p>\n","protected":false},"author":2,"featured_media":322,"comment_status":"open","ping_status":"open","sticky":false,"template":"","format":"standard","meta":{"rop_custom_images_group":[],"rop_custom_messages_group":[],"rop_publish_now":"initial","rop_publish_now_accounts":{"twitter_815903348_815903348":""},"rop_publish_now_history":[],"rop_publish_now_status":"pending","h5ap_radio_sources":[],"_jetpack_memberships_contains_paid_content":false,"footnotes":"","jetpack_publicize_message":"","jetpack_publicize_feature_enabled":true,"jetpack_social_post_already_shared":true,"jetpack_social_options":{"image_generator_settings":{"template":"highway","default_image_id":0,"font":"","enabled":false},"version":2}},"categories":[6,5,77,1],"tags":[7,68,85,63,89,19,30,13,92,91,93],"class_list":["post-308","post","type-post","status-publish","format-standard","has-post-thumbnail","hentry","category-el-centinela","category-local","category-redes","category-uncategorized","tag-bastadefalsassoluciones","tag-activismo","tag-activistas","tag-actores-del-mundo","tag-actualizacion-sobre-derecho-animal","tag-aire","tag-alberto-fernandez","tag-argentina","tag-covid19","tag-rusia-cfk","tag-vacuna-covid-19"],"aioseo_notices":[],"jetpack_publicize_connections":[],"jetpack_featured_media_url":"https:\/\/i0.wp.com\/elcentinelaformosa.com\/wp-content\/uploads\/2020\/11\/IMG-20201109-WA0019.jpg?fit=260%2C194&ssl=1","jetpack-related-posts":[{"id":1245,"url":"https:\/\/elcentinelaformosa.com\/index.php\/2026\/04\/01\/la-sequia-como-pretexto-de-nuevos-beneficios-para-algunos-sectores\/","url_meta":{"origin":308,"position":0},"title":"LA SEQU\u00cdA COMO PRETEXTO DE NUEVOS BENEFICIOS PARA ALGUNOS SECTORES?","author":"Admin","date":"abril 1, 2026","format":false,"excerpt":"La Argentina, que otrora fuera\u00a0 considerada como granero del mundo, hoy convertida en cenizas Duele mirar las im\u00e1genes de los incendios forestales, la tala indiscriminada y las consecuencias para el cultivo. Porque la econom\u00eda ser\u00eda m\u00e1s beneficiosa para el planeta con el sector agr\u00edcola. Se terminar\u00eda con el hambre en\u2026","rel":"","context":"En &quot;Derecho snimal&quot;","block_context":{"text":"Derecho snimal","link":"https:\/\/elcentinelaformosa.com\/index.php\/category\/derecho-snimal\/"},"img":{"alt_text":"","src":"https:\/\/i0.wp.com\/elcentinelaformosa.com\/wp-content\/uploads\/2022\/02\/20220205_101157-ANIMATION-1.gif?fit=998%2C606&ssl=1&resize=350%2C200","width":350,"height":200,"srcset":"https:\/\/i0.wp.com\/elcentinelaformosa.com\/wp-content\/uploads\/2022\/02\/20220205_101157-ANIMATION-1.gif?fit=998%2C606&ssl=1&resize=350%2C200 1x, https:\/\/i0.wp.com\/elcentinelaformosa.com\/wp-content\/uploads\/2022\/02\/20220205_101157-ANIMATION-1.gif?fit=998%2C606&ssl=1&resize=525%2C300 1.5x, https:\/\/i0.wp.com\/elcentinelaformosa.com\/wp-content\/uploads\/2022\/02\/20220205_101157-ANIMATION-1.gif?fit=998%2C606&ssl=1&resize=700%2C400 2x"},"classes":[]},{"id":470,"url":"https:\/\/elcentinelaformosa.com\/index.php\/2026\/02\/27\/javier-burgos-denuncia-el-fraude-de-la-viviseccion-de-los-laboratorios-farmaceuticos\/","url_meta":{"origin":308,"position":1},"title":"JAVIER BURGOS DENUNCIA EL FRAUDE DE LA VIVISECCION DE LOS LABORATORIOS FARMAC\u00c9UTICOS","author":"Admin","date":"febrero 27, 2026","format":false,"excerpt":"LA PR\u00d3XIMA VEZ QUE TE ENFERMES MAS TE VALE IR AL VETERINARIO\" por \u00c1ngel Padilla.2020. ENTREVISTA JAVIER BURGOS, PRIMER DENUNCIADOR CONTRA LOS LABORATORIOS DE PRODUCTOS FARMAC\u00c9UTICOS, QUE PRACTICAN LA VIVISECCION PARA FABRICAR MEDICAMENTOS. Entrevista a Javier Burgos, denunciador del fraude de la vivisecci\u00f3n perpetrado por la industria m\u00e9dica y farmac\u00e9utica\u2026","rel":"","context":"En &quot;El Centinela&quot;","block_context":{"text":"El Centinela","link":"https:\/\/elcentinelaformosa.com\/index.php\/category\/el-centinela\/"},"img":{"alt_text":"","src":"https:\/\/i0.wp.com\/elcentinelaformosa.com\/wp-content\/uploads\/2020\/11\/IMG-20201125-WA0002.jpg?fit=650%2C533&ssl=1&resize=350%2C200","width":350,"height":200,"srcset":"https:\/\/i0.wp.com\/elcentinelaformosa.com\/wp-content\/uploads\/2020\/11\/IMG-20201125-WA0002.jpg?fit=650%2C533&ssl=1&resize=350%2C200 1x, https:\/\/i0.wp.com\/elcentinelaformosa.com\/wp-content\/uploads\/2020\/11\/IMG-20201125-WA0002.jpg?fit=650%2C533&ssl=1&resize=525%2C300 1.5x"},"classes":[]},{"id":95,"url":"https:\/\/elcentinelaformosa.com\/index.php\/2026\/02\/28\/modelo-del-poder-politico-formoseno-elige-mataderos-antes-que-el-cultivo\/","url_meta":{"origin":308,"position":2},"title":"MODELO DEL PODER POLITICO, FORMOSE\u00d1O ELIGE MATADEROS ANTES QUE EL CULTIVO","author":"Admin","date":"febrero 28, 2026","format":false,"excerpt":"MATADEROS: EL NEGOCIO DE LA MUERTE. SE PREFIEREN MATADEROS Y SE DEJA MORIR EL CULTIVO? MATADEROS MOVILES, UN PROYECTO DEL GOBIERNO DE FORMOSA. ESTO ANUNCIA EL PODER COMO UN AVANCE PERO EN REALIDAD SERIA UN RETROCESO. EL ESCUDO PROVINCIAL TIENE EN EL CENTRO UN CAPULLO DE ALGODON, SIGNIFICANDO QUE LA\u2026","rel":"","context":"En \"ACUERO PORCINO CON CHINA\"","block_context":{"text":"ACUERO PORCINO CON CHINA","link":"https:\/\/elcentinelaformosa.com\/index.php\/tag\/acuero-porcino-con-china\/"},"img":{"alt_text":"","src":"https:\/\/i0.wp.com\/elcentinelaformosa.com\/wp-content\/uploads\/2020\/09\/69.jpg?fit=1200%2C675&ssl=1&resize=350%2C200","width":350,"height":200,"srcset":"https:\/\/i0.wp.com\/elcentinelaformosa.com\/wp-content\/uploads\/2020\/09\/69.jpg?fit=1200%2C675&ssl=1&resize=350%2C200 1x, https:\/\/i0.wp.com\/elcentinelaformosa.com\/wp-content\/uploads\/2020\/09\/69.jpg?fit=1200%2C675&ssl=1&resize=525%2C300 1.5x, https:\/\/i0.wp.com\/elcentinelaformosa.com\/wp-content\/uploads\/2020\/09\/69.jpg?fit=1200%2C675&ssl=1&resize=700%2C400 2x, https:\/\/i0.wp.com\/elcentinelaformosa.com\/wp-content\/uploads\/2020\/09\/69.jpg?fit=1200%2C675&ssl=1&resize=1050%2C600 3x"},"classes":[]},{"id":891,"url":"https:\/\/elcentinelaformosa.com\/index.php\/2026\/03\/27\/formosa-zoonosis-ausente-zoonosis-ausente\/","url_meta":{"origin":308,"position":3},"title":"FORMOSA: ZOONOSIS? &#8230; AUSENTE. &#8230; ZOONOSIS? &#8230; AUSENTE&#8230;","author":"Admin","date":"marzo 27, 2026","format":false,"excerpt":"El lote 110 y 111 de la ciudad de Formosa, la cual forma parte del ejido municipal, como tantos otros barrios considerados sectores de alta vulnerabilidad.\u00a0 Zona de carrerros, equivale a decir lugares de mayor\u00a0 sufrimiento animal, especialmente entre los equinos. Animales enfermos, lastimados, cortados, desnutridos, que llevan incluso infecciones\u2026","rel":"","context":"En &quot;Derecho snimal&quot;","block_context":{"text":"Derecho snimal","link":"https:\/\/elcentinelaformosa.com\/index.php\/category\/derecho-snimal\/"},"img":{"alt_text":"","src":"https:\/\/i0.wp.com\/elcentinelaformosa.com\/wp-content\/uploads\/2021\/06\/JOFRE-INSFRAN.jpg?fit=737%2C567&ssl=1&resize=350%2C200","width":350,"height":200,"srcset":"https:\/\/i0.wp.com\/elcentinelaformosa.com\/wp-content\/uploads\/2021\/06\/JOFRE-INSFRAN.jpg?fit=737%2C567&ssl=1&resize=350%2C200 1x, https:\/\/i0.wp.com\/elcentinelaformosa.com\/wp-content\/uploads\/2021\/06\/JOFRE-INSFRAN.jpg?fit=737%2C567&ssl=1&resize=525%2C300 1.5x, https:\/\/i0.wp.com\/elcentinelaformosa.com\/wp-content\/uploads\/2021\/06\/JOFRE-INSFRAN.jpg?fit=737%2C567&ssl=1&resize=700%2C400 2x"},"classes":[]},{"id":1496,"url":"https:\/\/elcentinelaformosa.com\/index.php\/2026\/01\/04\/alain-delon-y-su-amor-incondicional-hacia-los-animales\/","url_meta":{"origin":308,"position":4},"title":"ALAIN DELON Y SU AMOR INCONDICIONAL HACIA LOS ANIMALES","author":"Admin","date":"enero 4, 2026","format":false,"excerpt":"El actor Alain Delon, cuando era joven se vest\u00eda de una chaqueta militar lo mejor para calentar a todos los cachorros, que encontraba en su camino. En el d\u00eda de hoy, el actor franc\u00e9s, que tiene 86 a\u00f1os de edad, tiene 5 refugios para perros y gatos callejeros. \u201cEn mi\u2026","rel":"","context":"En &quot;Derecho snimal&quot;","block_context":{"text":"Derecho snimal","link":"https:\/\/elcentinelaformosa.com\/index.php\/category\/derecho-snimal\/"},"img":{"alt_text":"","src":"https:\/\/i0.wp.com\/elcentinelaformosa.com\/wp-content\/uploads\/2022\/10\/FB_IMG_1666107841139.jpg?fit=887%2C499&ssl=1&resize=350%2C200","width":350,"height":200,"srcset":"https:\/\/i0.wp.com\/elcentinelaformosa.com\/wp-content\/uploads\/2022\/10\/FB_IMG_1666107841139.jpg?fit=887%2C499&ssl=1&resize=350%2C200 1x, https:\/\/i0.wp.com\/elcentinelaformosa.com\/wp-content\/uploads\/2022\/10\/FB_IMG_1666107841139.jpg?fit=887%2C499&ssl=1&resize=525%2C300 1.5x, https:\/\/i0.wp.com\/elcentinelaformosa.com\/wp-content\/uploads\/2022\/10\/FB_IMG_1666107841139.jpg?fit=887%2C499&ssl=1&resize=700%2C400 2x"},"classes":[]},{"id":1382,"url":"https:\/\/elcentinelaformosa.com\/index.php\/2025\/12\/16\/formosa-dia-del-animal-anh-nada-que-celebrar-aumenta-la-explotacion-animal\/","url_meta":{"origin":308,"position":5},"title":"FORMOSA: DIA DEL ANIMAL (ANH) NADA QUE CELEBRAR, AUMENTA LA EXPLOTACI\u00d3N ANIMAL","author":"Admin","date":"diciembre 16, 2025","format":false,"excerpt":"Parad\u00f3jicamente, mientras el mundo plantea la necesidad de nuevos paradigmas como \u00fanica alternativa de salvar al planeta y todos los habitantes sin distinci\u00f3n de especies, considerando los derechos de todos, y avalados por la comunidad cient\u00edfica, Formosa permanece en el m\u00e1s oscuro retraso en cuanto a derecho e igualdad animal.\u2026","rel":"","context":"En &quot;Derecho snimal&quot;","block_context":{"text":"Derecho snimal","link":"https:\/\/elcentinelaformosa.com\/index.php\/category\/derecho-snimal\/"},"img":{"alt_text":"","src":"https:\/\/i0.wp.com\/elcentinelaformosa.com\/wp-content\/uploads\/2022\/05\/wp-16518426672516348604507841675004.png?fit=977%2C408&ssl=1&resize=350%2C200","width":350,"height":200,"srcset":"https:\/\/i0.wp.com\/elcentinelaformosa.com\/wp-content\/uploads\/2022\/05\/wp-16518426672516348604507841675004.png?fit=977%2C408&ssl=1&resize=350%2C200 1x, https:\/\/i0.wp.com\/elcentinelaformosa.com\/wp-content\/uploads\/2022\/05\/wp-16518426672516348604507841675004.png?fit=977%2C408&ssl=1&resize=525%2C300 1.5x, https:\/\/i0.wp.com\/elcentinelaformosa.com\/wp-content\/uploads\/2022\/05\/wp-16518426672516348604507841675004.png?fit=977%2C408&ssl=1&resize=700%2C400 2x"},"classes":[]}],"jetpack_sharing_enabled":true,"jetpack_likes_enabled":true,"_links":{"self":[{"href":"https:\/\/elcentinelaformosa.com\/index.php\/wp-json\/wp\/v2\/posts\/308","targetHints":{"allow":["GET"]}}],"collection":[{"href":"https:\/\/elcentinelaformosa.com\/index.php\/wp-json\/wp\/v2\/posts"}],"about":[{"href":"https:\/\/elcentinelaformosa.com\/index.php\/wp-json\/wp\/v2\/types\/post"}],"author":[{"embeddable":true,"href":"https:\/\/elcentinelaformosa.com\/index.php\/wp-json\/wp\/v2\/users\/2"}],"replies":[{"embeddable":true,"href":"https:\/\/elcentinelaformosa.com\/index.php\/wp-json\/wp\/v2\/comments?post=308"}],"version-history":[{"count":3,"href":"https:\/\/elcentinelaformosa.com\/index.php\/wp-json\/wp\/v2\/posts\/308\/revisions"}],"predecessor-version":[{"id":324,"href":"https:\/\/elcentinelaformosa.com\/index.php\/wp-json\/wp\/v2\/posts\/308\/revisions\/324"}],"wp:featuredmedia":[{"embeddable":true,"href":"https:\/\/elcentinelaformosa.com\/index.php\/wp-json\/wp\/v2\/media\/322"}],"wp:attachment":[{"href":"https:\/\/elcentinelaformosa.com\/index.php\/wp-json\/wp\/v2\/media?parent=308"}],"wp:term":[{"taxonomy":"category","embeddable":true,"href":"https:\/\/elcentinelaformosa.com\/index.php\/wp-json\/wp\/v2\/categories?post=308"},{"taxonomy":"post_tag","embeddable":true,"href":"https:\/\/elcentinelaformosa.com\/index.php\/wp-json\/wp\/v2\/tags?post=308"}],"curies":[{"name":"wp","href":"https:\/\/api.w.org\/{rel}","templated":true}]}}