{"id":346,"date":"2026-02-27T11:02:18","date_gmt":"2026-02-27T14:02:18","guid":{"rendered":"http:\/\/elcentinelaformosa.com\/?p=346"},"modified":"2026-02-27T11:02:18","modified_gmt":"2026-02-27T14:02:18","slug":"s-o-s-caballos-todos-por-la-salud-de-fugitivo","status":"publish","type":"post","link":"https:\/\/elcentinelaformosa.com\/index.php\/2026\/02\/27\/s-o-s-caballos-todos-por-la-salud-de-fugitivo\/","title":{"rendered":"S.O.S. CABALLOS: TODOS POR LA SALUD DE FUGITIVO"},"content":{"rendered":"<p>FUGA Y PERSECUSI\u00d3N POLICIAL EN EL NORTE DE LA CIUDAD<\/p>\n<p><img data-recalc-dims=\"1\" loading=\"lazy\" decoding=\"async\" class=\"alignnone size-medium wp-image-348\" src=\"https:\/\/i0.wp.com\/elcentinelaformosa.com\/wp-content\/uploads\/2020\/11\/wp-1605753259593648855958338051023.png?resize=300%2C246\" alt=\"\" width=\"300\" height=\"246\" srcset=\"https:\/\/i0.wp.com\/elcentinelaformosa.com\/wp-content\/uploads\/2020\/11\/wp-1605753259593648855958338051023.png?resize=300%2C246&amp;ssl=1 300w, https:\/\/i0.wp.com\/elcentinelaformosa.com\/wp-content\/uploads\/2020\/11\/wp-1605753259593648855958338051023.png?w=720&amp;ssl=1 720w\" sizes=\"auto, (max-width: 300px) 100vw, 300px\" \/><\/p>\n<p>De pel\u00edcula, en medio de un procedimiento policial por maltrato animal una mujer quien dijo ser la due\u00f1a del caballo, se trep\u00f3 se mont\u00f3 en el carro y azotando al equino se dio a la fuga.<\/p>\n<p><img data-recalc-dims=\"1\" loading=\"lazy\" decoding=\"async\" class=\"alignnone size-medium wp-image-350\" src=\"https:\/\/i0.wp.com\/elcentinelaformosa.com\/wp-content\/uploads\/2020\/11\/wp-16057533065815536467816497242715.png?resize=275%2C300\" alt=\"\" width=\"275\" height=\"300\" srcset=\"https:\/\/i0.wp.com\/elcentinelaformosa.com\/wp-content\/uploads\/2020\/11\/wp-16057533065815536467816497242715.png?resize=275%2C300&amp;ssl=1 275w, https:\/\/i0.wp.com\/elcentinelaformosa.com\/wp-content\/uploads\/2020\/11\/wp-16057533065815536467816497242715.png?w=700&amp;ssl=1 700w\" sizes=\"auto, (max-width: 275px) 100vw, 275px\" \/><\/p>\n<p>Los hechos sucedieron en la ma\u00f1ana de hoy, mi\u00e9rcoles 18 de noviembre, en la ciudad de Santa F\u00e9, tuvo intervenci\u00f3n la Comisaria 10\u00ba.<\/p>\n<p>Las rescatistas llegaron al lugar y activaron el protocolo de rescate para el equino, visiblemente en muy mal estado. el caballo, traccionaba un carro conducido por un hombre bebiendo cerveza.<\/p>\n<p>En el lugar, y en medio de la intervenci\u00f3n policial, una mujer subi\u00f3 al carro, sin decir palabra, latig\u00f3 sin piedad al animal y se dio a la fuga.<\/p>\n<p>Acci\u00f3n que desencaden\u00f3 una persecusi\u00f3n policial que en virtud de los esfuerzos no tardaron en llegar. culmin\u00f3 en el domicilio de la mujer, donde finalmente pudieron secuestrar el caballo.<\/p>\n<p>Los pasos siguientes fueron los protocolares, evaluaci\u00f3n del veterinario policial y la intervenci\u00f3n de la fiscal de turno Dra Carolina Parodi.<\/p>\n<p>La representante del Ministerio P\u00fablico Fiscal resolvi\u00f3 identificar al hombre y a la mujer por infracci\u00f3n a la ley 14346, atribuy\u00e9ndole adem\u00e1s a ella el delito de desacato a la autoridad.<\/p>\n<p>La persecusi\u00f3n policial dur\u00f3 varias cuadras hasta que finalmente rescatamos a Fugitivo, dijeron las rescatistas.<\/p>\n<p>Finalmente, el animal fue entregado a la Instituci\u00f3n S.O.S. CABALLOS. Lo bautizaron Fugitivo, como el desenlace.<\/p>\n<p>Actualmente se encuentra bajo un cuidado especial, debido al esfuerzo m\u00e1ximo que hizo a ra\u00edz de los latigazos de la mujer para huir del lugar.<\/p>\n<p><img data-recalc-dims=\"1\" loading=\"lazy\" decoding=\"async\" class=\"alignnone size-medium wp-image-351\" src=\"https:\/\/i0.wp.com\/elcentinelaformosa.com\/wp-content\/uploads\/2020\/11\/wp-16057533322713989567438888411037.png?resize=300%2C226\" alt=\"\" width=\"300\" height=\"226\" srcset=\"https:\/\/i0.wp.com\/elcentinelaformosa.com\/wp-content\/uploads\/2020\/11\/wp-16057533322713989567438888411037.png?resize=300%2C226&amp;ssl=1 300w, https:\/\/i0.wp.com\/elcentinelaformosa.com\/wp-content\/uploads\/2020\/11\/wp-16057533322713989567438888411037.png?w=720&amp;ssl=1 720w\" sizes=\"auto, (max-width: 300px) 100vw, 300px\" \/><\/p>\n<p><img data-recalc-dims=\"1\" loading=\"lazy\" decoding=\"async\" class=\"alignnone size-medium wp-image-349\" src=\"https:\/\/i0.wp.com\/elcentinelaformosa.com\/wp-content\/uploads\/2020\/11\/wp-16057532849427528793527970086910.png?resize=213%2C300\" alt=\"\" width=\"213\" height=\"300\" srcset=\"https:\/\/i0.wp.com\/elcentinelaformosa.com\/wp-content\/uploads\/2020\/11\/wp-16057532849427528793527970086910.png?resize=213%2C300&amp;ssl=1 213w, https:\/\/i0.wp.com\/elcentinelaformosa.com\/wp-content\/uploads\/2020\/11\/wp-16057532849427528793527970086910.png?resize=545%2C768&amp;ssl=1 545w, https:\/\/i0.wp.com\/elcentinelaformosa.com\/wp-content\/uploads\/2020\/11\/wp-16057532849427528793527970086910.png?w=720&amp;ssl=1 720w\" sizes=\"auto, (max-width: 213px) 100vw, 213px\" \/><\/p>\n<blockquote class=\"wp-embedded-content\" data-secret=\"wH1PK7zDiB\"><p><a href=\"https:\/\/soscaballosantafe.org\/2020\/11\/18\/fuga-y-persecusion-policial-en-el-norte-de-la-ciudad-rescatamos-a-fugitivo\/\">Fuga y persecusi\u00f3n policial en el norte de la ciudad. Rescatamos a Fugitivo<\/a><\/p><\/blockquote>\n<p><iframe loading=\"lazy\" class=\"wp-embedded-content\" sandbox=\"allow-scripts\" security=\"restricted\" style=\"position: absolute; clip: rect(1px, 1px, 1px, 1px);\" title=\"\u00abFuga y persecusi\u00f3n policial en el norte de la ciudad. Rescatamos a Fugitivo\u00bb \u2014 SOS Caballos Santa fe\" src=\"https:\/\/soscaballosantafe.org\/2020\/11\/18\/fuga-y-persecusion-policial-en-el-norte-de-la-ciudad-rescatamos-a-fugitivo\/embed\/#?secret=wH1PK7zDiB\" data-secret=\"wH1PK7zDiB\" width=\"600\" height=\"338\" frameborder=\"0\" marginwidth=\"0\" marginheight=\"0\" scrolling=\"no\"><\/iframe><\/p>\n<p>Gentileza: Doctora Veterinaria Alejandra Belda. Prestigiosa veterinaria y activista en defensa animal. Representante de la Instituci\u00f3n SOS CABALLOS. Santa Fe. Rescatista. Activista. Abolicionista.<\/p>\n<ul>\n<li><img data-recalc-dims=\"1\" loading=\"lazy\" decoding=\"async\" class=\"alignnone size-medium wp-image-347 aligncenter\" src=\"https:\/\/i0.wp.com\/elcentinelaformosa.com\/wp-content\/uploads\/2020\/11\/Screenshot_20201118-2321412.png?resize=300%2C267\" alt=\"\" width=\"300\" height=\"267\" srcset=\"https:\/\/i0.wp.com\/elcentinelaformosa.com\/wp-content\/uploads\/2020\/11\/Screenshot_20201118-2321412.png?resize=300%2C267&amp;ssl=1 300w, https:\/\/i0.wp.com\/elcentinelaformosa.com\/wp-content\/uploads\/2020\/11\/Screenshot_20201118-2321412.png?w=720&amp;ssl=1 720w\" sizes=\"auto, (max-width: 300px) 100vw, 300px\" \/><\/li>\n<\/ul>\n<p>&nbsp;<\/p>\n<p>&nbsp;<\/p>\n<p id=\"rop\"><small>Originally posted 2020-11-18 23:10:01. <\/small><\/p>","protected":false},"excerpt":{"rendered":"<p>FUGA Y PERSECUSI\u00d3N POLICIAL EN EL NORTE DE LA CIUDAD De pel\u00edcula, en medio de un procedimiento policial por maltrato animal una mujer quien dijo ser la due\u00f1a del caballo, se trep\u00f3 se mont\u00f3 en el carro y azotando al equino se dio a la fuga. Los hechos sucedieron en la ma\u00f1ana de hoy, mi\u00e9rcoles&#8230; <a href=\"https:\/\/elcentinelaformosa.com\/index.php\/2026\/02\/27\/s-o-s-caballos-todos-por-la-salud-de-fugitivo\/\">Read more: S.O.S. CABALLOS: TODOS POR LA SALUD DE FUGITIVO<\/a><\/p>\n","protected":false},"author":2,"featured_media":353,"comment_status":"open","ping_status":"open","sticky":false,"template":"","format":"standard","meta":{"rop_custom_images_group":[],"rop_custom_messages_group":[],"rop_publish_now":"initial","rop_publish_now_accounts":{"twitter_815903348_815903348":""},"rop_publish_now_history":[],"rop_publish_now_status":"pending","h5ap_radio_sources":[],"_jetpack_memberships_contains_paid_content":false,"footnotes":"","jetpack_publicize_message":"S.O.S. CABALLOS: TODOS POR LA SALUD DE FUGITIVO","jetpack_publicize_feature_enabled":true,"jetpack_social_post_already_shared":true,"jetpack_social_options":{"image_generator_settings":{"template":"highway","default_image_id":0,"font":"","enabled":false},"version":2}},"categories":[6,77,1],"tags":[7,68,85,89,30,13,97,90,38,99,98,66,100],"class_list":["post-346","post","type-post","status-publish","format-standard","has-post-thumbnail","hentry","category-el-centinela","category-redes","category-uncategorized","tag-bastadefalsassoluciones","tag-activismo","tag-activistas","tag-actualizacion-sobre-derecho-animal","tag-alberto-fernandez","tag-argentina","tag-caballos","tag-doctora-alejandra-velda","tag-poder-gubernamental","tag-santa-fe","tag-sos-caballos","tag-veganos","tag-veterinaria"],"aioseo_notices":[],"jetpack_publicize_connections":[],"jetpack_featured_media_url":"https:\/\/i0.wp.com\/elcentinelaformosa.com\/wp-content\/uploads\/2020\/11\/wp-16057533986636055739271150432208.png?fit=699%2C577&ssl=1","jetpack-related-posts":[{"id":1612,"url":"https:\/\/elcentinelaformosa.com\/index.php\/2026\/02\/27\/formosa-el-horror-que-viven-los-caballos-en-manos-de-bestias-humanas\/","url_meta":{"origin":346,"position":0},"title":"FORMOSA: EL HORROR QUE VIVEN LOS CABALLOS EN MANOS DE BESTIAS HUMANAS","author":"Admin","date":"febrero 27, 2026","format":false,"excerpt":"FORMOSA: LOTE 111....tierra de nadie? Carreras clandestina de caballos, especie humana arengando e instigando al maltrato animal. Durante las primeras horas del d\u00eda trascendieron las tristes im\u00e1genes de un caballo agonizando debido a la\u00a0 brutal golpiza que su due\u00f1o y otros maltratadores descargaron sobre el indefenso animal presuntamente por perder\u2026","rel":"","context":"En &quot;Derecho snimal&quot;","block_context":{"text":"Derecho snimal","link":"https:\/\/elcentinelaformosa.com\/index.php\/category\/derecho-snimal\/"},"img":{"alt_text":"","src":"https:\/\/i0.wp.com\/elcentinelaformosa.com\/wp-content\/uploads\/2023\/03\/IMG-20230313-WA0032-1.jpg?fit=720%2C974&ssl=1&resize=350%2C200","width":350,"height":200,"srcset":"https:\/\/i0.wp.com\/elcentinelaformosa.com\/wp-content\/uploads\/2023\/03\/IMG-20230313-WA0032-1.jpg?fit=720%2C974&ssl=1&resize=350%2C200 1x, https:\/\/i0.wp.com\/elcentinelaformosa.com\/wp-content\/uploads\/2023\/03\/IMG-20230313-WA0032-1.jpg?fit=720%2C974&ssl=1&resize=525%2C300 1.5x, https:\/\/i0.wp.com\/elcentinelaformosa.com\/wp-content\/uploads\/2023\/03\/IMG-20230313-WA0032-1.jpg?fit=720%2C974&ssl=1&resize=700%2C400 2x"},"classes":[]},{"id":882,"url":"https:\/\/elcentinelaformosa.com\/index.php\/2026\/02\/28\/formosa-maltrato-animal-y-crueldad-extrema-una-ley-nacional-ignorada-y-procedimiento-policial\/","url_meta":{"origin":346,"position":1},"title":"FORMOSA: MALTRATO ANIMAL Y CRUELDAD EXTREMA. UNA LEY NACIONAL IGNORADA Y PROCEDIMIENTO POLICIAL ?","author":"Admin","date":"febrero 28, 2026","format":false,"excerpt":"Durante la tarde del d\u00eda martes 29 de Junio luego de las incontables llamadas telef\u00f3nicas al 911 los efectivos policiales fueron a constatar un caso de crueldad contra un animal, tipificado seg\u00fan Ley Nacional 14346. Afirmativo. El caso era real. En el predio ubicado en un sector del barrio espec\u00edficamente\u2026","rel":"","context":"En &quot;Derecho snimal&quot;","block_context":{"text":"Derecho snimal","link":"https:\/\/elcentinelaformosa.com\/index.php\/category\/derecho-snimal\/"},"img":{"alt_text":"","src":"https:\/\/i0.wp.com\/elcentinelaformosa.com\/wp-content\/uploads\/2021\/06\/wp-162500240218669402986713611855.jpg?fit=675%2C1200&ssl=1&resize=350%2C200","width":350,"height":200,"srcset":"https:\/\/i0.wp.com\/elcentinelaformosa.com\/wp-content\/uploads\/2021\/06\/wp-162500240218669402986713611855.jpg?fit=675%2C1200&ssl=1&resize=350%2C200 1x, https:\/\/i0.wp.com\/elcentinelaformosa.com\/wp-content\/uploads\/2021\/06\/wp-162500240218669402986713611855.jpg?fit=675%2C1200&ssl=1&resize=525%2C300 1.5x"},"classes":[]},{"id":1430,"url":"https:\/\/elcentinelaformosa.com\/index.php\/2025\/12\/16\/potrero-de-los-caballos-perversion-ultraje-abuso-contra-animales-silencio-complice-y-una-cortina-de-humo\/","url_meta":{"origin":346,"position":2},"title":"FORMOSA: POTRERO DE LOS CABALLOS: PERVERSI\u00d3N, ULTRAJE, ABUSO CONTRA ANIMALES, SILENCIO COMPLICE Y UNA CORTINA DE HUMO","author":"Admin","date":"diciembre 16, 2025","format":false,"excerpt":"SILENCIO, COMPLICIDAD? LA REALIDAD ES QUE ABUNDAN RELATOS QUE CONFUNDEN A LA OPINI\u00d3N P\u00daBLICA CREANDO UNA GRAN CORTINA DE HUMO LO CUAL CARACTERIZARIA A ESTOS\u00a0 HECHOS ABERRANTES, DELICTIVOS DE ABUSO,\u00a0 VIOLACION Y ULTRAJE DE UN INDEFENSO ANIMAL, PERPETRADO POR UN HOMBRE DE APELLIDO QUINTANA, ACUSADO DE ABUSAR SEXUALMENTE DE UNA\u2026","rel":"","context":"En &quot;Derecho snimal&quot;","block_context":{"text":"Derecho snimal","link":"https:\/\/elcentinelaformosa.com\/index.php\/category\/derecho-snimal\/"},"img":{"alt_text":"","src":"https:\/\/i0.wp.com\/elcentinelaformosa.com\/wp-content\/uploads\/2022\/09\/Screenshot_20220902-003349.png?fit=356%2C282&ssl=1&resize=350%2C200","width":350,"height":200},"classes":[]},{"id":1482,"url":"https:\/\/elcentinelaformosa.com\/index.php\/2026\/01\/04\/la-mas-firmada-y-adherida-por-los-argentinos-ley-no-mas-tas-presentada-por-aluisa\/","url_meta":{"origin":346,"position":3},"title":"LA M\u00c1S FIRMADA Y ADHERIDA POR LOS ARGENTINOS: LEY NO M\u00c1S TAS PRESENTADA POR ALUISA","author":"Admin","date":"enero 4, 2026","format":false,"excerpt":"En el transcurso de la semana hizo furor, por\u00a0 j\u00fabilo y esperanza, en la ciudadan\u00eda y muy especialmente en los proteccionistas, la presentaci\u00f3n del proyecto de LEY NO M\u00c1S TAS en Argentina para su an\u00e1lisis y posterior aprobaci\u00f3n en el \u00e1mbito legislativo Nacional. La propuesta fue presentada por la Asociaci\u00f3n\u2026","rel":"","context":"En &quot;Derecho snimal&quot;","block_context":{"text":"Derecho snimal","link":"https:\/\/elcentinelaformosa.com\/index.php\/category\/derecho-snimal\/"},"img":{"alt_text":"","src":"https:\/\/i0.wp.com\/elcentinelaformosa.com\/wp-content\/uploads\/2022\/09\/wp-1663965359579.gif?fit=990%2C480&ssl=1&resize=350%2C200","width":350,"height":200,"srcset":"https:\/\/i0.wp.com\/elcentinelaformosa.com\/wp-content\/uploads\/2022\/09\/wp-1663965359579.gif?fit=990%2C480&ssl=1&resize=350%2C200 1x, https:\/\/i0.wp.com\/elcentinelaformosa.com\/wp-content\/uploads\/2022\/09\/wp-1663965359579.gif?fit=990%2C480&ssl=1&resize=525%2C300 1.5x, https:\/\/i0.wp.com\/elcentinelaformosa.com\/wp-content\/uploads\/2022\/09\/wp-1663965359579.gif?fit=990%2C480&ssl=1&resize=700%2C400 2x"},"classes":[]},{"id":284,"url":"https:\/\/elcentinelaformosa.com\/index.php\/2026\/02\/27\/derecho-animal-ii-jornada-de-maxima-excelencia\/","url_meta":{"origin":346,"position":4},"title":"DERECHO ANIMAL II: JORNADA DE M\u00c1XIMA EXCELENCIA, EVENTO ORGANIZADO POR EL CPACF, COLEGIO PUBLICO DE ABOGADOS DE CAPITAL FEDERAL","author":"Admin","date":"febrero 27, 2026","format":"image","excerpt":"Hoy jueves, a las 17 horas arranc\u00f3 una nueva jornada sobre Derecho animal, organizada por el CPACF, Colegio Publico de Abogados de la Capital Federal. Se llev\u00f3 a cabo la segunda actualizaci\u00f3n sobre \"Derecho Animal\". El evento fue coordinado y dirigido\u00a0 por la la Directora del Instituto del Derecho animal\u2026","rel":"","context":"En &quot;El Centinela&quot;","block_context":{"text":"El Centinela","link":"https:\/\/elcentinelaformosa.com\/index.php\/category\/el-centinela\/"},"img":{"alt_text":"","src":"https:\/\/i0.wp.com\/elcentinelaformosa.com\/wp-content\/uploads\/2020\/11\/wp-16046118438791953125466829344374.png?fit=701%2C642&ssl=1&resize=350%2C200","width":350,"height":200,"srcset":"https:\/\/i0.wp.com\/elcentinelaformosa.com\/wp-content\/uploads\/2020\/11\/wp-16046118438791953125466829344374.png?fit=701%2C642&ssl=1&resize=350%2C200 1x, https:\/\/i0.wp.com\/elcentinelaformosa.com\/wp-content\/uploads\/2020\/11\/wp-16046118438791953125466829344374.png?fit=701%2C642&ssl=1&resize=525%2C300 1.5x, https:\/\/i0.wp.com\/elcentinelaformosa.com\/wp-content\/uploads\/2020\/11\/wp-16046118438791953125466829344374.png?fit=701%2C642&ssl=1&resize=700%2C400 2x"},"classes":[]},{"id":1200,"url":"https:\/\/elcentinelaformosa.com\/index.php\/2026\/04\/01\/australia-nefasto-plan-del-gobierno-para-matanza-de-equinos\/","url_meta":{"origin":346,"position":5},"title":"AUSTRALIA: NEFASTO PLAN DEL GOBIERNO PARA MATANZA DE EQUINOS","author":"Admin","date":"abril 1, 2026","format":false,"excerpt":"EL PLAN DE AUSTRALIA PARA MATAR A 10,000 CABALLOS SALVAJES Y SALVAR A SUS ESPECIES NATIVAS. \u00bfNEFASTO PLAN DE GOBIERNO AUSTRALIANO, ASESINAR CABALLOS EN MASA? CORRUPCI\u00d3N DE FUNCIONARIOS EN GOBIERNO DE AUSTRALIA. El primer ministro Scott Morrison ha perdido popularidad por no reaccionar a tiempo frente a las graves acusaciones.\u2026","rel":"","context":"En &quot;Derecho snimal&quot;","block_context":{"text":"Derecho snimal","link":"https:\/\/elcentinelaformosa.com\/index.php\/category\/derecho-snimal\/"},"img":{"alt_text":"","src":"https:\/\/i0.wp.com\/elcentinelaformosa.com\/wp-content\/uploads\/2021\/11\/wp-16366115277158030956970868175886.jpg?fit=700%2C394&ssl=1&resize=350%2C200","width":350,"height":200,"srcset":"https:\/\/i0.wp.com\/elcentinelaformosa.com\/wp-content\/uploads\/2021\/11\/wp-16366115277158030956970868175886.jpg?fit=700%2C394&ssl=1&resize=350%2C200 1x, https:\/\/i0.wp.com\/elcentinelaformosa.com\/wp-content\/uploads\/2021\/11\/wp-16366115277158030956970868175886.jpg?fit=700%2C394&ssl=1&resize=525%2C300 1.5x, https:\/\/i0.wp.com\/elcentinelaformosa.com\/wp-content\/uploads\/2021\/11\/wp-16366115277158030956970868175886.jpg?fit=700%2C394&ssl=1&resize=700%2C400 2x"},"classes":[]}],"jetpack_sharing_enabled":true,"jetpack_likes_enabled":true,"_links":{"self":[{"href":"https:\/\/elcentinelaformosa.com\/index.php\/wp-json\/wp\/v2\/posts\/346","targetHints":{"allow":["GET"]}}],"collection":[{"href":"https:\/\/elcentinelaformosa.com\/index.php\/wp-json\/wp\/v2\/posts"}],"about":[{"href":"https:\/\/elcentinelaformosa.com\/index.php\/wp-json\/wp\/v2\/types\/post"}],"author":[{"embeddable":true,"href":"https:\/\/elcentinelaformosa.com\/index.php\/wp-json\/wp\/v2\/users\/2"}],"replies":[{"embeddable":true,"href":"https:\/\/elcentinelaformosa.com\/index.php\/wp-json\/wp\/v2\/comments?post=346"}],"version-history":[{"count":10,"href":"https:\/\/elcentinelaformosa.com\/index.php\/wp-json\/wp\/v2\/posts\/346\/revisions"}],"predecessor-version":[{"id":363,"href":"https:\/\/elcentinelaformosa.com\/index.php\/wp-json\/wp\/v2\/posts\/346\/revisions\/363"}],"wp:featuredmedia":[{"embeddable":true,"href":"https:\/\/elcentinelaformosa.com\/index.php\/wp-json\/wp\/v2\/media\/353"}],"wp:attachment":[{"href":"https:\/\/elcentinelaformosa.com\/index.php\/wp-json\/wp\/v2\/media?parent=346"}],"wp:term":[{"taxonomy":"category","embeddable":true,"href":"https:\/\/elcentinelaformosa.com\/index.php\/wp-json\/wp\/v2\/categories?post=346"},{"taxonomy":"post_tag","embeddable":true,"href":"https:\/\/elcentinelaformosa.com\/index.php\/wp-json\/wp\/v2\/tags?post=346"}],"curies":[{"name":"wp","href":"https:\/\/api.w.org\/{rel}","templated":true}]}}