{"id":367,"date":"2026-02-27T11:02:19","date_gmt":"2026-02-27T14:02:19","guid":{"rendered":"http:\/\/elcentinelaformosa.com\/?p=367"},"modified":"2026-02-27T11:02:19","modified_gmt":"2026-02-27T14:02:19","slug":"instituciones-publicas-de-formosa-porque-tanto-maltrato-animal","status":"publish","type":"post","link":"https:\/\/elcentinelaformosa.com\/index.php\/2026\/02\/27\/instituciones-publicas-de-formosa-porque-tanto-maltrato-animal\/","title":{"rendered":"INSTITUCIONES P\u00daBLICAS DE FORMOSA: PORQUE TANTO MALTRATO ANIMAL?"},"content":{"rendered":"<p><!--more-->Recientemente, en las \u00faltimas horas, un nuevo caso de pedido de auxilio para el perrito de la Guarder\u00eda del Barrio Obrero, dicha Instituci\u00f3n funciona sobre la calle Salta y Filho. El can, en visible estado de tristeza, con una pata lastimada (posiblemente rota).<\/p>\n<p>Seg\u00fan testimonios de los vecinos, el sereno lo golpe\u00f3 duramente durante la noche, adem\u00e1s de tirar sus alimentos y su recipiente de agua.<\/p>\n<p>No es casual, que estos casos sigan sucediendo en las instituciones p\u00fablicas,\u00a0 se podr\u00eda llegar a inferir que ser\u00edan las \u00f3rdenes de quienes dirigen el lugar.<\/p>\n<p>En este caso espec\u00edfico, las instalaciones est\u00e1n en construcci\u00f3n, raz\u00f3n por la cual, tambi\u00e9n ser\u00eda responsabilidad de la empresa constructora. Deber\u00eda haber criterios \u00e9ticos antes de delegar un trabajo de arreglo a quienes desconocen las leyes nacionales (14.346).\u00a0 Este hecho puede plantear varias hip\u00f3tesis, este campo ser\u00eda ya el \u00e1rea de Justicia.<\/p>\n<p>Hace muy poco tiempo ocurri\u00f3 un caso parecido con Lilo, el conocido y popular residente en el Hospital de la Madre y el ni\u00f1o. En esa ocasi\u00f3n, el mismo director del nosocomio hab\u00eda prohibido alimentar al animal indefenso, mediante un comunicado a su personal.<\/p>\n<p><img data-recalc-dims=\"1\" loading=\"lazy\" decoding=\"async\" class=\"alignnone size-medium wp-image-440\" src=\"https:\/\/i0.wp.com\/elcentinelaformosa.com\/wp-content\/uploads\/2020\/11\/caso-LILO.jpg?resize=169%2C300\" alt=\"\" width=\"169\" height=\"300\" srcset=\"https:\/\/i0.wp.com\/elcentinelaformosa.com\/wp-content\/uploads\/2020\/11\/caso-LILO.jpg?resize=169%2C300&amp;ssl=1 169w, https:\/\/i0.wp.com\/elcentinelaformosa.com\/wp-content\/uploads\/2020\/11\/caso-LILO.jpg?resize=576%2C1024&amp;ssl=1 576w, https:\/\/i0.wp.com\/elcentinelaformosa.com\/wp-content\/uploads\/2020\/11\/caso-LILO.jpg?resize=432%2C768&amp;ssl=1 432w, https:\/\/i0.wp.com\/elcentinelaformosa.com\/wp-content\/uploads\/2020\/11\/caso-LILO.jpg?w=720&amp;ssl=1 720w\" sizes=\"auto, (max-width: 169px) 100vw, 169px\" \/><\/p>\n<p>Otro caso parecido son los conocidos y tan queridos por todo el vecindario sobre la avenida 25 de mayo y Jujuy. Tambi\u00e9n fueron expulsados del lugar donde dorm\u00edan, por el sereno\u00a0 del\u00a0 edificio gubernamental d\u00f3nde funciona el taller de confecci\u00f3n de boletin oficial.<\/p>\n<p><img data-recalc-dims=\"1\" loading=\"lazy\" decoding=\"async\" class=\"alignnone size-medium wp-image-442\" src=\"https:\/\/i0.wp.com\/elcentinelaformosa.com\/wp-content\/uploads\/2020\/11\/yiyo-y-chiche.jpg?resize=300%2C225\" alt=\"\" width=\"300\" height=\"225\" srcset=\"https:\/\/i0.wp.com\/elcentinelaformosa.com\/wp-content\/uploads\/2020\/11\/yiyo-y-chiche.jpg?resize=300%2C225&amp;ssl=1 300w, https:\/\/i0.wp.com\/elcentinelaformosa.com\/wp-content\/uploads\/2020\/11\/yiyo-y-chiche.jpg?resize=768%2C576&amp;ssl=1 768w, https:\/\/i0.wp.com\/elcentinelaformosa.com\/wp-content\/uploads\/2020\/11\/yiyo-y-chiche.jpg?w=1000&amp;ssl=1 1000w\" sizes=\"auto, (max-width: 300px) 100vw, 300px\" \/><\/p>\n<p>Tampoco deber\u00eda dejar de recordarse el caso de los tres canes, a quienes hicieron desaparecer de la vereda de la casa del pueblo. (Casa de gobierno) lo cual gener\u00f3 marchas pac\u00edficas y movilizaciones)<\/p>\n<p>&nbsp;<\/p>\n<p>Estos detestables hechos ocurren siempre en las instituciones p\u00fablicas,\u00a0 que se deber\u00eda recordar siempre, no son instalaciones privadas, vale decir que no pueden ser restringidas para nadie. Menos para los sujetos de derecho que solo buscan un refugio donde sentirse seguros.<\/p>\n<p id=\"rop\"><small>Originally posted 2020-11-22 19:07:46. <\/small><\/p>","protected":false},"excerpt":{"rendered":"<p>Originally posted 2020-11-22 19:07:46.<\/p>\n","protected":false},"author":2,"featured_media":368,"comment_status":"open","ping_status":"open","sticky":false,"template":"","format":"standard","meta":{"rop_custom_images_group":[],"rop_custom_messages_group":[],"rop_publish_now":"initial","rop_publish_now_accounts":{"twitter_815903348_815903348":""},"rop_publish_now_history":[],"rop_publish_now_status":"pending","h5ap_radio_sources":[],"_jetpack_memberships_contains_paid_content":false,"footnotes":"","jetpack_publicize_message":"","jetpack_publicize_feature_enabled":true,"jetpack_social_post_already_shared":true,"jetpack_social_options":{"image_generator_settings":{"template":"highway","default_image_id":0,"font":"","enabled":false},"version":2}},"categories":[6,5,77,1],"tags":[85,63,89,30,103,102,10,22,101],"class_list":["post-367","post","type-post","status-publish","format-standard","has-post-thumbnail","hentry","category-el-centinela","category-local","category-redes","category-uncategorized","tag-activistas","tag-actores-del-mundo","tag-actualizacion-sobre-derecho-animal","tag-alberto-fernandez","tag-blanqui","tag-chiche","tag-formosa","tag-gildo-insfran","tag-lilo"],"aioseo_notices":[],"jetpack_publicize_connections":[],"jetpack_featured_media_url":"https:\/\/i0.wp.com\/elcentinelaformosa.com\/wp-content\/uploads\/2020\/11\/FB_IMG_1606080724184.jpg?fit=720%2C960&ssl=1","jetpack-related-posts":[{"id":1716,"url":"https:\/\/elcentinelaformosa.com\/index.php\/2026\/04\/01\/formosa-el-yaguarete-esta-bajo-el-amparo-y-proteccion-internacional-de-instituciones-y-juristas\/","url_meta":{"origin":367,"position":0},"title":"FORMOSA: EL YAGUARET\u00c9 EST\u00c1 BAJO EL AMPARO Y PROTECCION INTERNACIONAL DE INSTITUCIONES Y JURISTAS","author":"Admin","date":"abril 1, 2026","format":false,"excerpt":"Desde el foro nacional e internacional se ha pedido el amparo y protecci\u00f3n del Yaguaret\u00e9 captado por las c\u00e1maras en la Provincia de Formosa Durante la jornada del d\u00eda viernes 7 de Julio, la doctora Laura Cecilia Velasco; abogada especialista en protecci\u00f3n animal y ambiental, reconocida internacionalmente como pionera en\u2026","rel":"","context":"En &quot;El Centinela&quot;","block_context":{"text":"El Centinela","link":"https:\/\/elcentinelaformosa.com\/index.php\/category\/el-centinela\/"},"img":{"alt_text":"","src":"https:\/\/i0.wp.com\/elcentinelaformosa.com\/wp-content\/uploads\/2023\/07\/20230708_012526-ANIMATION-1.gif?fit=665%2C1032&ssl=1&resize=350%2C200","width":350,"height":200,"srcset":"https:\/\/i0.wp.com\/elcentinelaformosa.com\/wp-content\/uploads\/2023\/07\/20230708_012526-ANIMATION-1.gif?fit=665%2C1032&ssl=1&resize=350%2C200 1x, https:\/\/i0.wp.com\/elcentinelaformosa.com\/wp-content\/uploads\/2023\/07\/20230708_012526-ANIMATION-1.gif?fit=665%2C1032&ssl=1&resize=525%2C300 1.5x"},"classes":[]},{"id":1858,"url":"https:\/\/elcentinelaformosa.com\/index.php\/2026\/01\/04\/animales-en-situacion-de-maltrato-y-crueldad-en-barrios-de-formosa\/","url_meta":{"origin":367,"position":1},"title":"ANIMALES EN SITUACION DE MALTRATO Y CRUELDAD EN BARRIOS DE FORMOSA","author":"Admin","date":"enero 4, 2026","format":false,"excerpt":"La presidente de la Fundaci\u00f3n de Protecci\u00f3n animal y ambiental de Formosa ( SPA), Se\u00f1ora Virginia Fern\u00e1ndez denunci\u00f3 la situaci\u00f3n de maltrato y actos de crueldad hacia los animales en los sectores m\u00e1s precarios del barrio Lisbel Rivira, espec\u00edficamente entre las calles Sergio Godoy y Abraham ( pasillo) ubicado en\u2026","rel":"","context":"En &quot;Derecho Animal&quot;","block_context":{"text":"Derecho Animal","link":"https:\/\/elcentinelaformosa.com\/index.php\/category\/derecho-animal\/"},"img":{"alt_text":"","src":"https:\/\/i0.wp.com\/elcentinelaformosa.com\/wp-content\/uploads\/2024\/07\/20240710_111027-ANIMATION.gif?fit=774%2C581&ssl=1&resize=350%2C200","width":350,"height":200,"srcset":"https:\/\/i0.wp.com\/elcentinelaformosa.com\/wp-content\/uploads\/2024\/07\/20240710_111027-ANIMATION.gif?fit=774%2C581&ssl=1&resize=350%2C200 1x, https:\/\/i0.wp.com\/elcentinelaformosa.com\/wp-content\/uploads\/2024\/07\/20240710_111027-ANIMATION.gif?fit=774%2C581&ssl=1&resize=525%2C300 1.5x, https:\/\/i0.wp.com\/elcentinelaformosa.com\/wp-content\/uploads\/2024\/07\/20240710_111027-ANIMATION.gif?fit=774%2C581&ssl=1&resize=700%2C400 2x"},"classes":[]},{"id":1508,"url":"https:\/\/elcentinelaformosa.com\/index.php\/2026\/01\/04\/aumentan-los-casos-de-crueldad-hacia-los-animales-en-formosa\/","url_meta":{"origin":367,"position":2},"title":"FORMOSA: AUMENTAN LOS CASOS DE CRUELDAD HACIA LOS ANIMALES EN FORMOSA","author":"Admin","date":"enero 4, 2026","format":false,"excerpt":"(Video del caso Pozo del Tigre) LOCALIDAD HERRADURA: EL PRESUNTO EMPLEADO DE UN FUNCIONARIO DEL EJECUTIVO PROVINCIAL ( SER\u00cdA UN ENCUMBRADO DEL DIRECTORIO DE LA EMPRESA REFSA) MATO UN PERRO A BALAZOS Y DEJO HERIDO A OTRO EN EL CUELLO. LOCALIDAD POZO DEL TIGRE, TAMBI\u00c9N INTERIOR DE FORMOSA: FUNCIONARIO QUE\u2026","rel":"","context":"En &quot;Derecho snimal&quot;","block_context":{"text":"Derecho snimal","link":"https:\/\/elcentinelaformosa.com\/index.php\/category\/derecho-snimal\/"},"img":{"alt_text":"","src":"https:\/\/i0.wp.com\/elcentinelaformosa.com\/wp-content\/uploads\/2022\/10\/wp-1666775781610.gif?fit=1019%2C260&ssl=1&resize=350%2C200","width":350,"height":200,"srcset":"https:\/\/i0.wp.com\/elcentinelaformosa.com\/wp-content\/uploads\/2022\/10\/wp-1666775781610.gif?fit=1019%2C260&ssl=1&resize=350%2C200 1x, https:\/\/i0.wp.com\/elcentinelaformosa.com\/wp-content\/uploads\/2022\/10\/wp-1666775781610.gif?fit=1019%2C260&ssl=1&resize=525%2C300 1.5x, https:\/\/i0.wp.com\/elcentinelaformosa.com\/wp-content\/uploads\/2022\/10\/wp-1666775781610.gif?fit=1019%2C260&ssl=1&resize=700%2C400 2x"},"classes":[]},{"id":1972,"url":"https:\/\/elcentinelaformosa.com\/index.php\/2026\/02\/27\/frontera-formosa-salta-bajo-agua-de\/","url_meta":{"origin":367,"position":3},"title":"FRONTERA FORMOSA &#8211; SALTA: FAMILIAS BAJO AGUA POR AVANCE DEL R\u00cdO PILCOMAYO","author":"Admin","date":"febrero 27, 2026","format":false,"excerpt":"La realidad del Norte. Zona frontera Salta-Formosa. Todo bajo aguas del Pilcomayo . Escuelas, centros de salud, familias con ni\u00f1os y animales. El avance del agua se lleva todo lo que tienen. A m\u00e1s de 500 kil\u00f3metros de la capital salte\u00f1a, a Hito 1, donde residen unas veinte familias, todav\u00eda\u2026","rel":"","context":"En \"Animales de Formosa\"","block_context":{"text":"Animales de Formosa","link":"https:\/\/elcentinelaformosa.com\/index.php\/tag\/animales-de-formosa\/"},"img":{"alt_text":"","src":"https:\/\/i0.wp.com\/elcentinelaformosa.com\/wp-content\/uploads\/2025\/03\/20250323_235513-ANIMATION.gif?fit=582%2C579&ssl=1&resize=350%2C200","width":350,"height":200,"srcset":"https:\/\/i0.wp.com\/elcentinelaformosa.com\/wp-content\/uploads\/2025\/03\/20250323_235513-ANIMATION.gif?fit=582%2C579&ssl=1&resize=350%2C200 1x, https:\/\/i0.wp.com\/elcentinelaformosa.com\/wp-content\/uploads\/2025\/03\/20250323_235513-ANIMATION.gif?fit=582%2C579&ssl=1&resize=525%2C300 1.5x"},"classes":[]},{"id":1450,"url":"https:\/\/elcentinelaformosa.com\/index.php\/2026\/01\/04\/formosa-para-los-animales-ni-justicia\/","url_meta":{"origin":367,"position":4},"title":"FORMOSA: PARA LOS ANIMALES NI JUSTICIA?","author":"Admin","date":"enero 4, 2026","format":false,"excerpt":"CRECE LA PREOCUPACI\u00d3N ENTRE LOS ACTIVISTAS Y PROTECCIONISTAS Luego que tomara estado p\u00fablico el aberrante, salvaje y atroz hecho sucedido en el Paraje Potrero de los caballos, departamento Laishi de Formosa sobre la violaci\u00f3n y ultraje a una perrita por parte de un sujeto de apellido Quintana, tambi\u00e9n cabe recordar\u2026","rel":"","context":"En &quot;Derecho snimal&quot;","block_context":{"text":"Derecho snimal","link":"https:\/\/elcentinelaformosa.com\/index.php\/category\/derecho-snimal\/"},"img":{"alt_text":"","src":"https:\/\/i0.wp.com\/elcentinelaformosa.com\/wp-content\/uploads\/2022\/09\/Screenshot_20220903-1436542.png?fit=487%2C418&ssl=1&resize=350%2C200","width":350,"height":200},"classes":[]},{"id":1107,"url":"https:\/\/elcentinelaformosa.com\/index.php\/2026\/04\/01\/formosa-el-colorado-habria-negacion-de-justicia-para-los-animales-a-pesar-de-la-ley-nacional\/","url_meta":{"origin":367,"position":5},"title":"FORMOSA: EL COLORADO. HABR\u00cdA NEGACI\u00d3N DE JUSTICIA PARA LOS ANIMALES A PESAR DE LA LEY NACIONAL?","author":"Admin","date":"abril 1, 2026","format":false,"excerpt":"FORMOSA: EL COLORADO: ESTA PERSONA NO HUMANA NECESITA AYUDA Y DE MANERA URGENTE. EL CAN HACE M\u00c1S DE UN A\u00d1O SE HALLARIA SIENDO V\u00cdCTIMA DE MALOS TRATOS, COMO POR EJEMPLO QUE SE HALLAR\u00cdA ATADO CON CADENA Y CANDADO. ABANDONADO EN UNA CASA DESHABITADA. Y SIN ATENCI\u00d3N ADECUADA , COMO LO\u2026","rel":"","context":"En &quot;Derecho snimal&quot;","block_context":{"text":"Derecho snimal","link":"https:\/\/elcentinelaformosa.com\/index.php\/category\/derecho-snimal\/"},"img":{"alt_text":"","src":"https:\/\/i0.wp.com\/elcentinelaformosa.com\/wp-content\/uploads\/2021\/09\/IMG-20210922-WA0090.jpg?fit=720%2C800&ssl=1&resize=350%2C200","width":350,"height":200,"srcset":"https:\/\/i0.wp.com\/elcentinelaformosa.com\/wp-content\/uploads\/2021\/09\/IMG-20210922-WA0090.jpg?fit=720%2C800&ssl=1&resize=350%2C200 1x, https:\/\/i0.wp.com\/elcentinelaformosa.com\/wp-content\/uploads\/2021\/09\/IMG-20210922-WA0090.jpg?fit=720%2C800&ssl=1&resize=525%2C300 1.5x, https:\/\/i0.wp.com\/elcentinelaformosa.com\/wp-content\/uploads\/2021\/09\/IMG-20210922-WA0090.jpg?fit=720%2C800&ssl=1&resize=700%2C400 2x"},"classes":[]}],"jetpack_sharing_enabled":true,"jetpack_likes_enabled":true,"_links":{"self":[{"href":"https:\/\/elcentinelaformosa.com\/index.php\/wp-json\/wp\/v2\/posts\/367","targetHints":{"allow":["GET"]}}],"collection":[{"href":"https:\/\/elcentinelaformosa.com\/index.php\/wp-json\/wp\/v2\/posts"}],"about":[{"href":"https:\/\/elcentinelaformosa.com\/index.php\/wp-json\/wp\/v2\/types\/post"}],"author":[{"embeddable":true,"href":"https:\/\/elcentinelaformosa.com\/index.php\/wp-json\/wp\/v2\/users\/2"}],"replies":[{"embeddable":true,"href":"https:\/\/elcentinelaformosa.com\/index.php\/wp-json\/wp\/v2\/comments?post=367"}],"version-history":[{"count":5,"href":"https:\/\/elcentinelaformosa.com\/index.php\/wp-json\/wp\/v2\/posts\/367\/revisions"}],"predecessor-version":[{"id":444,"href":"https:\/\/elcentinelaformosa.com\/index.php\/wp-json\/wp\/v2\/posts\/367\/revisions\/444"}],"wp:featuredmedia":[{"embeddable":true,"href":"https:\/\/elcentinelaformosa.com\/index.php\/wp-json\/wp\/v2\/media\/368"}],"wp:attachment":[{"href":"https:\/\/elcentinelaformosa.com\/index.php\/wp-json\/wp\/v2\/media?parent=367"}],"wp:term":[{"taxonomy":"category","embeddable":true,"href":"https:\/\/elcentinelaformosa.com\/index.php\/wp-json\/wp\/v2\/categories?post=367"},{"taxonomy":"post_tag","embeddable":true,"href":"https:\/\/elcentinelaformosa.com\/index.php\/wp-json\/wp\/v2\/tags?post=367"}],"curies":[{"name":"wp","href":"https:\/\/api.w.org\/{rel}","templated":true}]}}