{"id":44,"date":"2026-02-27T11:02:49","date_gmt":"2026-02-27T14:02:49","guid":{"rendered":"http:\/\/elcentinelaformosa.com\/?p=44"},"modified":"2026-02-27T11:02:49","modified_gmt":"2026-02-27T14:02:49","slug":"centinela-destruida-la-selva-amazonica-el-gran-chaco-y-los-humedales","status":"publish","type":"post","link":"https:\/\/elcentinelaformosa.com\/index.php\/2026\/02\/27\/centinela-destruida-la-selva-amazonica-el-gran-chaco-y-los-humedales\/","title":{"rendered":"[Centinela] Destru\u00edda la selva Amaz\u00f3nica, el Gran Chaco y los humedales."},"content":{"rendered":"<p>Las quemas tambi\u00e9n se han usado para deforestar: Queman los restos de los \u00e1rboles que han sido talados para abrir paso a los nuevos cultivos. Estos cultivos, generalmente, sirven para suplir al mercado global de soja o de alimentos para el ganado.<\/p>\n<p>Las megagranjas de cerdos que pretenden traer a Argentina en subordinaci\u00f3n estrat\u00e9gica a China, traer\u00e1n m\u00e1s pandemias y mas incendios forestales.<\/p>\n<p>Los incendios son provocados. Hay intereses diversos detras (ganaderos, inmobiliarios, madereros) que pagan a estos personajes siniestros por prender la mecha&#8230;Como sociedad, deberiamos exigir a los pol\u00edticos que endurezcan mucho las penas.<\/p>\n<p>Es tan atroz e inconmensurable el da\u00f1o&#8230;.animales, arboles, calentamiento global, p\u00e9rdida de vidas espcialmente de bomberos, destrucci\u00f3n de bienes que llevaron una vida de trabajo conseguir, toxicidad del aire y da\u00f1o pulmonar permanente etc etc&#8230;..<\/p>\n<p>S\u00f3lo el temor a pagar con reclusi\u00f3n perpetua har\u00e1 que estos asesinos se lo piensen dos veces. Adem\u00e1s el c\u00f3digo procesal penal deber\u00eda prever en estos casos una causal espec\u00edfica para que NO puedan zafar de la prisi\u00f3n preventiva, ya que aunque los identifiquen y denuncien, si permanecen en libertad durante el proceso, volver\u00e1n a prender fuego.<\/p>\n<p>(Gentileza de la nota: Doctora Marina Garrido, especialista en derecho animal)<\/p>\n<p id=\"rop\"><small>Originally posted 2020-09-24 20:09:37. <\/small><\/p>","protected":false},"excerpt":{"rendered":"<p>Las quemas tambi\u00e9n se han usado para deforestar: Queman los restos de los \u00e1rboles que han sido talados para abrir paso a los nuevos cultivos. Estos cultivos, generalmente, sirven para suplir al mercado global de soja o de alimentos para el ganado. Las megagranjas de cerdos que pretenden traer a Argentina en subordinaci\u00f3n estrat\u00e9gica a&#8230; <a href=\"https:\/\/elcentinelaformosa.com\/index.php\/2026\/02\/27\/centinela-destruida-la-selva-amazonica-el-gran-chaco-y-los-humedales\/\">Read more: [Centinela] Destru\u00edda la selva Amaz\u00f3nica, el Gran Chaco y los humedales.<\/a><\/p>\n","protected":false},"author":1,"featured_media":45,"comment_status":"open","ping_status":"open","sticky":false,"template":"","format":"standard","meta":{"rop_custom_images_group":[],"rop_custom_messages_group":[],"rop_publish_now":"initial","rop_publish_now_accounts":{"twitter_815903348_815903348":""},"rop_publish_now_history":[],"rop_publish_now_status":"pending","h5ap_radio_sources":[],"_jetpack_memberships_contains_paid_content":false,"footnotes":"","jetpack_publicize_message":"","jetpack_publicize_feature_enabled":true,"jetpack_social_post_already_shared":false,"jetpack_social_options":{"image_generator_settings":{"template":"highway","default_image_id":0,"font":"","enabled":false},"version":2}},"categories":[6],"tags":[7,19,18,13,11,12,20,9,10,14,15,16,8,17],"class_list":["post-44","post","type-post","status-publish","format-standard","has-post-thumbnail","hentry","category-el-centinela","tag-bastadefalsassoluciones","tag-aire","tag-arboles","tag-argentina","tag-centinela","tag-centinela-formosa","tag-cultivos","tag-derecho-animal","tag-formosa","tag-humedales","tag-mega-granjas-industriales","tag-no-al-acuerdo-con-china","tag-quema-de-pastizales","tag-soja"],"aioseo_notices":[],"jetpack_publicize_connections":[],"jetpack_featured_media_url":"https:\/\/i0.wp.com\/elcentinelaformosa.com\/wp-content\/uploads\/2020\/09\/Destruida-la-selva-Amazonica-el-Gran-Chaco-y-los-humedales..jpeg?fit=720%2C827&ssl=1","jetpack-related-posts":[{"id":1282,"url":"https:\/\/elcentinelaformosa.com\/index.php\/2026\/04\/01\/biocidio-incendios-intencionales-en-formosa\/","url_meta":{"origin":44,"position":0},"title":"BIOCIDIO: INCENDIOS INTENCIONALES EN FORMOSA..?","author":"Admin","date":"abril 1, 2026","format":false,"excerpt":"Las fuentes habr\u00edan se\u00f1alado que presuntos testigos afirman haber visto personas prendiendo fuego. De esta manera, puede inferirse que la casi totalidad de incendios en la provincia de Formosa podr\u00edan ser intencionales. La Intendencia del \u00e1rea protegida inform\u00f3 sobre una serie de focos de incendio que ser\u00edan producidos de modo\u2026","rel":"","context":"En &quot;Derecho snimal&quot;","block_context":{"text":"Derecho snimal","link":"https:\/\/elcentinelaformosa.com\/index.php\/category\/derecho-snimal\/"},"img":{"alt_text":"","src":"https:\/\/i0.wp.com\/elcentinelaformosa.com\/wp-content\/uploads\/2022\/02\/wp-16453956063578664564094127592917.png?fit=1076%2C806&ssl=1&resize=350%2C200","width":350,"height":200,"srcset":"https:\/\/i0.wp.com\/elcentinelaformosa.com\/wp-content\/uploads\/2022\/02\/wp-16453956063578664564094127592917.png?fit=1076%2C806&ssl=1&resize=350%2C200 1x, https:\/\/i0.wp.com\/elcentinelaformosa.com\/wp-content\/uploads\/2022\/02\/wp-16453956063578664564094127592917.png?fit=1076%2C806&ssl=1&resize=525%2C300 1.5x, https:\/\/i0.wp.com\/elcentinelaformosa.com\/wp-content\/uploads\/2022\/02\/wp-16453956063578664564094127592917.png?fit=1076%2C806&ssl=1&resize=700%2C400 2x, https:\/\/i0.wp.com\/elcentinelaformosa.com\/wp-content\/uploads\/2022\/02\/wp-16453956063578664564094127592917.png?fit=1076%2C806&ssl=1&resize=1050%2C600 3x"},"classes":[]},{"id":1261,"url":"https:\/\/elcentinelaformosa.com\/index.php\/2026\/04\/01\/corrientes-los-esteros-del-ibera-un-paraiso-en-cenizas\/","url_meta":{"origin":44,"position":1},"title":"CORRIENTES: LOS ESTEROS DEL IBER\u00c1, UN PARA\u00cdSO EN CENIZAS","author":"Admin","date":"abril 1, 2026","format":false,"excerpt":"Los incendios de Corrientes alcanzaron los Esteros del Iber\u00e1, una de las reservas naturales m\u00e1s importantes del pa\u00eds. La selva, los humedales y los animales quemados. La sequ\u00eda empeora toda la situaci\u00f3n. Ya se quemaron m\u00e1s de 800 mil hect\u00e1reas y todav\u00eda no se vislumbra el control definitivo de las\u2026","rel":"","context":"En &quot;Derecho snimal&quot;","block_context":{"text":"Derecho snimal","link":"https:\/\/elcentinelaformosa.com\/index.php\/category\/derecho-snimal\/"},"img":{"alt_text":"","src":"https:\/\/i0.wp.com\/elcentinelaformosa.com\/wp-content\/uploads\/2022\/02\/20220220_172821-ANIMATION.gif?fit=1024%2C505&ssl=1&resize=350%2C200","width":350,"height":200,"srcset":"https:\/\/i0.wp.com\/elcentinelaformosa.com\/wp-content\/uploads\/2022\/02\/20220220_172821-ANIMATION.gif?fit=1024%2C505&ssl=1&resize=350%2C200 1x, https:\/\/i0.wp.com\/elcentinelaformosa.com\/wp-content\/uploads\/2022\/02\/20220220_172821-ANIMATION.gif?fit=1024%2C505&ssl=1&resize=525%2C300 1.5x, https:\/\/i0.wp.com\/elcentinelaformosa.com\/wp-content\/uploads\/2022\/02\/20220220_172821-ANIMATION.gif?fit=1024%2C505&ssl=1&resize=700%2C400 2x"},"classes":[]},{"id":1082,"url":"https:\/\/elcentinelaformosa.com\/index.php\/2026\/04\/01\/argentina-enfermos-del-alma-que-matan-por-placer\/","url_meta":{"origin":44,"position":2},"title":"ARGENTINA: ENFERMOS DEL ALMA QUE MATAN POR PLACER","author":"Admin","date":"abril 1, 2026","format":false,"excerpt":"ARGENTINA: ENFERMOS DEL ALMA QUE MATAN ANIMALES POR PLACER. LES CORTAN LA CABEZA A LOS CIERVOS Y DEJAN EL RESTO DEL CUERPO. UNO DE LOS PROPIETARIOS RELAT\u00d3 SU PROBLEMA CON LOS \" CAZADORES ASESINOS DE ANIMALES POR PLACER, REPRESENTAN UNA AMENAZA PARA EL ECOSISTEMA Y PARA SU SEGURIDAD. CAZA FURTIVA\u2026","rel":"","context":"En &quot;Derecho snimal&quot;","block_context":{"text":"Derecho snimal","link":"https:\/\/elcentinelaformosa.com\/index.php\/category\/derecho-snimal\/"},"img":{"alt_text":"","src":"https:\/\/i0.wp.com\/elcentinelaformosa.com\/wp-content\/uploads\/2021\/09\/wp-16317337758698544835614929164206.png?fit=573%2C363&ssl=1&resize=350%2C200","width":350,"height":200,"srcset":"https:\/\/i0.wp.com\/elcentinelaformosa.com\/wp-content\/uploads\/2021\/09\/wp-16317337758698544835614929164206.png?fit=573%2C363&ssl=1&resize=350%2C200 1x, https:\/\/i0.wp.com\/elcentinelaformosa.com\/wp-content\/uploads\/2021\/09\/wp-16317337758698544835614929164206.png?fit=573%2C363&ssl=1&resize=525%2C300 1.5x"},"classes":[]},{"id":1250,"url":"https:\/\/elcentinelaformosa.com\/index.php\/2026\/04\/01\/y-el-imperio-del-verde-donde-quedo\/","url_meta":{"origin":44,"position":3},"title":"FORMOSA: EL IMPERIO DEL VERDE&#8230;. DONDE QUED\u00d3?","author":"Admin","date":"abril 1, 2026","format":false,"excerpt":"El slogan construido en postales panor\u00e1micas est\u00e1ticas al parecer quedaron all\u00ed, en las im\u00e1genes. Hoy la ciudad de Formosa, reemplazada por \u00e1rboles de metal de alt\u00edsimo costo, confeccionados por empresas encolumnadas al poder pol\u00edtico. La naturaleza viva, gratuita, creada de manera espont\u00e1nea ha Sido reemplazada por \u00e1rboles de metal. Incluso\u2026","rel":"","context":"En &quot;El Centinela&quot;","block_context":{"text":"El Centinela","link":"https:\/\/elcentinelaformosa.com\/index.php\/category\/el-centinela\/"},"img":{"alt_text":"","src":"https:\/\/i0.wp.com\/elcentinelaformosa.com\/wp-content\/uploads\/2022\/02\/IMG-20220204-WA0022.jpg?fit=1200%2C900&ssl=1&resize=350%2C200","width":350,"height":200,"srcset":"https:\/\/i0.wp.com\/elcentinelaformosa.com\/wp-content\/uploads\/2022\/02\/IMG-20220204-WA0022.jpg?fit=1200%2C900&ssl=1&resize=350%2C200 1x, https:\/\/i0.wp.com\/elcentinelaformosa.com\/wp-content\/uploads\/2022\/02\/IMG-20220204-WA0022.jpg?fit=1200%2C900&ssl=1&resize=525%2C300 1.5x, https:\/\/i0.wp.com\/elcentinelaformosa.com\/wp-content\/uploads\/2022\/02\/IMG-20220204-WA0022.jpg?fit=1200%2C900&ssl=1&resize=700%2C400 2x, https:\/\/i0.wp.com\/elcentinelaformosa.com\/wp-content\/uploads\/2022\/02\/IMG-20220204-WA0022.jpg?fit=1200%2C900&ssl=1&resize=1050%2C600 3x"},"classes":[]},{"id":158,"url":"https:\/\/elcentinelaformosa.com\/index.php\/2026\/02\/28\/formosa-riacho-he-he-asesinato-disfrazado-de-caza\/","url_meta":{"origin":44,"position":4},"title":"FORMOSA: RIACHO HE H\u00c9: ASESINATO DISFRAZADO DE CAZA","author":"Admin","date":"febrero 28, 2026","format":false,"excerpt":"la criminalidad solapada o disfrazada de varias denonimaciones, tales como; cacer\u00eda, caza, mariscar, no cesa ni siquiera en \u00e9pocas de pandemia. Sin respetar la vida de otras especies, sujetos protegidos por la impunidad que les otorgar\u00eda alg\u00fan poderoso padrinazgo o madrinazgo gubernamental, salen a asesinar personas no humanas. Es decir,\u2026","rel":"","context":"En \"\u00b7bastadefalsassoluciones\"","block_context":{"text":"\u00b7bastadefalsassoluciones","link":"https:\/\/elcentinelaformosa.com\/index.php\/tag\/%c2%b7bastadefalsassoluciones\/"},"img":{"alt_text":"","src":"https:\/\/i0.wp.com\/elcentinelaformosa.com\/wp-content\/uploads\/2020\/10\/asesinos-de-animales.jpg?fit=640%2C480&ssl=1&resize=350%2C200","width":350,"height":200,"srcset":"https:\/\/i0.wp.com\/elcentinelaformosa.com\/wp-content\/uploads\/2020\/10\/asesinos-de-animales.jpg?fit=640%2C480&ssl=1&resize=350%2C200 1x, https:\/\/i0.wp.com\/elcentinelaformosa.com\/wp-content\/uploads\/2020\/10\/asesinos-de-animales.jpg?fit=640%2C480&ssl=1&resize=525%2C300 1.5x"},"classes":[]},{"id":704,"url":"https:\/\/elcentinelaformosa.com\/index.php\/2026\/02\/27\/derecho-animal-un-tema-central-durante-el-ciclo-de-conferencias-en-la-semana-del-derecho\/","url_meta":{"origin":44,"position":5},"title":"DERECHO ANIMAL, UN TEMA CENTRAL EN EL CICLO DE CONFERENCIAS DURANTE LA SEMANA DEL DERECHO","author":"Admin","date":"febrero 27, 2026","format":false,"excerpt":"CONFERENCIA SOBRE DERECHO ANIMAL EN LA TARDE DEL JUEVES, SE DESARROLLO\u00a0 LA CONFERENCIA EN LA UNIVERSIDAD DEL DERECHO DE BELGRANO, DEDICADA A LA DEFENSA DE LOS ANIMALES. LA DOCTORA LAURA VELASCO DEL INSTITUTO IBEROAMERICANO DEL DERECHO ANIMAL Y CRIMINOLOGA ASESORA DEL DEL FBI, ENCABEZ\u00d3 UNA CONFERENCIA DE DERECHO ANIMAL VIA\u2026","rel":"","context":"En &quot;Derecho snimal&quot;","block_context":{"text":"Derecho snimal","link":"https:\/\/elcentinelaformosa.com\/index.php\/category\/derecho-snimal\/"},"img":{"alt_text":"","src":"https:\/\/i0.wp.com\/elcentinelaformosa.com\/wp-content\/uploads\/2021\/06\/wp-16227463326671623335766604721872.png?fit=695%2C401&ssl=1&resize=350%2C200","width":350,"height":200,"srcset":"https:\/\/i0.wp.com\/elcentinelaformosa.com\/wp-content\/uploads\/2021\/06\/wp-16227463326671623335766604721872.png?fit=695%2C401&ssl=1&resize=350%2C200 1x, https:\/\/i0.wp.com\/elcentinelaformosa.com\/wp-content\/uploads\/2021\/06\/wp-16227463326671623335766604721872.png?fit=695%2C401&ssl=1&resize=525%2C300 1.5x"},"classes":[]}],"jetpack_sharing_enabled":true,"jetpack_likes_enabled":true,"_links":{"self":[{"href":"https:\/\/elcentinelaformosa.com\/index.php\/wp-json\/wp\/v2\/posts\/44","targetHints":{"allow":["GET"]}}],"collection":[{"href":"https:\/\/elcentinelaformosa.com\/index.php\/wp-json\/wp\/v2\/posts"}],"about":[{"href":"https:\/\/elcentinelaformosa.com\/index.php\/wp-json\/wp\/v2\/types\/post"}],"author":[{"embeddable":true,"href":"https:\/\/elcentinelaformosa.com\/index.php\/wp-json\/wp\/v2\/users\/1"}],"replies":[{"embeddable":true,"href":"https:\/\/elcentinelaformosa.com\/index.php\/wp-json\/wp\/v2\/comments?post=44"}],"version-history":[{"count":3,"href":"https:\/\/elcentinelaformosa.com\/index.php\/wp-json\/wp\/v2\/posts\/44\/revisions"}],"predecessor-version":[{"id":65,"href":"https:\/\/elcentinelaformosa.com\/index.php\/wp-json\/wp\/v2\/posts\/44\/revisions\/65"}],"wp:featuredmedia":[{"embeddable":true,"href":"https:\/\/elcentinelaformosa.com\/index.php\/wp-json\/wp\/v2\/media\/45"}],"wp:attachment":[{"href":"https:\/\/elcentinelaformosa.com\/index.php\/wp-json\/wp\/v2\/media?parent=44"}],"wp:term":[{"taxonomy":"category","embeddable":true,"href":"https:\/\/elcentinelaformosa.com\/index.php\/wp-json\/wp\/v2\/categories?post=44"},{"taxonomy":"post_tag","embeddable":true,"href":"https:\/\/elcentinelaformosa.com\/index.php\/wp-json\/wp\/v2\/tags?post=44"}],"curies":[{"name":"wp","href":"https:\/\/api.w.org\/{rel}","templated":true}]}}