{"id":470,"date":"2026-02-27T11:02:20","date_gmt":"2026-02-27T14:02:20","guid":{"rendered":"http:\/\/elcentinelaformosa.com\/?p=470"},"modified":"2026-02-27T11:02:20","modified_gmt":"2026-02-27T14:02:20","slug":"javier-burgos-denuncia-el-fraude-de-la-viviseccion-de-los-laboratorios-farmaceuticos","status":"publish","type":"post","link":"https:\/\/elcentinelaformosa.com\/index.php\/2026\/02\/27\/javier-burgos-denuncia-el-fraude-de-la-viviseccion-de-los-laboratorios-farmaceuticos\/","title":{"rendered":"JAVIER BURGOS DENUNCIA EL FRAUDE DE LA VIVISECCION DE LOS LABORATORIOS FARMAC\u00c9UTICOS"},"content":{"rendered":"<p>LA PR\u00d3XIMA VEZ QUE TE ENFERMES MAS TE VALE IR AL VETERINARIO&#8221;<\/p>\n<p>por \u00c1ngel Padilla.2020.<\/p>\n<p>ENTREVISTA JAVIER BURGOS, PRIMER DENUNCIADOR CONTRA LOS LABORATORIOS DE PRODUCTOS FARMAC\u00c9UTICOS, QUE PRACTICAN LA VIVISECCION PARA FABRICAR MEDICAMENTOS.<\/p>\n<div id=\"attachment_473\" style=\"width: 310px\" class=\"wp-caption alignnone\"><img data-recalc-dims=\"1\" loading=\"lazy\" decoding=\"async\" aria-describedby=\"caption-attachment-473\" class=\"size-medium wp-image-473\" src=\"https:\/\/i0.wp.com\/elcentinelaformosa.com\/wp-content\/uploads\/2020\/11\/IMG-20201125-WA0001.jpg?resize=300%2C200\" alt=\"Javier B\" width=\"300\" height=\"200\" srcset=\"https:\/\/i0.wp.com\/elcentinelaformosa.com\/wp-content\/uploads\/2020\/11\/IMG-20201125-WA0001.jpg?resize=300%2C200&amp;ssl=1 300w, https:\/\/i0.wp.com\/elcentinelaformosa.com\/wp-content\/uploads\/2020\/11\/IMG-20201125-WA0001.jpg?resize=1024%2C683&amp;ssl=1 1024w, https:\/\/i0.wp.com\/elcentinelaformosa.com\/wp-content\/uploads\/2020\/11\/IMG-20201125-WA0001.jpg?resize=768%2C512&amp;ssl=1 768w, https:\/\/i0.wp.com\/elcentinelaformosa.com\/wp-content\/uploads\/2020\/11\/IMG-20201125-WA0001.jpg?w=1200&amp;ssl=1 1200w\" sizes=\"auto, (max-width: 300px) 100vw, 300px\" \/><p id=\"caption-attachment-473\" class=\"wp-caption-text\">Javier Burgos<\/p><\/div>\n<p>Entrevista a Javier Burgos, denunciador del fraude de la vivisecci\u00f3n perpetrado por la industria m\u00e9dica y farmac\u00e9utica<\/p>\n<p>Mucho es lo que habr\u00eda que decir sobre Javier Burgos, debido a la militancia de toda una vida contra la tortura animal en los laboratorios cient\u00edficos que experimentan con animales (que \u00e9l nos explicar\u00e1 que no s\u00f3lo son enormemente crueles dichos experimentos sino totalmente in\u00fatiles y, adem\u00e1s, contraproducentes para la humanidad). Con esto ya tendr\u00edamos presentado al experto, m\u00e1s diremos tambi\u00e9n que naci\u00f3 en Barcelona en 1945, estudi\u00f3 Derecho e Idiomas Modernos y en 1971 se traslad\u00f3 a Los \u00c1ngeles, donde trabaj\u00f3 como profesor de idiomas en universidades y fund\u00f3 una asociaci\u00f3n antiviviseccionista que trajo de cabeza a los cient\u00edficos que experimentan con animales, en concreto al cirujano Leonard Bailey, quien trasplant\u00f3 un coraz\u00f3n de mandril a una ni\u00f1a norteamericana que acab\u00f3 muriendo pocos d\u00edas despu\u00e9s. Burgos produjo el documental Hidden Crimes (Cr\u00edmenes Ocultos), en el que se recogen im\u00e1genes filmadas en los laboratorios viviseccionistas por ellos mismos y por el Frente de Liberaci\u00f3n Animal (ALF) de Estados Unidos. La pel\u00edcula fue vista por millones de estadounidenses.<\/p>\n<p>Desde hace unos tres a\u00f1os Burgos ha vuelto a Espa\u00f1a y desde aqu\u00ed quiere reavivar el discurso de la verdad sobre la tortura cotidiana a los animales bajo falsedades cruentas para ellos y para nosotros.<\/p>\n<p>Estamos ante una entrevista de cierta longitud, mas tanto caudal de conocimiento -la primera intervenci\u00f3n p\u00fablica de Javier Burgos en Espa\u00f1a despu\u00e9s de su intensa militancia en Am\u00e9rica- no puede expresarse en menor espacio.<\/p>\n<p>Cu\u00e9ntanos sobre la SUPRESS (asociaci\u00f3n antiviviseccionista, Students United Protesting Research on Sentient Subjects), constituida por miles de miembros y que fundaste en Los \u00c1ngeles, California).<\/p>\n<p>Mi vida cambi\u00f3 de la noche a la ma\u00f1ana un domingo, el 26 de octubre de 1980. Unos d\u00edas antes hab\u00eda visto un peque\u00f1o anuncio en el peri\u00f3dico Los Angeles Times en el que se anunciaba una manifestaci\u00f3n para denunciar la vivisecci\u00f3n, palabra cuyo significado aprend\u00ed aquel fat\u00eddico d\u00eda. (&#8220;Vivisecci\u00f3n: disecci\u00f3n practicada en un animal vivo.&#8221;) Estaba muy bien organizada y recuerdo con horror que ten\u00edan expuestas unas 15 o 20 fotograf\u00edas de enorme tama\u00f1o en las que se mostraban todo tipo de animales en situaciones dantescas, fotos obtenidas en algunos de los principales laboratorios estadounidenses.<\/p>\n<p>Mi primera reacci\u00f3n fue la de creer que los organizadores de esta manifestaci\u00f3n estaban locos de remate! Lo que mostraban las fotos ten\u00eda que estar trucado, no era posible que esto pudiera ocurrir en pleno siglo XX y en un pa\u00eds civilizado! \u00bfC\u00f3mo era posible que yo, una persona con estudios universitarios, pol\u00edglota y que hab\u00eda viajado mucho, no tuviera ni la m\u00e1s remota idea de una cosa tan horrible y que adem\u00e1s supuestamente ocurr\u00eda diariamente en todos los pa\u00edses del mundo?<\/p>\n<p>Despu\u00e9s de hablar con los organizadores y percatarme de que pose\u00edan mucha informaci\u00f3n que demostraba que lo que dec\u00edan era cierto, mi primera reacci\u00f3n de no querer afrontar la verdad dio paso a tener que aceptar que esta atrocidad realmente ocurr\u00eda.<\/p>\n<p>Fue a principios de 1981 que decid\u00ed fundar una organizaci\u00f3n para informar y educar. Ten\u00eda que hacer algo. Era imposible saber lo que ocurr\u00eda y no hacer nada. Totalmente imposible. Pero al mismo tiempo supe que el camino a recorrer estar\u00eda lleno de dolor, de problemas de todo tipo, que lo que me esperaba era una lucha constante, una lucha sin cuartel. Supe que mi vida cambiar\u00eda totalmente, mis planes de futuro se ir\u00edan al traste. Pero ignorar lo que hab\u00eda visto y o\u00eddo era simplemente imposible. De ah\u00ed naci\u00f3 SUPRESS, un nombre un tanto enrevesado, pero que fue dif\u00edcil cambiar debido al \u00e9xito casi inmediato de la organizaci\u00f3n. Fue en los a\u00f1os 90 que tambi\u00e9n registramos el nombre The Nature of Wellness, un nombre que cre\u00edmos ser\u00eda m\u00e1s asequible.<\/p>\n<p>Como hab\u00eda sido profesor, pens\u00e9 que lo mejor era que me concentrara en la juventud, en los estudiantes, quiz\u00e1s ellos, alg\u00fan d\u00eda, podr\u00edan abolir este rito medieval.<\/p>\n<p>Realizaste desde la SUPRESS masivas manifestaciones. Hoy, ves que todo sigue igual. \u00bfC\u00f3mo poder sacar del limbo de la normalizaci\u00f3n de la &#8220;utilidad&#8221; de la experimentaci\u00f3n con animales a la gente? \u00bfC\u00f3mo es posible que algo tan de sentido com\u00fan, in\u00fatil, prosiga y prosiga, matando billones de perros, conejos, ratones, primates, caballos&#8230; impunemente?<\/p>\n<p>Hay tanto que explicar que es dif\u00edcil saber por d\u00f3nde empezar.<\/p>\n<p>Los dos problemas principales son que, primero, el p\u00fablico no tiene idea de lo que ocurre en los laboratorios y centros de &#8220;investigaci\u00f3n cient\u00edfica&#8221; ya que solamente los &#8220;investigadores&#8221; tienen acceso a ellos. Los vivisectores los protegen muy celosamente porque saben que si la gente viera el inimaginable horror que se esconde de puertas adentro, habr\u00eda una revoluci\u00f3n. El segundo problema, el mucho m\u00e1s dif\u00edcil y complicado, es que la gente est\u00e1 convencida de que, en general, tanto los experimentos con animales (animal experimentation), como las pruebas de f\u00e1rmacos y productos qu\u00edmicos de todo tipo con animales (animal testing) han sido y siguen siendo inmensamente beneficiosos para la humanidad. Y es aqu\u00ed donde radica el problema. Los grandes poderes m\u00e9dicos, qu\u00edmicos, farmac\u00e9uticos y casi todos los dem\u00e1s poderes econ\u00f3micos que rigen el mundo han realizado una gran labor convenciendo a la totalidad de la humanidad (s\u00ed, la totalidad) de que la vivisecci\u00f3n es esencial y que &#8220;salva vidas humanas&#8221;.<\/p>\n<p>Fij\u00e9monos bien, que esta celeb\u00e9rrima consigna (mantra) de &#8220;salva vidas humanas&#8221; se usa constantemente y con innegable \u00e9xito para justificar las m\u00e1s absurdas y atroces actividades que se puedan concebir. Y si se quiere hacer que la consigna sea todav\u00eda m\u00e1s punzante y efectiva, se convierte en &#8220;salva las vidas de los ni\u00f1os&#8221; (&#8220;Saves human lives&#8221; &#8220;Saves children&#8217;s lives&#8221;).<\/p>\n<p><!--more--><\/p>\n<p id=\"rop\"><small>Originally posted 2020-11-25 03:01:54. <\/small><\/p>","protected":false},"excerpt":{"rendered":"<p>LA PR\u00d3XIMA VEZ QUE TE ENFERMES MAS TE VALE IR AL VETERINARIO&#8221; por \u00c1ngel Padilla.2020. ENTREVISTA JAVIER BURGOS, PRIMER DENUNCIADOR CONTRA LOS LABORATORIOS DE PRODUCTOS FARMAC\u00c9UTICOS, QUE PRACTICAN LA VIVISECCION PARA FABRICAR MEDICAMENTOS. Entrevista a Javier Burgos, denunciador del fraude de la vivisecci\u00f3n perpetrado por la industria m\u00e9dica y farmac\u00e9utica Mucho es lo que habr\u00eda&#8230; <a href=\"https:\/\/elcentinelaformosa.com\/index.php\/2026\/02\/27\/javier-burgos-denuncia-el-fraude-de-la-viviseccion-de-los-laboratorios-farmaceuticos\/\">Read more: JAVIER BURGOS DENUNCIA EL FRAUDE DE LA VIVISECCION DE LOS LABORATORIOS FARMAC\u00c9UTICOS<\/a><\/p>\n","protected":false},"author":2,"featured_media":472,"comment_status":"open","ping_status":"open","sticky":false,"template":"","format":"standard","meta":{"rop_custom_images_group":[],"rop_custom_messages_group":[],"rop_publish_now":"initial","rop_publish_now_accounts":{"twitter_815903348_815903348":""},"rop_publish_now_history":[],"rop_publish_now_status":"pending","h5ap_radio_sources":[],"_jetpack_memberships_contains_paid_content":false,"footnotes":"","jetpack_publicize_message":"","jetpack_publicize_feature_enabled":true,"jetpack_social_post_already_shared":true,"jetpack_social_options":{"image_generator_settings":{"template":"highway","default_image_id":0,"font":"","enabled":false},"version":2}},"categories":[6,77,1],"tags":[85,89,30,106,13,57,108,29,105,72,107,104],"class_list":["post-470","post","type-post","status-publish","format-standard","has-post-thumbnail","hentry","category-el-centinela","category-redes","category-uncategorized","tag-activistas","tag-actualizacion-sobre-derecho-animal","tag-alberto-fernandez","tag-angel-padilla","tag-argentina","tag-doctora-laura-velasco","tag-dra-marina-garrido","tag-ecocidio","tag-javier-burgos","tag-multiespecies","tag-proteccionista","tag-viviseccion"],"aioseo_notices":[],"jetpack_publicize_connections":[],"jetpack_featured_media_url":"https:\/\/i0.wp.com\/elcentinelaformosa.com\/wp-content\/uploads\/2020\/11\/IMG-20201125-WA0002.jpg?fit=650%2C533&ssl=1","jetpack-related-posts":[{"id":475,"url":"https:\/\/elcentinelaformosa.com\/index.php\/2026\/02\/27\/asociaciones-animalistas-truchas-solo-persiguen-pingues-ganancias\/","url_meta":{"origin":470,"position":0},"title":"ASOCIACIONES ANIMALISTAS TRUCHAS SOLO PERSIGUEN PING\u00dcES GANANCIAS","author":"Admin","date":"febrero 27, 2026","format":false,"excerpt":"ORGANIZACI\u00d3NES QUE PROPONEN TERMINAR CON EL MALTRATO ANIMAL Y LUEGO DE ALINEAN A PODERES POL\u00cdTICOS QUE LOS EXPLOTAN, BUSCANDO PROCURARSE CARGOS Y SALARIOS. \"Ojo con qui\u00e9n te relacionas\" dice la doctora Laura Velasco defensora y especialista en Derecho de personas no humanas, ( animales) titular del Instituto Iberoamericano del Derecho\u2026","rel":"","context":"En &quot;El Centinela&quot;","block_context":{"text":"El Centinela","link":"https:\/\/elcentinelaformosa.com\/index.php\/category\/el-centinela\/"},"img":{"alt_text":"","src":"https:\/\/i0.wp.com\/elcentinelaformosa.com\/wp-content\/uploads\/2020\/11\/IMG-20201125-WA0003.jpg?fit=690%2C412&ssl=1&resize=350%2C200","width":350,"height":200,"srcset":"https:\/\/i0.wp.com\/elcentinelaformosa.com\/wp-content\/uploads\/2020\/11\/IMG-20201125-WA0003.jpg?fit=690%2C412&ssl=1&resize=350%2C200 1x, https:\/\/i0.wp.com\/elcentinelaformosa.com\/wp-content\/uploads\/2020\/11\/IMG-20201125-WA0003.jpg?fit=690%2C412&ssl=1&resize=525%2C300 1.5x"},"classes":[]},{"id":998,"url":"https:\/\/elcentinelaformosa.com\/index.php\/2026\/04\/01\/aidca-exitosa-jornada-sobre-drones-y-su-aplicacion-en-derecho-animal\/","url_meta":{"origin":470,"position":1},"title":"AIDCA: EXITOSA JORNADA SOBRE DRONES Y SU APLICACI\u00d3N EN DERECHO ANIMAL","author":"Admin","date":"abril 1, 2026","format":false,"excerpt":"El d\u00eda viernes 30 de Julio, en horario tarde-noche\u00a0 se concret\u00f3 una nueva e Interesante actividad organizada por el Instituto de Derecho Animal de la Asociaci\u00f3n Iberoamericana de Derecho, Cultura y Ambiente , sobre los Drones y su Aplicaci\u00f3n en temas de Animales no Humanos, a cargo de la Dra\u2026","rel":"","context":"En &quot;Derecho snimal&quot;","block_context":{"text":"Derecho snimal","link":"https:\/\/elcentinelaformosa.com\/index.php\/category\/derecho-snimal\/"},"img":{"alt_text":"","src":"https:\/\/i0.wp.com\/elcentinelaformosa.com\/wp-content\/uploads\/2021\/07\/wp-16277591440186590066659833617266.png?resize=350%2C200","width":350,"height":200},"classes":[]},{"id":1597,"url":"https:\/\/elcentinelaformosa.com\/index.php\/2026\/02\/27\/caba-rapida-respuesta-de-la-justicia-ante-denuncia-por-maltrato-animal\/","url_meta":{"origin":470,"position":2},"title":"CABA: R\u00c1PIDA RESPUESTA DE LA JUSTICIA ANTE DENUNCIA POR MALTRATO ANIMAL","author":"Admin","date":"febrero 27, 2026","format":false,"excerpt":"Tal como lo hab\u00eda anticipado el d\u00eda de ayer jueves 09 en\u00a0 la entrevista,\u00a0 la especialista en derecho animal, doctora Laura Cecilia Velasco hoy viernes 10 confirm\u00f3 la r\u00e1pida intervenci\u00f3n de la justicia en el caso de maltrato animal y posible abuso. Se logr\u00f3 el rescate de los caninos del\u2026","rel":"","context":"En &quot;Derecho snimal&quot;","block_context":{"text":"Derecho snimal","link":"https:\/\/elcentinelaformosa.com\/index.php\/category\/derecho-snimal\/"},"img":{"alt_text":"","src":"https:\/\/i0.wp.com\/elcentinelaformosa.com\/wp-content\/uploads\/2021\/07\/wp-16264720224391985619108434465971.png?fit=696%2C895&ssl=1&resize=350%2C200","width":350,"height":200,"srcset":"https:\/\/i0.wp.com\/elcentinelaformosa.com\/wp-content\/uploads\/2021\/07\/wp-16264720224391985619108434465971.png?fit=696%2C895&ssl=1&resize=350%2C200 1x, https:\/\/i0.wp.com\/elcentinelaformosa.com\/wp-content\/uploads\/2021\/07\/wp-16264720224391985619108434465971.png?fit=696%2C895&ssl=1&resize=525%2C300 1.5x"},"classes":[]},{"id":935,"url":"https:\/\/elcentinelaformosa.com\/index.php\/2026\/04\/01\/formosa-proteccionistas-del-derecho-animal-presentan-reiteran-denuncia-en-la-justicia-provincial-por-maltrato-y-crueldad-contra-un-equino\/","url_meta":{"origin":470,"position":3},"title":"FORMOSA: PROTECCIONISTAS DEL DERECHO ANIMAL REITERAN  DENUNCIAS EN LA JUSTICIA PROVINCIAL POR MALTRATO Y CRUELDAD CONTRA UN EQUINO","author":"Admin","date":"abril 1, 2026","format":false,"excerpt":"\u00a0 LOS DENUNCIANTES EST\u00c1N PATROCINADOS POR LA TITULAR DEL INSTITUTO IBEROAMERICANO DE DERECHO ANIMAL, CONFERENCISTA INTERNACIONAL SOBRE DERECHOS DE PERSONAS NO HUMANAS, LAURA CECILIA VELASCO. LA DEVOLUCI\u00d3N POR PARTE DE LA POLIC\u00cdA DEL ANIMAL AL MALTRATADOR, MOTIV\u00d3 A LOS PROTECCIONISTAS A PEDIR AYUDA A LA TITULAR DEL INSTITUTO IBEROAMERICANO DEL\u2026","rel":"","context":"En &quot;Derecho snimal&quot;","block_context":{"text":"Derecho snimal","link":"https:\/\/elcentinelaformosa.com\/index.php\/category\/derecho-snimal\/"},"img":{"alt_text":"","src":"https:\/\/i0.wp.com\/elcentinelaformosa.com\/wp-content\/uploads\/2021\/07\/wp-16264720224391985619108434465971.png?resize=350%2C200","width":350,"height":200,"srcset":"https:\/\/i0.wp.com\/elcentinelaformosa.com\/wp-content\/uploads\/2021\/07\/wp-16264720224391985619108434465971.png?resize=350%2C200 1x, https:\/\/i0.wp.com\/elcentinelaformosa.com\/wp-content\/uploads\/2021\/07\/wp-16264720224391985619108434465971.png?resize=525%2C300 1.5x"},"classes":[]},{"id":596,"url":"https:\/\/elcentinelaformosa.com\/index.php\/2026\/02\/27\/formosa-robo-de-mascotas-los-animales-son-sujeto-de-derecho-y-la-policia-deberia-recepcionar-todas-las-denuncias\/","url_meta":{"origin":470,"position":4},"title":"FORMOSA: &#8220;ROBO DE MASCOTAS; LOS ANIMALES SON SUJETO DE DERECHO Y LA POLIC\u00cdA DEBER\u00cdA RECEPCIONAR TODAS LAS DENUNCIAS","author":"Admin","date":"febrero 27, 2026","format":false,"excerpt":"Es preocupante la gran cantidad de robos de mascotas que se vienen registrando en el \u00faltimo tiempo, donde viralizar la b\u00fasqueda a trav\u00e9s de las redes sociales o pagar alguna \u201crecompensa\u201d ayudan a que se vuelvan a rencontrar con sus due\u00f1os; lo cierto es que, ante este delito, la ciudadan\u00eda\u2026","rel":"","context":"En &quot;El Centinela&quot;","block_context":{"text":"El Centinela","link":"https:\/\/elcentinelaformosa.com\/index.php\/category\/el-centinela\/"},"img":{"alt_text":"","src":"https:\/\/i0.wp.com\/elcentinelaformosa.com\/wp-content\/uploads\/2021\/01\/wp-1611609142432..png?resize=350%2C200","width":350,"height":200,"srcset":"https:\/\/i0.wp.com\/elcentinelaformosa.com\/wp-content\/uploads\/2021\/01\/wp-1611609142432..png?resize=350%2C200 1x, https:\/\/i0.wp.com\/elcentinelaformosa.com\/wp-content\/uploads\/2021\/01\/wp-1611609142432..png?resize=525%2C300 1.5x"},"classes":[]},{"id":1508,"url":"https:\/\/elcentinelaformosa.com\/index.php\/2026\/01\/04\/aumentan-los-casos-de-crueldad-hacia-los-animales-en-formosa\/","url_meta":{"origin":470,"position":5},"title":"FORMOSA: AUMENTAN LOS CASOS DE CRUELDAD HACIA LOS ANIMALES EN FORMOSA","author":"Admin","date":"enero 4, 2026","format":false,"excerpt":"(Video del caso Pozo del Tigre) LOCALIDAD HERRADURA: EL PRESUNTO EMPLEADO DE UN FUNCIONARIO DEL EJECUTIVO PROVINCIAL ( SER\u00cdA UN ENCUMBRADO DEL DIRECTORIO DE LA EMPRESA REFSA) MATO UN PERRO A BALAZOS Y DEJO HERIDO A OTRO EN EL CUELLO. LOCALIDAD POZO DEL TIGRE, TAMBI\u00c9N INTERIOR DE FORMOSA: FUNCIONARIO QUE\u2026","rel":"","context":"En &quot;Derecho snimal&quot;","block_context":{"text":"Derecho snimal","link":"https:\/\/elcentinelaformosa.com\/index.php\/category\/derecho-snimal\/"},"img":{"alt_text":"","src":"https:\/\/i0.wp.com\/elcentinelaformosa.com\/wp-content\/uploads\/2022\/10\/wp-1666775781610.gif?fit=1019%2C260&ssl=1&resize=350%2C200","width":350,"height":200,"srcset":"https:\/\/i0.wp.com\/elcentinelaformosa.com\/wp-content\/uploads\/2022\/10\/wp-1666775781610.gif?fit=1019%2C260&ssl=1&resize=350%2C200 1x, https:\/\/i0.wp.com\/elcentinelaformosa.com\/wp-content\/uploads\/2022\/10\/wp-1666775781610.gif?fit=1019%2C260&ssl=1&resize=525%2C300 1.5x, https:\/\/i0.wp.com\/elcentinelaformosa.com\/wp-content\/uploads\/2022\/10\/wp-1666775781610.gif?fit=1019%2C260&ssl=1&resize=700%2C400 2x"},"classes":[]}],"jetpack_sharing_enabled":true,"jetpack_likes_enabled":true,"_links":{"self":[{"href":"https:\/\/elcentinelaformosa.com\/index.php\/wp-json\/wp\/v2\/posts\/470","targetHints":{"allow":["GET"]}}],"collection":[{"href":"https:\/\/elcentinelaformosa.com\/index.php\/wp-json\/wp\/v2\/posts"}],"about":[{"href":"https:\/\/elcentinelaformosa.com\/index.php\/wp-json\/wp\/v2\/types\/post"}],"author":[{"embeddable":true,"href":"https:\/\/elcentinelaformosa.com\/index.php\/wp-json\/wp\/v2\/users\/2"}],"replies":[{"embeddable":true,"href":"https:\/\/elcentinelaformosa.com\/index.php\/wp-json\/wp\/v2\/comments?post=470"}],"version-history":[{"count":2,"href":"https:\/\/elcentinelaformosa.com\/index.php\/wp-json\/wp\/v2\/posts\/470\/revisions"}],"predecessor-version":[{"id":474,"href":"https:\/\/elcentinelaformosa.com\/index.php\/wp-json\/wp\/v2\/posts\/470\/revisions\/474"}],"wp:featuredmedia":[{"embeddable":true,"href":"https:\/\/elcentinelaformosa.com\/index.php\/wp-json\/wp\/v2\/media\/472"}],"wp:attachment":[{"href":"https:\/\/elcentinelaformosa.com\/index.php\/wp-json\/wp\/v2\/media?parent=470"}],"wp:term":[{"taxonomy":"category","embeddable":true,"href":"https:\/\/elcentinelaformosa.com\/index.php\/wp-json\/wp\/v2\/categories?post=470"},{"taxonomy":"post_tag","embeddable":true,"href":"https:\/\/elcentinelaformosa.com\/index.php\/wp-json\/wp\/v2\/tags?post=470"}],"curies":[{"name":"wp","href":"https:\/\/api.w.org\/{rel}","templated":true}]}}