{"id":475,"date":"2026-02-27T11:02:21","date_gmt":"2026-02-27T14:02:21","guid":{"rendered":"http:\/\/elcentinelaformosa.com\/?p=475"},"modified":"2026-02-27T11:02:21","modified_gmt":"2026-02-27T14:02:21","slug":"asociaciones-animalistas-truchas-solo-persiguen-pingues-ganancias","status":"publish","type":"post","link":"https:\/\/elcentinelaformosa.com\/index.php\/2026\/02\/27\/asociaciones-animalistas-truchas-solo-persiguen-pingues-ganancias\/","title":{"rendered":"ASOCIACIONES ANIMALISTAS TRUCHAS SOLO PERSIGUEN PING\u00dcES GANANCIAS"},"content":{"rendered":"<ol>\n<li>ORGANIZACI\u00d3NES QUE PROPONEN TERMINAR CON EL MALTRATO ANIMAL Y LUEGO DE ALINEAN A PODERES POL\u00cdTICOS QUE LOS EXPLOTAN, BUSCANDO PROCURARSE CARGOS Y SALARIOS.<\/li>\n<\/ol>\n<p>&#8220;Ojo con qui\u00e9n te relacionas&#8221; dice la doctora Laura Velasco defensora y especialista en Derecho de personas no humanas, ( animales) titular del Instituto Iberoamericano del Derecho animal en nuestro pa\u00eds.<\/p>\n<p>En una charla telef\u00f3nica con nuestros Medios: la Doctora Laura Velasco abogada, especialista en Derecho Animal , Crimin\u00f3loga y conferencista Internacional , ella nos explica: Hay tres tipos de \u201corganizaciones de animales\u201d: dice la profesional:<\/p>\n<p>1) Las que se han creado -o se han infiltrado- para estar al servicio de los intereses o negociados, su principal misi\u00f3n es la de atraer el m\u00e1ximo n\u00famero de personas que est\u00e1n en contra de las atrocidades de todo tipo que se cometen contra los animales, y actuar como &#8220;pararrayos&#8221; (lightning rod). Su modus operandi es atraer a estas personas como socios o miembros y seguidamente proceder a desactivar, calmar y apaciguar su ira y frustraci\u00f3n. Esto se consigue con sus promesas de manifestaciones, as\u00ed como todo tipo de campa\u00f1as contra los &#8220;abusos&#8221;, y tambi\u00e9n &#8220;campa\u00f1as educativas&#8221; las que incluyen invariablemente el apoyo indirecto a la &#8220;necesidad&#8221; de la regulaci\u00f3n o vivisecci\u00f3n o lo q sea.<br \/>\n2) Las organizaciones que empiezan con sinceridad y las mejores intenciones del mundo, pero que muy pronto se dan cuenta que apoyar causas pol\u00e9micas pone en peligro su viabilidad y por ende sus salarios. Para evitarlo, recurren a no hacer nada de lo que se tendr\u00eda que hacer para conseguir los objetivos que ellos mismos anunciaron quer\u00edan alcanzar cuando fundaron la organizaci\u00f3n.<br \/>\n3) Las organizaciones fundadas y lideradas por &#8220;true believers&#8221;. Qu\u00e9 es un true believer? La persona que hace algo -sobre todo algo dificil- de forma desinteresada. Alguien que no lo hace por dinero, o por la fama, o por la adulaci\u00f3n del p\u00fablico. Alguien que lo hace porque lo siente en lo m\u00e1s profundo de su ser y que no se deja influenciar por los que invariablemente le dir\u00e1n: &#8220;eres demasiado radical&#8221;.<br \/>\nLos &#8220;true believers&#8221; lo tienen muy dif\u00edcil porque no solamente tienen que luchar contra todos los omnipotentes intereses econ\u00f3micos sino tambi\u00e9n contra las muchas otras organizaciones que los tachan de &#8220;radicales&#8221;, &#8220;locos&#8221; o incluso &#8220;antihumanos&#8221; ya que &#8220;quieren la abolici\u00f3n\u201d.<br \/>\nM\u00c1S CLARO \u00c9CHALE AGUA!!!<\/p>\n<p>Fuente: &#8220;La pr\u00f3xima vez que te enfermes, m\u00e1s te vale ir al veterinario!&#8221; Entrevista al Dr. Javier Burgos, denunciador del fraude de la vivisecci\u00f3n perpetrado por la industria m\u00e9dica y farmac\u00e9utica<br \/>\nPor \u00c1NGEL PADILLA &#8211; 02\/04\/2020<\/p>\n<p id=\"rop\"><small>Originally posted 2020-11-25 03:09:46. <\/small><\/p>","protected":false},"excerpt":{"rendered":"<p>ORGANIZACI\u00d3NES QUE PROPONEN TERMINAR CON EL MALTRATO ANIMAL Y LUEGO DE ALINEAN A PODERES POL\u00cdTICOS QUE LOS EXPLOTAN, BUSCANDO PROCURARSE CARGOS Y SALARIOS. &#8220;Ojo con qui\u00e9n te relacionas&#8221; dice la doctora Laura Velasco defensora y especialista en Derecho de personas no humanas, ( animales) titular del Instituto Iberoamericano del Derecho animal en nuestro pa\u00eds. En&#8230; <a href=\"https:\/\/elcentinelaformosa.com\/index.php\/2026\/02\/27\/asociaciones-animalistas-truchas-solo-persiguen-pingues-ganancias\/\">Read more: ASOCIACIONES ANIMALISTAS TRUCHAS SOLO PERSIGUEN PING\u00dcES GANANCIAS<\/a><\/p>\n","protected":false},"author":2,"featured_media":476,"comment_status":"open","ping_status":"open","sticky":false,"template":"","format":"standard","meta":{"rop_custom_images_group":[],"rop_custom_messages_group":[],"rop_publish_now":"initial","rop_publish_now_accounts":{"twitter_815903348_815903348":""},"rop_publish_now_history":[],"rop_publish_now_status":"pending","h5ap_radio_sources":[],"_jetpack_memberships_contains_paid_content":false,"footnotes":"","jetpack_publicize_message":"","jetpack_publicize_feature_enabled":true,"jetpack_social_post_already_shared":true,"jetpack_social_options":{"image_generator_settings":{"template":"highway","default_image_id":0,"font":"","enabled":false},"version":2}},"categories":[6,5,77,1],"tags":[7,68,85,89,25,30,23,13,33,12,31,90,109,108,29,22,110,42,21,24,72,28,45],"class_list":["post-475","post","type-post","status-publish","format-standard","has-post-thumbnail","hentry","category-el-centinela","category-local","category-redes","category-uncategorized","tag-bastadefalsassoluciones","tag-activismo","tag-activistas","tag-actualizacion-sobre-derecho-animal","tag-acuero-porcino-con-china","tag-alberto-fernandez","tag-algodon","tag-argentina","tag-basta-de-incendios","tag-centinela-formosa","tag-cfk","tag-doctora-alejandra-velda","tag-dra-laura-cecilia-velasco","tag-dra-marina-garrido","tag-ecocidio","tag-gildo-insfran","tag-instituto-iberoamericano","tag-la-caza-es-asesinato","tag-mataderos","tag-megagranjas","tag-multiespecies","tag-no-a-las-quemas-ley-de-humedales","tag-tecnologia"],"aioseo_notices":[],"jetpack_publicize_connections":[],"jetpack_featured_media_url":"https:\/\/i0.wp.com\/elcentinelaformosa.com\/wp-content\/uploads\/2020\/11\/IMG-20201125-WA0003.jpg?fit=690%2C412&ssl=1","jetpack-related-posts":[{"id":1535,"url":"https:\/\/elcentinelaformosa.com\/index.php\/2026\/01\/04\/jornada-murcielagos-seres-imprescindibles-para-nuestro-planeta\/","url_meta":{"origin":475,"position":0},"title":"JORNADA: MURCI\u00c9LAGOS, SERES IMPRESCINDIBLES PARA NUESTRO PLANETA","author":"Admin","date":"enero 4, 2026","format":false,"excerpt":"En el d\u00eda de ayer martes 20 de diciembre a las 18 hs de nuestro pa\u00eds , tuvo lugar la Jornada virtual : \u201cMurci\u00e9lagos : seres imprescindibles para nuestro planeta \u201c , organizada por el Instituto de Derecho Animal de Aidca (Asociaci\u00f3n Iberoamericana de Derecho, Cultura y Ambiente) cuya Coordinadora\u2026","rel":"","context":"En &quot;Derecho snimal&quot;","block_context":{"text":"Derecho snimal","link":"https:\/\/elcentinelaformosa.com\/index.php\/category\/derecho-snimal\/"},"img":{"alt_text":"","src":"https:\/\/i0.wp.com\/elcentinelaformosa.com\/wp-content\/uploads\/2022\/12\/20221221_035750-ANIMATION-1.gif?fit=829%2C1032&ssl=1&resize=350%2C200","width":350,"height":200,"srcset":"https:\/\/i0.wp.com\/elcentinelaformosa.com\/wp-content\/uploads\/2022\/12\/20221221_035750-ANIMATION-1.gif?fit=829%2C1032&ssl=1&resize=350%2C200 1x, https:\/\/i0.wp.com\/elcentinelaformosa.com\/wp-content\/uploads\/2022\/12\/20221221_035750-ANIMATION-1.gif?fit=829%2C1032&ssl=1&resize=525%2C300 1.5x, https:\/\/i0.wp.com\/elcentinelaformosa.com\/wp-content\/uploads\/2022\/12\/20221221_035750-ANIMATION-1.gif?fit=829%2C1032&ssl=1&resize=700%2C400 2x"},"classes":[]},{"id":998,"url":"https:\/\/elcentinelaformosa.com\/index.php\/2026\/04\/01\/aidca-exitosa-jornada-sobre-drones-y-su-aplicacion-en-derecho-animal\/","url_meta":{"origin":475,"position":1},"title":"AIDCA: EXITOSA JORNADA SOBRE DRONES Y SU APLICACI\u00d3N EN DERECHO ANIMAL","author":"Admin","date":"abril 1, 2026","format":false,"excerpt":"El d\u00eda viernes 30 de Julio, en horario tarde-noche\u00a0 se concret\u00f3 una nueva e Interesante actividad organizada por el Instituto de Derecho Animal de la Asociaci\u00f3n Iberoamericana de Derecho, Cultura y Ambiente , sobre los Drones y su Aplicaci\u00f3n en temas de Animales no Humanos, a cargo de la Dra\u2026","rel":"","context":"En &quot;Derecho snimal&quot;","block_context":{"text":"Derecho snimal","link":"https:\/\/elcentinelaformosa.com\/index.php\/category\/derecho-snimal\/"},"img":{"alt_text":"","src":"https:\/\/i0.wp.com\/elcentinelaformosa.com\/wp-content\/uploads\/2021\/07\/wp-16277591440186590066659833617266.png?resize=350%2C200","width":350,"height":200},"classes":[]},{"id":704,"url":"https:\/\/elcentinelaformosa.com\/index.php\/2026\/02\/27\/derecho-animal-un-tema-central-durante-el-ciclo-de-conferencias-en-la-semana-del-derecho\/","url_meta":{"origin":475,"position":2},"title":"DERECHO ANIMAL, UN TEMA CENTRAL EN EL CICLO DE CONFERENCIAS DURANTE LA SEMANA DEL DERECHO","author":"Admin","date":"febrero 27, 2026","format":false,"excerpt":"CONFERENCIA SOBRE DERECHO ANIMAL EN LA TARDE DEL JUEVES, SE DESARROLLO\u00a0 LA CONFERENCIA EN LA UNIVERSIDAD DEL DERECHO DE BELGRANO, DEDICADA A LA DEFENSA DE LOS ANIMALES. LA DOCTORA LAURA VELASCO DEL INSTITUTO IBEROAMERICANO DEL DERECHO ANIMAL Y CRIMINOLOGA ASESORA DEL DEL FBI, ENCABEZ\u00d3 UNA CONFERENCIA DE DERECHO ANIMAL VIA\u2026","rel":"","context":"En &quot;Derecho snimal&quot;","block_context":{"text":"Derecho snimal","link":"https:\/\/elcentinelaformosa.com\/index.php\/category\/derecho-snimal\/"},"img":{"alt_text":"","src":"https:\/\/i0.wp.com\/elcentinelaformosa.com\/wp-content\/uploads\/2021\/06\/wp-16227463326671623335766604721872.png?fit=695%2C401&ssl=1&resize=350%2C200","width":350,"height":200,"srcset":"https:\/\/i0.wp.com\/elcentinelaformosa.com\/wp-content\/uploads\/2021\/06\/wp-16227463326671623335766604721872.png?fit=695%2C401&ssl=1&resize=350%2C200 1x, https:\/\/i0.wp.com\/elcentinelaformosa.com\/wp-content\/uploads\/2021\/06\/wp-16227463326671623335766604721872.png?fit=695%2C401&ssl=1&resize=525%2C300 1.5x"},"classes":[]},{"id":1560,"url":"https:\/\/elcentinelaformosa.com\/index.php\/2026\/01\/04\/la-doctora-laura-velasco-representara-a-argentina-en-la-3conferencia-internacional-ilas-hufs-hk-2023\/","url_meta":{"origin":475,"position":3},"title":"LA DOCTORA LAURA VELASCO REPRESENTARA A ARGENTINA EN LA 3\u00b0CONFERENCIA  INTERNACIONAL ILAS-HUFS HK+ 2023","author":"Admin","date":"enero 4, 2026","format":false,"excerpt":"La Dra Laura Cecilia Velasco Pionera en Derecho Animal Creadora y Directora de la Revista Jur\u00eddica de Derecho Animal de IJEditores, participar\u00e1 por nuestro pa\u00eds y como Vicepresidenta internacional adjunta de Am\u00e9rica del Sur por ILBPA- Internacional Legal Bar & Profissional Association en la 3\u00aa Conferencia Internacional ILAS-HUFS HK+ 2023,\u2026","rel":"","context":"En &quot;Congresos y Conferencias&quot;","block_context":{"text":"Congresos y Conferencias","link":"https:\/\/elcentinelaformosa.com\/index.php\/category\/congresos-y-conferencias\/"},"img":{"alt_text":"","src":"https:\/\/i0.wp.com\/elcentinelaformosa.com\/wp-content\/uploads\/2023\/01\/img-20230113-wa00133505341314930540405.jpg?fit=848%2C1200&ssl=1&resize=350%2C200","width":350,"height":200,"srcset":"https:\/\/i0.wp.com\/elcentinelaformosa.com\/wp-content\/uploads\/2023\/01\/img-20230113-wa00133505341314930540405.jpg?fit=848%2C1200&ssl=1&resize=350%2C200 1x, https:\/\/i0.wp.com\/elcentinelaformosa.com\/wp-content\/uploads\/2023\/01\/img-20230113-wa00133505341314930540405.jpg?fit=848%2C1200&ssl=1&resize=525%2C300 1.5x, https:\/\/i0.wp.com\/elcentinelaformosa.com\/wp-content\/uploads\/2023\/01\/img-20230113-wa00133505341314930540405.jpg?fit=848%2C1200&ssl=1&resize=700%2C400 2x"},"classes":[]},{"id":1586,"url":"https:\/\/elcentinelaformosa.com\/index.php\/2026\/01\/04\/especialista-en-derecho-animal-interviene-en-nuevo-caso-de-maltrato-y-abuso\/","url_meta":{"origin":475,"position":4},"title":"ESPECIALISTA EN DERECHO ANIMAL INTERVIENE EN NUEVO CASO DE MALTRATO Y ABUSO","author":"Admin","date":"enero 4, 2026","format":false,"excerpt":"El pasado d\u00eda jueves 09 de marzo se viralizo a trav\u00e9s de las redes sociales un caso que atenta contra los derechos del animal no humano en CABA (ciudad aut\u00f3noma de Buenos Aires) Ante los hechos trascendidos, la Dra. Laura Cecilia Velasco reconocida abogada especialista en derecho animal\u00a0 a nivel\u2026","rel":"","context":"En &quot;Derecho snimal&quot;","block_context":{"text":"Derecho snimal","link":"https:\/\/elcentinelaformosa.com\/index.php\/category\/derecho-snimal\/"},"img":{"alt_text":"","src":"https:\/\/i0.wp.com\/elcentinelaformosa.com\/wp-content\/uploads\/2021\/07\/wp-16264720224391985619108434465971.png?fit=696%2C895&ssl=1&resize=350%2C200","width":350,"height":200,"srcset":"https:\/\/i0.wp.com\/elcentinelaformosa.com\/wp-content\/uploads\/2021\/07\/wp-16264720224391985619108434465971.png?fit=696%2C895&ssl=1&resize=350%2C200 1x, https:\/\/i0.wp.com\/elcentinelaformosa.com\/wp-content\/uploads\/2021\/07\/wp-16264720224391985619108434465971.png?fit=696%2C895&ssl=1&resize=525%2C300 1.5x"},"classes":[]},{"id":1656,"url":"https:\/\/elcentinelaformosa.com\/index.php\/2026\/01\/04\/29-de-abril-lanzamiento-de-una-nueva-edicion-de-la-revista-juridica-sobre-derecho-animal\/","url_meta":{"origin":475,"position":5},"title":"29 DE ABRIL: LANZAMIENTO DE UNA NUEVA EDICI\u00d3N DE LA REVISTA JUR\u00cdDICA SOBRE DERECHO ANIMAL","author":"Admin","date":"enero 4, 2026","format":false,"excerpt":"\u00a0 En el d\u00eda del Animal en Argentina se anunci\u00f3 una edici\u00f3n especial de la Revista Jur\u00eddica de Derecho Animal, dirigida por la Dra. Laura Cecilia Velasco y coordinada por el Dr. Mat\u00edas Padin Marchioli. Los escritores y columnistas de la revista jur\u00eddica son reconocidas personalidades en en la defensa\u2026","rel":"","context":"En \"Actualizacion sobre derecho animal\"","block_context":{"text":"Actualizacion sobre derecho animal","link":"https:\/\/elcentinelaformosa.com\/index.php\/tag\/actualizacion-sobre-derecho-animal\/"},"img":{"alt_text":"","src":"https:\/\/i0.wp.com\/elcentinelaformosa.com\/wp-content\/uploads\/2023\/04\/IMG-20230429-WA0011.jpg?fit=1200%2C1200&ssl=1&resize=350%2C200","width":350,"height":200,"srcset":"https:\/\/i0.wp.com\/elcentinelaformosa.com\/wp-content\/uploads\/2023\/04\/IMG-20230429-WA0011.jpg?fit=1200%2C1200&ssl=1&resize=350%2C200 1x, https:\/\/i0.wp.com\/elcentinelaformosa.com\/wp-content\/uploads\/2023\/04\/IMG-20230429-WA0011.jpg?fit=1200%2C1200&ssl=1&resize=525%2C300 1.5x, https:\/\/i0.wp.com\/elcentinelaformosa.com\/wp-content\/uploads\/2023\/04\/IMG-20230429-WA0011.jpg?fit=1200%2C1200&ssl=1&resize=700%2C400 2x, https:\/\/i0.wp.com\/elcentinelaformosa.com\/wp-content\/uploads\/2023\/04\/IMG-20230429-WA0011.jpg?fit=1200%2C1200&ssl=1&resize=1050%2C600 3x"},"classes":[]}],"jetpack_sharing_enabled":true,"jetpack_likes_enabled":true,"_links":{"self":[{"href":"https:\/\/elcentinelaformosa.com\/index.php\/wp-json\/wp\/v2\/posts\/475","targetHints":{"allow":["GET"]}}],"collection":[{"href":"https:\/\/elcentinelaformosa.com\/index.php\/wp-json\/wp\/v2\/posts"}],"about":[{"href":"https:\/\/elcentinelaformosa.com\/index.php\/wp-json\/wp\/v2\/types\/post"}],"author":[{"embeddable":true,"href":"https:\/\/elcentinelaformosa.com\/index.php\/wp-json\/wp\/v2\/users\/2"}],"replies":[{"embeddable":true,"href":"https:\/\/elcentinelaformosa.com\/index.php\/wp-json\/wp\/v2\/comments?post=475"}],"version-history":[{"count":1,"href":"https:\/\/elcentinelaformosa.com\/index.php\/wp-json\/wp\/v2\/posts\/475\/revisions"}],"predecessor-version":[{"id":477,"href":"https:\/\/elcentinelaformosa.com\/index.php\/wp-json\/wp\/v2\/posts\/475\/revisions\/477"}],"wp:featuredmedia":[{"embeddable":true,"href":"https:\/\/elcentinelaformosa.com\/index.php\/wp-json\/wp\/v2\/media\/476"}],"wp:attachment":[{"href":"https:\/\/elcentinelaformosa.com\/index.php\/wp-json\/wp\/v2\/media?parent=475"}],"wp:term":[{"taxonomy":"category","embeddable":true,"href":"https:\/\/elcentinelaformosa.com\/index.php\/wp-json\/wp\/v2\/categories?post=475"},{"taxonomy":"post_tag","embeddable":true,"href":"https:\/\/elcentinelaformosa.com\/index.php\/wp-json\/wp\/v2\/tags?post=475"}],"curies":[{"name":"wp","href":"https:\/\/api.w.org\/{rel}","templated":true}]}}