{"id":537,"date":"2026-02-27T11:02:24","date_gmt":"2026-02-27T14:02:24","guid":{"rendered":"http:\/\/elcentinelaformosa.com\/?p=537"},"modified":"2026-02-27T11:02:24","modified_gmt":"2026-02-27T14:02:24","slug":"acuerdo-porcino-entre-china-y-argentina-entrevista-a-una-especialista-en-el-derecho-animal-humano-y-ambiental-2","status":"publish","type":"post","link":"https:\/\/elcentinelaformosa.com\/index.php\/2026\/02\/27\/acuerdo-porcino-entre-china-y-argentina-entrevista-a-una-especialista-en-el-derecho-animal-humano-y-ambiental-2\/","title":{"rendered":"ACUERDO PORCINO ENTRE CHINA Y ARGENTINA: ENTREVISTA A UNA ESPECIALISTA EN EL DERECHO ANIMAL, HUMANO Y AMBIENTAL (SEGUNDA PARTE)"},"content":{"rendered":"<p><span style=\"color: #333399;\"><em><strong>SEGUNDA PARTE DE LA ENTREVISTA<\/strong><\/em><\/span><\/p>\n<p><strong>La doctora Marina Garrido es abogada, especialista en derecho animal; adem\u00e1s contadora p\u00fablica nacional,\u00a0 vegana, abolicionista, antiespecista. Curs\u00f3 sus estudios en la UBA, realiz\u00f3 especializaciones en derecho animal, actualmente es socia fundadora y representante legal de la Asociaci\u00f3n ALUISA,\u00a0 que promueve la Ley No mas Tas de reconversi\u00f3n y prohibici\u00f3n de la tracci\u00f3n a sangre en la Rep\u00fablica Argentina. Docente universitaria de la materia auditor\u00eda en la facultad de Ciencias Econ\u00f3micas de la UBA y en la Universidad Pontificia de Comillas ICAI-ICADE de Madrid.<\/strong><\/p>\n<p><strong>Hoy nos concede esta entrevista para disipar las dudas que tenemos los ciudadanos argentinos ante la inminente firma de un tratado con China para explotar ganado porcino en el territorio nacional en mega granjas factor\u00edas. Como se sabe de antemano, China representa la m\u00e1xima crueldad contra todas las especies.<\/strong><\/p>\n<p><em>\u00a0<\/em><em><span style=\"color: #3366ff;\">DESDE EL PUNTO DE VISTA MEDIOAMBIENTAL<\/span><\/em><\/p>\n<p><strong>HAY COMPROMISO DE CONTAMINACI\u00d3N AMBIENTAL CON LA INSTALACION DE LAS MEGAGRANJAS EN NUESTRO PA\u00cdS? EN EL CASO AFIRMATIVO\u2026. LA CIUDADAN\u00cdA TIENE CONOCIMIENTO DE LOS COSTOS AMBIENTALES? AGUA, AIRE Y TIERRA?<\/strong><\/p>\n<p><em>Es tal el da\u00f1o ambiental y a la salud que causan estas megagranjas que es moneda corriente que se instalen en comunidades vulnerables para encontrar menos resistencia social. Por ejemplo en EE UU, suelen instalarse en comunidades de afroamericanos ya que la contaminaci\u00f3n ambiental del agua, de las napas subterr\u00e1neas, del aire, del suelo provoca da\u00f1os irreversibles. Igual de graves son los da\u00f1os a la salud, no s\u00f3lo porque el olor nauseabundo se esparce a kil\u00f3metros de distancia con las consecuencias en calidad de vida, sino que las sustancias qu\u00edmicas que emanan como el \u00f3xido nitroso, provocan da\u00f1os importantes en la salud humana siendo frecuentes\u00a0 aquellos que afectan la vista y en los pulmones. <\/em><\/p>\n<p>Es posible que quienes consuman esta carne, tambi\u00e9n consumen sufrimiento, estr\u00e9s, agon\u00eda? Adem\u00e1s de antibi\u00f3ticos y hormonas?<\/p>\n<p><em>Por supuesto con el consumo de carne entre otras cosas se consumen antibi\u00f3ticos, hormonas y sufrimiento animal, el cortisol. Las excretas de los cerdos precipitan en vastos lagos de acumulaci\u00f3n, all\u00ed van a parar las heces, la orina y la sangre de las matanzas: Baste decir que un gramo de excremento porcino contiene 100 millones de bacterias. En im\u00e1genes con drones tomadas de estos lagos por ambientalistas, se puede observar la dimensi\u00f3n colosal del \u00e1rea contaminada por dichos lagos. Cabe la pregunta: es justo que a las comunidades m\u00e1s vulnerables les vendan esta calamidad ambiental, cual caballo de troya, con el anzuelo de que los van a beneficiar con unas pocas fuentes de trabajo? Y es \u00e9tico que los gobiernos lo permitan ?\u2026\u2026<\/em><\/p>\n<p><img data-recalc-dims=\"1\" loading=\"lazy\" decoding=\"async\" class=\"alignnone size-medium wp-image-525\" src=\"https:\/\/i0.wp.com\/elcentinelaformosa.com\/wp-content\/uploads\/2020\/12\/suelos-contaminados-por-megagranjas.jpg?resize=300%2C169\" alt=\"\" width=\"300\" height=\"169\" srcset=\"https:\/\/i0.wp.com\/elcentinelaformosa.com\/wp-content\/uploads\/2020\/12\/suelos-contaminados-por-megagranjas.jpg?resize=300%2C169&amp;ssl=1 300w, https:\/\/i0.wp.com\/elcentinelaformosa.com\/wp-content\/uploads\/2020\/12\/suelos-contaminados-por-megagranjas.jpg?resize=1024%2C576&amp;ssl=1 1024w, https:\/\/i0.wp.com\/elcentinelaformosa.com\/wp-content\/uploads\/2020\/12\/suelos-contaminados-por-megagranjas.jpg?resize=768%2C432&amp;ssl=1 768w, https:\/\/i0.wp.com\/elcentinelaformosa.com\/wp-content\/uploads\/2020\/12\/suelos-contaminados-por-megagranjas.jpg?w=1280&amp;ssl=1 1280w\" sizes=\"auto, (max-width: 300px) 100vw, 300px\" \/><\/p>\n<p><em>Por otra parte, las excretas de los cerdos tambi\u00e9n est\u00e1n saturadas de antibi\u00f3ticos que en enormes cantidades les inyectan para evitar las constantes infecciones provenientes del hacinamiento, la falta de cuidados sanitarios de las laceraciones que se infectan con sus propias heces y de un sistema inmunol\u00f3gico absolutamente destru\u00eddo por el stress al que los someten que aumenta sus niveles de cortisol. <\/em><\/p>\n<p>Porqu\u00e9 necesitan antibi\u00f3ticos de manera constante los animales en las megagranjas? Tambi\u00e9n consumen hormonas?<\/p>\n<p><em>El 70% de la producci\u00f3n mundial de antibi\u00f3ticos se utiliza en el ganado, siendo en consecuencia los laboratorios, grandes beneficiarios de este tipo de negocios. Porque como dije antes, no podr\u00edan sobrevivir los cerdos, ni este negocio, si no los inyectaran permanentemente con antibi\u00f3ticos en grandes dosis. Vale decir que el mismo flagelo ambiental, de salubridad y crueldad animal es el centro del negocio de <span style=\"color: #333333;\"><u>toda<\/u><\/span> la ganader\u00eda intensiva, que les permite satisfacer a bajo costo y con mayor rentabilidad los mercados siendo la producci\u00f3n de carne aviar y huevos igual o peor que la de cerdos.<\/em><\/p>\n<p><em>Si la gente supiera que al consumir carne est\u00e1 consumiendo de manera indirecta hormonas, entre ellas cortisol y antibi\u00f3ticos, lo reevaluar\u00edan. Si no por los animales, al menos por su salud. Por otra parte, el consumo de antibi\u00f3ticos a trav\u00e9s del consumo de carne, es otro factor agregado a la famosa \u201cresistencia a los antibi\u00f3ticos\u201d y a la aparici\u00f3n de superbacterias que tanto preocupa a la ciencia m\u00e9dica en la actualidad. <\/em><\/p>\n<p><strong>CON RESPECTO A LOS DISCURSOS DE LA COMUNIDAD CIENT\u00cdFICA, SER\u00cdA CONFIABLE CREER QUE SE TOMAN LOS RECAUDOS PARA QUE NO EXISTA CONTAMINACI\u00d3N?<\/strong><\/p>\n<p><em>Retomando el tema de los lagos contaminantes, sabemos que siempre alrededor de un gran negocio existen lobbys que se ocupan de defenderlo ante la opini\u00f3n p\u00fablica, de m\u00ednima generando confusi\u00f3n para hacer contrapeso a la informaci\u00f3n de los ambientalistas, y sabemos que siempre habr\u00e1 un pu\u00f1ado de profesionales que estar\u00e1n dispuestos a cambio de ventajas personales, ya sea m\u00e9dicos, cient\u00edficos, ingenieros, abogados etc que van a decir a viva voz con amplio espacio en medios masivos de comunicaci\u00f3n que existen tecnolog\u00edas de punta para controlar que no se generen da\u00f1os. Lo hemos visto con el lobby del tabaco, del petr\u00f3leo o como sucedi\u00f3 en Argentina con la megaminer\u00eda a cielo abierto. Se instalaron en las \u00faltimas d\u00e9cadas en la cordillera de los Andes en Argentina y Chile grandes proyectos de megaminer\u00eda que ASEGURARON no iban a contaminar con cianuro las aguas de las nacientes de los r\u00edos en el sistema periglacial en su proceso extractivo, pero a lo largo de los a\u00f1os hubo importantes p\u00e9rdidas de cianuro en los r\u00edos y destrucci\u00f3n\u00a0 de las comunidades agr\u00edcolas, debido a la contaminaci\u00f3n del agua. Podemos citar el caso de Beradero, en San Juan. Tuvo numerosas causas penales y civiles, numerosos derrames de cianuro. Otro caso la minera bajo la Alumbrera en Catamarca, que se fue del pa\u00eds. Hab\u00eda recibido una multa muy importante durante el gobierno anterior. Tambi\u00e9n el caso de Pascua Lama en Chile, que el Tribunal Ambiental acaba de clausurarla. Pero ya es tarde. El da\u00f1o est\u00e1 hecho. La contaminaci\u00f3n a la fuente de agua pura es un da\u00f1o que no se puede reparar. La sociedad deber\u00eda aprender de las nefastas experiencias pasadas y evitar que se vuelva a producir un da\u00f1o ambiental irreparable id\u00e9ntico esta vez a ra\u00edz de la mega ganader\u00eda.<\/em><\/p>\n<p><img data-recalc-dims=\"1\" loading=\"lazy\" decoding=\"async\" class=\"alignnone size-full wp-image-528\" src=\"https:\/\/i0.wp.com\/elcentinelaformosa.com\/wp-content\/uploads\/2020\/12\/desastre-ecologico-en-amazonia.jpg?resize=290%2C174\" alt=\"\" width=\"290\" height=\"174\" \/><\/p>\n<p><strong>COMO PODR\u00cdA DARSE LA CONTAMINACI\u00d3N DE LOS SUELOS Y EL AGUA, POR EJEMPLO?<\/strong><\/p>\n<p><em>Se contamina el suelo porque hay filtraciones hacia las napas de agua subterr\u00e1neas que llegan a los r\u00edos y a trav\u00e9s de ellos al mar.\u00a0 Teniendo en cuenta que se especula en instalar las megagranjas en Santa F\u00e9, Formosa, Chaco, Santiago del Estero, que rodean la cuenca del r\u00edo Paran\u00e1 posiblemente tambi\u00e9n las excretas lleguen al R\u00edo de la Plata. El acu\u00edfero guaran\u00ed, la segunda reserva de agua dulce del mundo tambi\u00e9n est\u00e1 muy cerca, en Corrientes, y podr\u00eda eventualmente contaminarse: No se puede saber a ciencia cierta las consecuencias ya que el agua se filtra en todas partes y el principio precautorio que rige en nuestra legislaci\u00f3n debe aplicarse a rajatabla. Pero de esto no se habla, no hay debate p\u00fablico, hay un secretismo ofensivo hacia la sociedad por parte de la clase pol\u00edtica a pesar de las continuas manifestaciones en la calle que fueron ignoradas. El gobierno tampoco hizo una evaluaci\u00f3n de los antedichos riesgos, ya que en el momento de conocerse la noticia del acuerdo con China ni siquiera estaba considerando hacer el estudio de impacto ambiental previo, que es obligatorio ya que est\u00e1 consagrado en la Constituci\u00f3n Nacional el derecho a un ambiente sano. \u00a0Pero qui\u00e9n estar\u00eda dispuesto a firmar un EIA con una conclusi\u00f3n favorable cuando a las claras es imposible ?<\/em><\/p>\n<p><em>Otro aspecto a tener en cuenta es que la ganader\u00eda contamina el aire y es la segunda causa del calentamiento global incluso por encima de la suma de todos los medios de transporte. El metano (CH4) proviene del sistema digestivo de los rumiantes como vacas y ovejas y es 25 veces m\u00e1s contaminante en cuanto a potencial de retenci\u00f3n calor\u00edfera que el CO2. Sin embargo, el problema de la ganader\u00eda no se quiere abordar y solamente se habla de energ\u00edas limpias para combatir el calentamiento global, siendo la eliminaci\u00f3n de la ganader\u00eda la \u00fanica chance de evitar la debacle que est\u00e1 muy pr\u00f3xima. Esto es as\u00ed porque la sustituci\u00f3n a tecnolog\u00edas limpias es lenta y llevar\u00eda d\u00e9cadas y a posteriori, el CO2 tardar\u00eda aun 100 a\u00f1os en degradarse. Solamente tenemos 2 d\u00e9cadas por delante para evitar llegar al punto de no retorno que son los 2 grados de elevaci\u00f3n de la temperatura respecto a inicios de la era industrial, seg\u00fan el Acuerdo de Paris. Suprimir la ganader\u00eda y el metano que libera, ser\u00eda una soluci\u00f3n r\u00e1pida ya que \u00e9ste se degrada en un m\u00e1ximo de 4 o 5 a\u00f1os.<\/em><\/p>\n<p><em>Con relaci\u00f3n a la ganader\u00eda porcina el problema es aun mayor ya que sus excretas son altas en \u00f3xido nitroso (N2O) que es 298 veces m\u00e1s contaminante que el CO2. Lo ingieren los cerdos a trav\u00e9s del alimento y despu\u00e9s lo excretan en las heces que a posteriori precipitan en los lagos de acumulaci\u00f3n. <\/em><\/p>\n<p><em>Otras desventajas ambientales de la ganader\u00eda como base de la alimentaci\u00f3n humana respecto a una dieta basada en plantas (plat based) es que consume 10 veces m\u00e1s agua que la agricultura,\u00a0 y que las \u00be partes del suelo cultivable del planeta se destina a alimentar ganado, no a alimentar personas. Si se eliminara la explotaci\u00f3n ganadera se podr\u00eda eliminar el hambre en el mundo. Es una afirmaci\u00f3n no m\u00eda, sino de la FAO. Asimismo se podr\u00edan reforestar las selvas tropicales que fueron arrasadas en su mayor parte para sembrar soja y maiz para alimentar ganado y contribuir con ellas a absorber CO2 ya que son los \u00e1rboles, a trav\u00e9s de la fotos\u00edntesis de sus hojas, los mayores atrapadores y acumuladores de CO2. Al deforestar para servir a la industria ganadera, se contribuy\u00f3 a recalentar al planeta por dos v\u00edas: por un lado el CO2 que se libera a la atm\u00f3sfera con los incendios forestales intencionales y por otra, por el d\u00e9ficit de masa forestal que podr\u00eda absorber m\u00e1s CO2. Hasta el Pap\u00e1 Francisco en un documento sobre la Amazonia que firm\u00f3 hace poco manifest\u00f3 que la causa de la deforestaci\u00f3n es la ganader\u00eda.\u00a0 <\/em><\/p>\n<p><em>Otro negocio interesado en la instalaci\u00f3n de las mega granjas de cerdos en Argentina es el de los laboratorios que producen los antibi\u00f3ticos (el 70% se utiliza en los animales) y los agroqu\u00edmicos utilizados para producir ma\u00edz y soja para alimentarlos. <\/em><\/p>\n<p><b>NUESTRO PA\u00cdS, ANTE EL MUNDO, TIENE UNA DE LAS MEJORES Y MAYORES RESERVAS DE AGUA DULCE, ES DECIR, APTA PARA EL CONSUMO\u2026.. EL CIUDADANO EST\u00c1 INFORMADO SOBRE LOS PELIGROS?<\/b><\/p>\n<p><em>El agua, el aire, la tierra: todo est\u00e1 en riesgo y la poblaci\u00f3n tiene informaci\u00f3n a trav\u00e9s de las redes sociales y de las ong que se dedican a la materia pero desde el Estado optan por no informar a la poblaci\u00f3n ya que prefieren mantener el statu quo, ya sea por intereses o por incapacidad y por otra parte, los pol\u00edticos piensan s\u00f3lo en t\u00e9rminos de votos y err\u00f3neamente todav\u00eda creen que la desidia en materia ambiental as\u00ed como en derecho animal no les afecta. A veces esta err\u00f3nea evaluaci\u00f3n se debe a entornos de tipo cortesano que solamente llevan buenas noticias, luego llegan las sorpresas que ni los encuestadores pueden prever. En Argentina, tampoco se toman medidas para defender los enormes recursos naturales, el agua por ejemplo, se sabe que ser\u00e1 la causa de las futuras guerras. Pero el estado argentino no hace nada al respecto. Tampoco por contribuir EN SERIO a mitigar el cambio clim\u00e1tico del que la ganader\u00eda es la segunda causa, implica desertificaci\u00f3n, el cambio de reg\u00edmenes de lluvias, temperaturas extremas y sucesi\u00f3n de situaciones clim\u00e1ticas an\u00f3malas que afectan la calidad del suelo generando desertificaci\u00f3n y a futuro implica un serio problema alimentario con eventuales hambrunas. La reducci\u00f3n de tierras cultivables no s\u00f3lo por la desertificaci\u00f3n sino por mala calidad y p\u00e9rdida de suelos por el lavado de los mismos debido al cambio de r\u00e9gimen de lluvias y climas m\u00e1s extremos que pasan de sequ\u00edas a inundaciones. La ganader\u00eda es la causa detr\u00e1s de todos estos estragos porque la deforestaci\u00f3n que provoc\u00f3, rompe aun m\u00e1s el equilibrio clim\u00e1tico que existi\u00f3 durante milenios.\u00a0 Son los \u00e1rboles los que regulan las temperaturas y los reg\u00edmenes de lluvia y asimismo act\u00faan como retenci\u00f3n de suelo con sus ra\u00edces. Pero los pol\u00edticos argentinos miran para otro lado. En 2020 se quem\u00f3 medio pa\u00eds, con decenas de miles de focos de incendios todos provocados e intensificados por la sequ\u00eda, verificable con fotos satelitales y no tomaron ninguna medida eficaz tanto con presupuestos importantes para combatir y prevenir los fuegos como para asegurar legalmente y arbitrar los mecanismos judiciales para que los responsables de semejante ecocidio lo paguen con muchos a\u00f1os de c\u00e1rcel proporcionales a la masacre causada. Al no haber tomado medidas, el drama se repetir\u00e1.<\/em><\/p>\n<p><strong>MUCHAS VECES SE ESCUCHA EL CONCEPTO DE CRISIS EN LA REPRESENTACI\u00d3N POL\u00cdTICA, COMO SE DETECTA UNA FALLA EN EL SISTEMA EN CRISIS?<\/strong><\/p>\n<p><em>Se habla mucho de crisis de representaci\u00f3n pol\u00edtica y est\u00e1 sucediendo a nivel mundial y lo vemos a diario en los medios de comunicaci\u00f3n con la gente permanentemente en la calle incluso en pandemia. Hay una especie de hartazgo y rebeli\u00f3n contra la clase pol\u00edtica y los pa\u00edses privilegiados del primer mundo no son la excepci\u00f3n. En Argentina el acuerdo porcino con China es otro ejemplo ya que se est\u00e1 negociando de manera ofensiva a la inteligencia de la gente a espaldas de la opini\u00f3n p\u00fablica. Ahora dejaron trascender que el presidente no lo va a firmar, es posible que hayan cambiado moment\u00e1neamente de estrategia para sacar el tema del \u00e1mbito del activismo en CABA y para diluirlo y oscurecerlo aun m\u00e1s, lo delegan en gobernadores de provincias feudales como Chaco, que ya firm\u00f3 acuerdos parciales con particulares para la instalaci\u00f3n de las mega granjas porcinas chinas.<\/em><\/p>\n<p><em>El mecanismo para celebrar tratados internacionales, por su importancia tendr\u00eda que ser transparente y culminar con su aprobaci\u00f3n por el Congreso de la Naci\u00f3n. Sin embargo, muchas veces encuentran la manera de evitarlo justific\u00e1ndolo por cuestiones de urgencia. Por otra parte, en este caso, es posible que cuando se hizo en diciembre pasado la delegaci\u00f3n de facultades del Congreso al Poder Ejecutivo, tambi\u00e9n se delegara este tipo de cuestiones en un tratado marco. Con este mecanismo puede ser que hayan evitado su debate y aprobaci\u00f3n en el Congreso.<\/em><\/p>\n<p style=\"padding-left: 40px;\"><img data-recalc-dims=\"1\" loading=\"lazy\" decoding=\"async\" class=\"alignnone size-full wp-image-497\" src=\"https:\/\/i0.wp.com\/elcentinelaformosa.com\/wp-content\/uploads\/2020\/12\/images-10-1.jpg?resize=300%2C168\" alt=\"\" width=\"300\" height=\"168\" \/><\/p>\n<p><em>Hasta ahora se sabe que se han celebrado negociaciones, pero la conclusi\u00f3n de un tratado es competencia del poder ejecutivo, o sea el presidente directamente o a trav\u00e9s de sus ministros. Seg\u00fan el art.75\u00b0 inciso 22, de la Constituci\u00f3n Nacional Argentina, y el art\u00edculo 99\u00b0 inciso 11, sobre los tratados internacionales, como ya expres\u00e9, estos deben ser aprobados por el Congreso de la Naci\u00f3n. Pero si hubo alg\u00fan tipo de delegaci\u00f3n de facultades al ejecutivo, quiz\u00e1s no tengamos esa instancia lo que es grave porque cerrar\u00eda cualquier tipo de debate transparente ante la opini\u00f3n p\u00fablica con cobertura de los medios masivos de comunicaci\u00f3n (hasta ahora casi ausentes) y sobretodo con la obligaci\u00f3n de la oposici\u00f3n a adoptar una postura de cara a la sociedad, cosa que hasta ahora no hizo. Se est\u00e1 jugando el futuro ambiental del pa\u00eds, con un riesgo de que se origine una futura pandemia en nuestro pa\u00eds y los protagonistas, gobierno y oposici\u00f3n act\u00faan de manera opaca y a contrapelo de la voluntad popular. No s\u00f3lo tenemos una crisis de representaci\u00f3n pol\u00edtica sino que ha llegado a unos niveles grav\u00edsimos al punto de que todos hemos visto escenas escandalosas durante las sesiones. Por ejemplo, el caso de un diputado a quien una periodista le pregunto qu\u00e9 leyes se trataban ese d\u00eda y no sab\u00eda, eran leyes importantes, una de jubilaci\u00f3n y otra de medio ambiente y ante la insistencia de la periodista le cort\u00f3 la comunicaci\u00f3n. Sin embargo, hab\u00eda levantado la mano para votar sin saber que temas trataban y en simult\u00e1neo con actitud indecorosa.\u00a0 Es evidente que solo obedec\u00eda una orden, que lo hace consuetudinariamente y que esa es su \u00fanica misi\u00f3n como diputado.<\/em><\/p>\n<p><em>Como dije antes, la crisis de representaci\u00f3n es muy aguda en todo el mundo. En el primer mundo tambi\u00e9n la gente sale a las calles a manifestar su hartazgo, las redes sociales desengancharon a la opini\u00f3n p\u00fablica de los medios tradicionales y de los partidos pol\u00edticos, hay m\u00e1s informaci\u00f3n y a m\u00e1s informaci\u00f3n, m\u00e1s frustraci\u00f3n, sobre todo los j\u00f3venes porque ven muy oscuro el porvenir, no s\u00f3lo por el desempleo y la fragilidad laboral, sino sobre todo por la amenaza al medio ambiente. Ellos son muy conscientes de que tenemos un solo planeta y lo estamos destruyendo y sospechan que van a ser testigos de la cat\u00e1strofe. <\/em><\/p>\n<p><em>En Argentina adem\u00e1s de lo anteriormente mencionado, estamos todav\u00eda peor a causa de unas instituciones muy d\u00e9biles, listas s\u00e1banas con candidatos puestos a dedo y no por m\u00e9rito y el sistema aplicado D&#8217; Hondt que tiene un sesgo matem\u00e1tico para calcular el n\u00famero de diputados por cada partido pol\u00edtico, que beneficia al partido mayoritario. <\/em><\/p>\n<p><em>Adem\u00e1s, la representaci\u00f3n proporcional de los diputados tiene que hacerse en base a la poblaci\u00f3n de cada provincia y desde el a\u00f1o 1983 no se actualiz\u00f3 el censo base para el c\u00e1lculo. As\u00ed por ejemplo, la provincia de Buenos Aires est\u00e1 subrepresentada. De los 257 diputados totales tiene 70 o sea un 27%. Sin embargo, su poblaci\u00f3n es de 15 millones y la de Argentina 45 millones de habitantes es decir que a grosso modo, la poblaci\u00f3n de la provincia de Buenos Aires es un 33 % del total, sin embargo sus diputados son solo un 27%: por eso decimos que est\u00e1 sub representada. Deber\u00eda tener 84 diputados aproximadamente. (C\u00e1lculo estimativo de la Doctora Marina Garrido, abogada y contadora nacional)<\/em><\/p>\n<p><em>Argentina est\u00e1 utilizando un censo del a\u00f1o 83 pero actualmente tiene 15 millones m\u00e1s de habitantes.Ya desde el punto de partida, las proporciones de diputados por provincia est\u00e1n distorsionadas y para peor, las provincias que est\u00e1n sobre representadas, son generalmente las provincias feudales. Adem\u00e1s seg\u00fan la ley 22. 847 existe un sesgo adicional a favor de esas provincias: deben tener un m\u00ednimo de 5 diputados aunque tengan poca o nula poblaci\u00f3n. Por lo tanto, las provincias chicas tienen m\u00e1s diputados de lo que corresponde en proporci\u00f3n a la poblaci\u00f3n, en detrimento de otras provincias m\u00e1s populosas como la provincia de Buenos Aires. Y adicionalmente, por ser provincias con instituciones d\u00e9biles y feudales, votan bajo criterios pol\u00edticos que no necesariamente coinciden con lo jur\u00eddico o el bien com\u00fan. Esto lo hemos podido comprobar estos d\u00edas cuando se vot\u00f3 una quita arbitraria de los fondos de la coparticipaci\u00f3n a la ciudad de Buenos Aires, que es abiertamente inconstitucional.<\/em><\/p>\n<p>&nbsp;<\/p>\n<p><span style=\"color: #0000ff;\"><strong>NUESTRO AGRADECIMIENTO A LA DOCTORA MARINA GARRIDO POR LA ENTREVISTA CONCEDIDA Y LA\u00a0 SOCIALIZACI\u00d3N LOS RESULTADOS DE UNA IMPORTANTE INVESTIGACI\u00d3N, CON DATOS PRECISOS Y ACTUALIZADOS. <\/strong><\/span><\/p>\n<p><em>\u00a0<\/em><\/p>\n<p>&nbsp;<\/p>\n<p>&nbsp;<\/p>\n<p>&nbsp;<\/p>\n<p id=\"rop\"><small>Originally posted 2020-12-04 04:50:10. <\/small><\/p>","protected":false},"excerpt":{"rendered":"<p>SEGUNDA PARTE DE LA ENTREVISTA La doctora Marina Garrido es abogada, especialista en derecho animal; adem\u00e1s contadora p\u00fablica nacional,\u00a0 vegana, abolicionista, antiespecista. Curs\u00f3 sus estudios en la UBA, realiz\u00f3 especializaciones en derecho animal, actualmente es socia fundadora y representante legal de la Asociaci\u00f3n ALUISA,\u00a0 que promueve la Ley No mas Tas de reconversi\u00f3n y prohibici\u00f3n&#8230; <a href=\"https:\/\/elcentinelaformosa.com\/index.php\/2026\/02\/27\/acuerdo-porcino-entre-china-y-argentina-entrevista-a-una-especialista-en-el-derecho-animal-humano-y-ambiental-2\/\">Read more: ACUERDO PORCINO ENTRE CHINA Y ARGENTINA: ENTREVISTA A UNA ESPECIALISTA EN EL DERECHO ANIMAL, HUMANO Y AMBIENTAL (SEGUNDA PARTE)<\/a><\/p>\n","protected":false},"author":2,"featured_media":511,"comment_status":"open","ping_status":"open","sticky":false,"template":"","format":"standard","meta":{"rop_custom_images_group":[],"rop_custom_messages_group":[],"rop_publish_now":"initial","rop_publish_now_accounts":{"twitter_815903348_815903348":""},"rop_publish_now_history":[],"rop_publish_now_status":"pending","h5ap_radio_sources":[],"_jetpack_memberships_contains_paid_content":false,"footnotes":"","jetpack_publicize_message":"","jetpack_publicize_feature_enabled":true,"jetpack_social_post_already_shared":true,"jetpack_social_options":{"image_generator_settings":{"template":"highway","default_image_id":0,"font":"","enabled":false},"version":2}},"categories":[6,111,1],"tags":[114,68,85,116,120,119,118,24,117,115],"class_list":["post-537","post","type-post","status-publish","format-standard","has-post-thumbnail","hentry","category-el-centinela","category-entrevistas","category-uncategorized","tag-resistencia-a-los-antibioticos","tag-activismo","tag-activistas","tag-actualidad","tag-cortisol","tag-de-salubridad","tag-flagelo-ambiental","tag-megagranjas","tag-superbacterias","tag-superbciencia-medica"],"aioseo_notices":[],"jetpack_publicize_connections":[],"jetpack_featured_media_url":"https:\/\/i0.wp.com\/elcentinelaformosa.com\/wp-content\/uploads\/2020\/12\/Dra-Marina-Garrido.jpg?fit=740%2C503&ssl=1","jetpack-related-posts":[{"id":1145,"url":"https:\/\/elcentinelaformosa.com\/index.php\/2026\/04\/01\/2021-un-ano-dedicado-al-conocimiento-en-derecho-animal\/","url_meta":{"origin":537,"position":0},"title":"2021: UN A\u00d1O DEDICADO AL CONOCIMIENTO EN DERECHO ANIMAL","author":"Admin","date":"abril 1, 2026","format":false,"excerpt":"Durante el a\u00f1o 2020 y 2021, la especialista en derecho animal, doctora Laura Velaso, abogada, escritora, jurista, crimin\u00f3loga, y por sobre todas las menciones defensora de la vida sobre el planeta, vegana desde hace varias d\u00e9cadas, ha impulsado y coordinado un ciclo de videoconferencias,\u00a0 capacitaci\u00f3n y actualizaci\u00f3n virtual en derecho\u2026","rel":"","context":"En &quot;Derecho snimal&quot;","block_context":{"text":"Derecho snimal","link":"https:\/\/elcentinelaformosa.com\/index.php\/category\/derecho-snimal\/"},"img":{"alt_text":"","src":"https:\/\/i0.wp.com\/elcentinelaformosa.com\/wp-content\/uploads\/2021\/09\/DRA-LAURA-VELASCO.jpg?fit=400%2C420&ssl=1&resize=350%2C200","width":350,"height":200},"classes":[]},{"id":1597,"url":"https:\/\/elcentinelaformosa.com\/index.php\/2026\/02\/27\/caba-rapida-respuesta-de-la-justicia-ante-denuncia-por-maltrato-animal\/","url_meta":{"origin":537,"position":1},"title":"CABA: R\u00c1PIDA RESPUESTA DE LA JUSTICIA ANTE DENUNCIA POR MALTRATO ANIMAL","author":"Admin","date":"febrero 27, 2026","format":false,"excerpt":"Tal como lo hab\u00eda anticipado el d\u00eda de ayer jueves 09 en\u00a0 la entrevista,\u00a0 la especialista en derecho animal, doctora Laura Cecilia Velasco hoy viernes 10 confirm\u00f3 la r\u00e1pida intervenci\u00f3n de la justicia en el caso de maltrato animal y posible abuso. Se logr\u00f3 el rescate de los caninos del\u2026","rel":"","context":"En &quot;Derecho snimal&quot;","block_context":{"text":"Derecho snimal","link":"https:\/\/elcentinelaformosa.com\/index.php\/category\/derecho-snimal\/"},"img":{"alt_text":"","src":"https:\/\/i0.wp.com\/elcentinelaformosa.com\/wp-content\/uploads\/2021\/07\/wp-16264720224391985619108434465971.png?fit=696%2C895&ssl=1&resize=350%2C200","width":350,"height":200,"srcset":"https:\/\/i0.wp.com\/elcentinelaformosa.com\/wp-content\/uploads\/2021\/07\/wp-16264720224391985619108434465971.png?fit=696%2C895&ssl=1&resize=350%2C200 1x, https:\/\/i0.wp.com\/elcentinelaformosa.com\/wp-content\/uploads\/2021\/07\/wp-16264720224391985619108434465971.png?fit=696%2C895&ssl=1&resize=525%2C300 1.5x"},"classes":[]},{"id":1214,"url":"https:\/\/elcentinelaformosa.com\/index.php\/2026\/04\/01\/experiencia-solidez-academica-y-empatia-con-los-seres-sintientes-caracterizaron-el-cierre-del-ciclo-de-conferencias-2021\/","url_meta":{"origin":537,"position":2},"title":"EXPERIENCIA, SOLIDEZ ACAD\u00c9MICA Y EMPATIA CON LOS SERES SINTIENTES CARACTERIZARON EL CIERRE DEL CICLO DE CONFERENCIAS 2021","author":"Admin","date":"abril 1, 2026","format":false,"excerpt":"Como es habitual, desde hace varios a\u00f1os, los especialistas en derecho de ANH comparten conocimiento, experiencias vividas a lo largo de a\u00f1os de trabajo y todas las novedades en cuanto a las actividades que realizan y van convirti\u00e9ndose en un icono de inspiraci\u00f3n para las nuevas generaciones, especialmente en el\u2026","rel":"","context":"En &quot;Derecho snimal&quot;","block_context":{"text":"Derecho snimal","link":"https:\/\/elcentinelaformosa.com\/index.php\/category\/derecho-snimal\/"},"img":{"alt_text":"","src":"https:\/\/i0.wp.com\/elcentinelaformosa.com\/wp-content\/uploads\/2021\/12\/wp-16409802962542313805787302722361.png?fit=688%2C466&ssl=1&resize=350%2C200","width":350,"height":200,"srcset":"https:\/\/i0.wp.com\/elcentinelaformosa.com\/wp-content\/uploads\/2021\/12\/wp-16409802962542313805787302722361.png?fit=688%2C466&ssl=1&resize=350%2C200 1x, https:\/\/i0.wp.com\/elcentinelaformosa.com\/wp-content\/uploads\/2021\/12\/wp-16409802962542313805787302722361.png?fit=688%2C466&ssl=1&resize=525%2C300 1.5x"},"classes":[]},{"id":2291,"url":"https:\/\/elcentinelaformosa.com\/index.php\/2026\/02\/28\/salvemos-a-la-madre-tierra\/","url_meta":{"origin":537,"position":3},"title":"SALVEMOS A LA MADRE TIERRA.","author":"Admin","date":"febrero 28, 2026","format":"image","excerpt":"\"Las actividades destructivas del ser humano est\u00e1n poniendo en peligro los l\u00edmites planetarios para sostener la vida\", dice la doctora Laura Cecilia Velasco, abogada, especialista en Derecho Animal. Actualmente es vicepresidenta adjunta internacional para Am\u00e9rica del Sur de ILBPA (International Legal Bar & Profissional Association) y Coordinadora Internacional por los\u2026","rel":"","context":"En &quot;Congresos y Conferencias&quot;","block_context":{"text":"Congresos y Conferencias","link":"https:\/\/elcentinelaformosa.com\/index.php\/category\/congresos-y-conferencias\/"},"img":{"alt_text":"","src":"https:\/\/i0.wp.com\/elcentinelaformosa.com\/wp-content\/uploads\/2026\/02\/IMG-20260227-WA0042.jpg?fit=675%2C869&ssl=1&resize=350%2C200","width":350,"height":200,"srcset":"https:\/\/i0.wp.com\/elcentinelaformosa.com\/wp-content\/uploads\/2026\/02\/IMG-20260227-WA0042.jpg?fit=675%2C869&ssl=1&resize=350%2C200 1x, https:\/\/i0.wp.com\/elcentinelaformosa.com\/wp-content\/uploads\/2026\/02\/IMG-20260227-WA0042.jpg?fit=675%2C869&ssl=1&resize=525%2C300 1.5x"},"classes":[]},{"id":1459,"url":"https:\/\/elcentinelaformosa.com\/index.php\/2026\/01\/04\/bioconflictividad-y-derecho-animal-en-en-marco-del-congreso-inter-y-multidisciplinario-del-derecho-y-medio-ambiente\/","url_meta":{"origin":537,"position":4},"title":"BIOCONFLICTIVIDAD Y DERECHO ANIMAL EN EN MARCO DEL CONGRESO INTER Y MULTIDISCIPLINARIO DEL DERECHO Y MEDIO AMBIENTE","author":"Admin","date":"enero 4, 2026","format":false,"excerpt":"DURANTE LA TARDE NOCHE DE AYER SE REALIZ\u00d3 LA CUARTA Y \u00daLTIMA JORNADA DEL CONGRESO INTERDISCIPLINARIO Y MULTIDISCIPLINARIO DONDE LAS M\u00c1S RELEVANTES FIGURAS DEL DERECHO INTERNACIONAL OCUPARON UN ESPACIO COMO DISERTANTES. ARGENTINA, DESDE EL DERECHO ANIMAL REPRESENTADA POR LA DOCTORA LAURA VELASCO, ESPECIALISTA Y PIONERA EN LA DEFENSA DEL DERECHO\u2026","rel":"","context":"En &quot;Derecho snimal&quot;","block_context":{"text":"Derecho snimal","link":"https:\/\/elcentinelaformosa.com\/index.php\/category\/derecho-snimal\/"},"img":{"alt_text":"","src":"https:\/\/i0.wp.com\/elcentinelaformosa.com\/wp-content\/uploads\/2022\/09\/Screenshot_20220921-194827-1.jpg?fit=366%2C253&ssl=1&resize=350%2C200","width":350,"height":200},"classes":[]},{"id":1586,"url":"https:\/\/elcentinelaformosa.com\/index.php\/2026\/01\/04\/especialista-en-derecho-animal-interviene-en-nuevo-caso-de-maltrato-y-abuso\/","url_meta":{"origin":537,"position":5},"title":"ESPECIALISTA EN DERECHO ANIMAL INTERVIENE EN NUEVO CASO DE MALTRATO Y ABUSO","author":"Admin","date":"enero 4, 2026","format":false,"excerpt":"El pasado d\u00eda jueves 09 de marzo se viralizo a trav\u00e9s de las redes sociales un caso que atenta contra los derechos del animal no humano en CABA (ciudad aut\u00f3noma de Buenos Aires) Ante los hechos trascendidos, la Dra. Laura Cecilia Velasco reconocida abogada especialista en derecho animal\u00a0 a nivel\u2026","rel":"","context":"En &quot;Derecho snimal&quot;","block_context":{"text":"Derecho snimal","link":"https:\/\/elcentinelaformosa.com\/index.php\/category\/derecho-snimal\/"},"img":{"alt_text":"","src":"https:\/\/i0.wp.com\/elcentinelaformosa.com\/wp-content\/uploads\/2021\/07\/wp-16264720224391985619108434465971.png?fit=696%2C895&ssl=1&resize=350%2C200","width":350,"height":200,"srcset":"https:\/\/i0.wp.com\/elcentinelaformosa.com\/wp-content\/uploads\/2021\/07\/wp-16264720224391985619108434465971.png?fit=696%2C895&ssl=1&resize=350%2C200 1x, https:\/\/i0.wp.com\/elcentinelaformosa.com\/wp-content\/uploads\/2021\/07\/wp-16264720224391985619108434465971.png?fit=696%2C895&ssl=1&resize=525%2C300 1.5x"},"classes":[]}],"jetpack_sharing_enabled":true,"jetpack_likes_enabled":true,"_links":{"self":[{"href":"https:\/\/elcentinelaformosa.com\/index.php\/wp-json\/wp\/v2\/posts\/537","targetHints":{"allow":["GET"]}}],"collection":[{"href":"https:\/\/elcentinelaformosa.com\/index.php\/wp-json\/wp\/v2\/posts"}],"about":[{"href":"https:\/\/elcentinelaformosa.com\/index.php\/wp-json\/wp\/v2\/types\/post"}],"author":[{"embeddable":true,"href":"https:\/\/elcentinelaformosa.com\/index.php\/wp-json\/wp\/v2\/users\/2"}],"replies":[{"embeddable":true,"href":"https:\/\/elcentinelaformosa.com\/index.php\/wp-json\/wp\/v2\/comments?post=537"}],"version-history":[{"count":5,"href":"https:\/\/elcentinelaformosa.com\/index.php\/wp-json\/wp\/v2\/posts\/537\/revisions"}],"predecessor-version":[{"id":556,"href":"https:\/\/elcentinelaformosa.com\/index.php\/wp-json\/wp\/v2\/posts\/537\/revisions\/556"}],"wp:featuredmedia":[{"embeddable":true,"href":"https:\/\/elcentinelaformosa.com\/index.php\/wp-json\/wp\/v2\/media\/511"}],"wp:attachment":[{"href":"https:\/\/elcentinelaformosa.com\/index.php\/wp-json\/wp\/v2\/media?parent=537"}],"wp:term":[{"taxonomy":"category","embeddable":true,"href":"https:\/\/elcentinelaformosa.com\/index.php\/wp-json\/wp\/v2\/categories?post=537"},{"taxonomy":"post_tag","embeddable":true,"href":"https:\/\/elcentinelaformosa.com\/index.php\/wp-json\/wp\/v2\/tags?post=537"}],"curies":[{"name":"wp","href":"https:\/\/api.w.org\/{rel}","templated":true}]}}