{"id":561,"date":"2026-02-27T11:02:25","date_gmt":"2026-02-27T14:02:25","guid":{"rendered":"http:\/\/elcentinelaformosa.com\/?p=561"},"modified":"2026-02-27T11:02:25","modified_gmt":"2026-02-27T14:02:25","slug":"quien-es-basterra-y-porque-promueve-las-megagranjas-porcinas","status":"publish","type":"post","link":"https:\/\/elcentinelaformosa.com\/index.php\/2026\/02\/27\/quien-es-basterra-y-porque-promueve-las-megagranjas-porcinas\/","title":{"rendered":"QUIEN ES BASTERRA Y PORQUE PROMUEVE LAS MEGAGRANJAS PORCINAS?"},"content":{"rendered":"<p>ZARATE: \u201cCUANDO FUE MINISTRO BASTERRA FUNDIO EL CAMPO Y LA GANADERIA DE FORMOSA.<\/p>\n<p>BASTERRA ENCARGADO DE CANJEAR LOS BOCANFOR , MIENTRAS CONSTRUIA SU LUJOSA MANSION<\/p>\n<p>HOY, BASTERRA, EL AUTODENOMINADO &#8221; VEGANO&#8221; , DEFIENDE LA INSTALACI\u00d3N DE LAS MEGAGRANJAS CHINAS EN FORMOSA, QUE PROVOCARIAN UN ENORME COSTO AMBIENTAL IRREVERSIBLE PARA LA PRIVINCIA. SUMADO A ELLO EL CONSUMO DE CARNE DE CERDO SATURADA DE ANTIBIOTICOS QUE SON USADOS EN ESTOS CRIADEROS, QUE NO TIENEN EN CUENTA EL SUFRIMIENTO DEL ANIMAL.<\/p>\n<p><img data-recalc-dims=\"1\" loading=\"lazy\" decoding=\"async\" class=\"alignnone size-medium wp-image-545\" src=\"https:\/\/i0.wp.com\/elcentinelaformosa.com\/wp-content\/uploads\/2020\/12\/wp-16071454638628665930982555440652.jpg?resize=283%2C300\" alt=\"\" width=\"283\" height=\"300\" srcset=\"https:\/\/i0.wp.com\/elcentinelaformosa.com\/wp-content\/uploads\/2020\/12\/wp-16071454638628665930982555440652.jpg?resize=283%2C300&amp;ssl=1 283w, https:\/\/i0.wp.com\/elcentinelaformosa.com\/wp-content\/uploads\/2020\/12\/wp-16071454638628665930982555440652.jpg?resize=768%2C813&amp;ssl=1 768w, https:\/\/i0.wp.com\/elcentinelaformosa.com\/wp-content\/uploads\/2020\/12\/wp-16071454638628665930982555440652.jpg?resize=725%2C768&amp;ssl=1 725w, https:\/\/i0.wp.com\/elcentinelaformosa.com\/wp-content\/uploads\/2020\/12\/wp-16071454638628665930982555440652.jpg?w=795&amp;ssl=1 795w\" sizes=\"auto, (max-width: 283px) 100vw, 283px\" \/><img data-recalc-dims=\"1\" loading=\"lazy\" decoding=\"async\" class=\"alignnone size-medium wp-image-548\" src=\"https:\/\/i0.wp.com\/elcentinelaformosa.com\/wp-content\/uploads\/2020\/12\/wp-1607145556836909495329768233666.jpg?resize=300%2C200\" alt=\"\" width=\"300\" height=\"200\" srcset=\"https:\/\/i0.wp.com\/elcentinelaformosa.com\/wp-content\/uploads\/2020\/12\/wp-1607145556836909495329768233666.jpg?resize=300%2C200&amp;ssl=1 300w, https:\/\/i0.wp.com\/elcentinelaformosa.com\/wp-content\/uploads\/2020\/12\/wp-1607145556836909495329768233666.jpg?resize=1024%2C683&amp;ssl=1 1024w, https:\/\/i0.wp.com\/elcentinelaformosa.com\/wp-content\/uploads\/2020\/12\/wp-1607145556836909495329768233666.jpg?resize=768%2C512&amp;ssl=1 768w, https:\/\/i0.wp.com\/elcentinelaformosa.com\/wp-content\/uploads\/2020\/12\/wp-1607145556836909495329768233666.jpg?w=1080&amp;ssl=1 1080w\" sizes=\"auto, (max-width: 300px) 100vw, 300px\" \/><img data-recalc-dims=\"1\" loading=\"lazy\" decoding=\"async\" class=\"alignnone size-full wp-image-528\" src=\"https:\/\/i0.wp.com\/elcentinelaformosa.com\/wp-content\/uploads\/2020\/12\/desastre-ecologico-en-amazonia.jpg?resize=290%2C174\" alt=\"\" width=\"290\" height=\"174\" \/><img data-recalc-dims=\"1\" loading=\"lazy\" decoding=\"async\" class=\"alignnone size-full wp-image-509\" src=\"https:\/\/i0.wp.com\/elcentinelaformosa.com\/wp-content\/uploads\/2020\/12\/descarga-7-1.jpg?resize=275%2C183\" alt=\"\" width=\"275\" height=\"183\" \/><br \/>\nEn la oportunidad en que el Basterra critico a Buryaile, le salio al cruce el diputado provincial Osvaldo Zarate identific\u00f3 como \u201cbuf\u00f3n de Insfran\u201d, a su par nacional, Luis Basterra.<\/p>\n<p>\u201cEl gobierno de Insfran lleva m\u00e1s de 20 a\u00f1os tomando decisiones y todav\u00eda no puede mostrar nada de avances en hect\u00e1reas de siembra, m\u00e1s que la clientelizaci\u00f3n del PAIPPA\u201d, remarc\u00f3 en un texto lleno de duros adjetivos contra el diputado nacional del Frente para la Victoria de Formosa.<br \/>\n\u201cNo tenemos antecedentes morales de Basterra porque no los conocemos. Solo sabemos que cuando estaba el Bocanfor \u00e9l era el encargado de canjearlo y mientras tanto se constru\u00eda su mansi\u00f3n. Ese es el \u00fanico antecedente que tenemos\u201d, afirm\u00f3 el radical y reproch\u00f3: \u201cResulta que nadie puede decirle nada al primer mandatario porque saco el 74% de los votos, tenemos que ser serviles y obsecuentes tal cual es el diputado Basterra, esperando el momento para demostrar sumisi\u00f3n total a las palabras y hasta gestos de su jefe\u201d.<br \/>\n\u201cNosotros no servimos a un funcionario, servimos al pueblo formose\u00f1o, por eso siempre vamos a decir todo lo que pensamos en el momento que sea y no nos importa si se enoja el gobernador, no vamos a ser iguales a aquellos que cuando Gildo siente un dolor de panza, salen corriendo al ba\u00f1o con un rollo de papel higi\u00e9nico\u201d, indic\u00f3 Zarate y record\u00f3: \u201cNosotros representamos a m\u00e1s de ciento cuncuenta mil formose\u00f1os, y ellos merecen la misma representaci\u00f3n y respeto que los que votaron a Gildo\u201d.<br \/>\n\u201cRicardo consigui\u00f3 la simpat\u00eda del pueblo las veces que se postul\u00f3, tanto en el a\u00f1o 2009 como 2013, y lo hizo trabajando, sin necesitar ir pegado a la boleta de ning\u00fan gobernador para poder acceder a una banca\u201d, dijo el parlamentario, al tiempo que destac\u00f3: \u201cLos Buryaile son conocidos por su entrega al trabajo de toda la vida y hasta ahora siguen trabajando en el campo y seguramente, cuando Ricardo deje la funci\u00f3n el Ministro de Agroindustria, seguir\u00e1 la tarea de sus padres. Me gustar\u00eda saber que tarea desarrollar\u00e1 el Diputado Basterra despu\u00e9s de dejar el cargo, si es que en alg\u00fan momento piensa hacerlo\u201d<br \/>\n\u201cNo s\u00e9 si se acuerdan, pero fue Basterra quien puso en jaque la sanidad animal del pa\u00eds, es tan impresentable que para solucionar sus problemas familiaresde divorcio consigui\u00f3 que nombraran a su mujer al frente del SENASA poniendo en riesgo a\u00f1os de trabajo por su incompetencia. Prioriz\u00f3 su problema personal de divorcio antes que la salud y la econom\u00eda de todo un pa\u00eds\u201d, a\u00f1adi\u00f3.<br \/>\n\u201cEn menos de un a\u00f1o, Ricardo Buryaile le dio a la provincia la ayuda de emergencia en tiempo record (44 millones de pesos), as\u00ed como tambi\u00e9n las facilidades del cr\u00e9dito para electrificaci\u00f3n rural (66 millones de U$S), se puso a disposici\u00f3n para lograr entendimiento con la Ley caprina y no tuvo respuestas por parte de los funcionarios provinciales, nos trajo un cr\u00e9dito de m\u00e1s de quince millones del BID para mejorar la calidad y siembra de algod\u00f3n en la zona sur, y muchos otros programas que no rindieron en tiempo y forma que est\u00e1n trabados en la naci\u00f3n\u201d, inform\u00f3 Zarate.<br \/>\n\u201cNo le piden ayuda al ministro de Agroindustria porque no quieren ninguna foto, hasta se esconden cuando se trata de reuniones con su presencia, son tan arrastrados que le tienen miedo al gobernador.<\/p>\n<p>BASTERRA Y ES UNO DE LOS PROMOTORES DEL IMPUESTO A LA GANANCIA( IMPUESTO A LOS MAGROS SALARIOS QUE PAGA INSFRAN)<\/p>\n<p><img data-recalc-dims=\"1\" loading=\"lazy\" decoding=\"async\" class=\"alignnone size-medium wp-image-566 alignleft\" src=\"https:\/\/i0.wp.com\/elcentinelaformosa.com\/wp-content\/uploads\/2020\/12\/IMG-20201227-WA0016.jpg?resize=300%2C275\" alt=\"\" width=\"300\" height=\"275\" srcset=\"https:\/\/i0.wp.com\/elcentinelaformosa.com\/wp-content\/uploads\/2020\/12\/IMG-20201227-WA0016.jpg?resize=300%2C275&amp;ssl=1 300w, https:\/\/i0.wp.com\/elcentinelaformosa.com\/wp-content\/uploads\/2020\/12\/IMG-20201227-WA0016.jpg?w=720&amp;ssl=1 720w\" sizes=\"auto, (max-width: 300px) 100vw, 300px\" \/><img data-recalc-dims=\"1\" loading=\"lazy\" decoding=\"async\" class=\"alignnone size-full wp-image-565 alignleft\" src=\"https:\/\/i0.wp.com\/elcentinelaformosa.com\/wp-content\/uploads\/2020\/12\/Screenshot_20201227-1803292.png?resize=282%2C219\" alt=\"\" width=\"282\" height=\"219\" \/><\/p>\n<p>Cintinu\u00f3Arce: \u201cBasterra es de los irresponsables y promotor que present\u00f3 el proyecto de ganancias cuando hace un a\u00f1o se escond\u00eda atr\u00e1s de las cortinas, \u00bfo acaso no recuerda lo que hizo cuando sus amigos estaban en el poder a nivel nacional?\u201d<br \/>\nEs el mismo que instaba a los productores a la siembra del t\u00e1rtago para biodiesel, unos cuantos le hicieron caso y hasta ahora est\u00e1n viendo a quien venden la producci\u00f3n.-<br \/>\n\u201cMe gustar\u00eda que me digan qu\u00e9 puede mostrar Gildo Insfran en estos 27 a\u00f1os de gesti\u00f3n sobre la pol\u00edtica agropecuaria en la provincia, tal vez deber\u00eda fijarse primero eso y ponerse el saco que le corresponde, que pregunte cuantas tierras se entregaron para producci\u00f3n y quien fue la inmobiliaria que las adjudico, seguro se dar\u00e1 cuenta que fue el mismo Estado. Que nos cuente qu\u00e9 pas\u00f3 con la empresa a la que adjudicaron miles de hect\u00e1reas a precio vil en Laguna Yema, hect\u00e1reas que hoy vende a precio de mercado cercana a los 3000 U$S cada una, o que nos informe quienes son los propietarios de miles de Ha de campo a lo largo y ancho de nuestro territorio, me gustar\u00eda saber si tiene respuestas para eso\u201d<\/p>\n<p id=\"rop\"><small>Originally posted 2020-12-27 18:01:16. <\/small><\/p>","protected":false},"excerpt":{"rendered":"<p>ZARATE: \u201cCUANDO FUE MINISTRO BASTERRA FUNDIO EL CAMPO Y LA GANADERIA DE FORMOSA. BASTERRA ENCARGADO DE CANJEAR LOS BOCANFOR , MIENTRAS CONSTRUIA SU LUJOSA MANSION HOY, BASTERRA, EL AUTODENOMINADO &#8221; VEGANO&#8221; , DEFIENDE LA INSTALACI\u00d3N DE LAS MEGAGRANJAS CHINAS EN FORMOSA, QUE PROVOCARIAN UN ENORME COSTO AMBIENTAL IRREVERSIBLE PARA LA PRIVINCIA. SUMADO A ELLO EL&#8230; <a href=\"https:\/\/elcentinelaformosa.com\/index.php\/2026\/02\/27\/quien-es-basterra-y-porque-promueve-las-megagranjas-porcinas\/\">Read more: QUIEN ES BASTERRA Y PORQUE PROMUEVE LAS MEGAGRANJAS PORCINAS?<\/a><\/p>\n","protected":false},"author":2,"featured_media":565,"comment_status":"open","ping_status":"open","sticky":false,"template":"","format":"standard","meta":{"rop_custom_images_group":[],"rop_custom_messages_group":[],"rop_publish_now":"initial","rop_publish_now_accounts":{"twitter_815903348_815903348":""},"rop_publish_now_history":[],"rop_publish_now_status":"pending","h5ap_radio_sources":[],"_jetpack_memberships_contains_paid_content":false,"footnotes":"","jetpack_publicize_message":"","jetpack_publicize_feature_enabled":true,"jetpack_social_post_already_shared":true,"jetpack_social_options":{"image_generator_settings":{"template":"highway","default_image_id":0,"font":"","enabled":false},"version":2}},"categories":[6,111,5,77,1],"tags":[7,85,89,25,30,125,124,13,33,121,11,12,123,9,10,22,21,24,72,122],"class_list":["post-561","post","type-post","status-publish","format-standard","has-post-thumbnail","hentry","category-el-centinela","category-entrevistas","category-local","category-redes","category-uncategorized","tag-bastadefalsassoluciones","tag-activistas","tag-actualizacion-sobre-derecho-animal","tag-acuero-porcino-con-china","tag-alberto-fernandez","tag-ano-2020","tag-ano-2021","tag-argentina","tag-basta-de-incendios","tag-basterra-gildo-insfran-formosa-ano-2021","tag-centinela","tag-centinela-formosa","tag-cuarentena","tag-derecho-animal","tag-formosa","tag-gildo-insfran","tag-mataderos","tag-megagranjas","tag-multiespecies","tag-pandemias"],"aioseo_notices":[],"jetpack_publicize_connections":[],"jetpack_featured_media_url":"https:\/\/i0.wp.com\/elcentinelaformosa.com\/wp-content\/uploads\/2020\/12\/Screenshot_20201227-1803292.png?fit=282%2C219&ssl=1","jetpack-related-posts":[{"id":1382,"url":"https:\/\/elcentinelaformosa.com\/index.php\/2026\/04\/01\/formosa-dia-del-animal-anh-nada-que-celebrar-aumenta-la-explotacion-animal\/","url_meta":{"origin":561,"position":0},"title":"FORMOSA: DIA DEL ANIMAL (ANH) NADA QUE CELEBRAR, AUMENTA LA EXPLOTACI\u00d3N ANIMAL","author":"Admin","date":"abril 1, 2026","format":false,"excerpt":"Parad\u00f3jicamente, mientras el mundo plantea la necesidad de nuevos paradigmas como \u00fanica alternativa de salvar al planeta y todos los habitantes sin distinci\u00f3n de especies, considerando los derechos de todos, y avalados por la comunidad cient\u00edfica, Formosa permanece en el m\u00e1s oscuro retraso en cuanto a derecho e igualdad animal.\u2026","rel":"","context":"En &quot;Derecho snimal&quot;","block_context":{"text":"Derecho snimal","link":"https:\/\/elcentinelaformosa.com\/index.php\/category\/derecho-snimal\/"},"img":{"alt_text":"","src":"https:\/\/i0.wp.com\/elcentinelaformosa.com\/wp-content\/uploads\/2022\/05\/wp-16518426672516348604507841675004.png?fit=977%2C408&ssl=1&resize=350%2C200","width":350,"height":200,"srcset":"https:\/\/i0.wp.com\/elcentinelaformosa.com\/wp-content\/uploads\/2022\/05\/wp-16518426672516348604507841675004.png?fit=977%2C408&ssl=1&resize=350%2C200 1x, https:\/\/i0.wp.com\/elcentinelaformosa.com\/wp-content\/uploads\/2022\/05\/wp-16518426672516348604507841675004.png?fit=977%2C408&ssl=1&resize=525%2C300 1.5x, https:\/\/i0.wp.com\/elcentinelaformosa.com\/wp-content\/uploads\/2022\/05\/wp-16518426672516348604507841675004.png?fit=977%2C408&ssl=1&resize=700%2C400 2x"},"classes":[]},{"id":1524,"url":"https:\/\/elcentinelaformosa.com\/index.php\/2026\/01\/04\/banco-de-formosa-crecen-reclamos-por-descuentos-indebidos\/","url_meta":{"origin":561,"position":1},"title":"BANCO DE FORMOSA: CRECEN RECLAMOS POR DESCUENTOS INDEBIDOS","author":"Admin","date":"enero 4, 2026","format":false,"excerpt":"A pocos d\u00edas de comenzar el \u00faltimo mes del a\u00f1o son m\u00e1s de 6 mil solicitudes y reclamos al Banco que centraliza y administra los haberes de los trabajadores o\u00a0 jubilados de la provincia de Formosa. Una vez m\u00e1s se estar\u00eda\u00a0 arremetiendo contra el magro bolsillo de\u00a0 jubilados y trabajadores\u2026","rel":"","context":"En &quot;El Centinela&quot;","block_context":{"text":"El Centinela","link":"https:\/\/elcentinelaformosa.com\/index.php\/category\/el-centinela\/"},"img":{"alt_text":"","src":"https:\/\/i0.wp.com\/elcentinelaformosa.com\/wp-content\/uploads\/2022\/12\/20221205_171218-ANIMATION.gif?fit=996%2C587&ssl=1&resize=350%2C200","width":350,"height":200,"srcset":"https:\/\/i0.wp.com\/elcentinelaformosa.com\/wp-content\/uploads\/2022\/12\/20221205_171218-ANIMATION.gif?fit=996%2C587&ssl=1&resize=350%2C200 1x, https:\/\/i0.wp.com\/elcentinelaformosa.com\/wp-content\/uploads\/2022\/12\/20221205_171218-ANIMATION.gif?fit=996%2C587&ssl=1&resize=525%2C300 1.5x, https:\/\/i0.wp.com\/elcentinelaformosa.com\/wp-content\/uploads\/2022\/12\/20221205_171218-ANIMATION.gif?fit=996%2C587&ssl=1&resize=700%2C400 2x"},"classes":[]},{"id":1174,"url":"https:\/\/elcentinelaformosa.com\/index.php\/2026\/04\/01\/apologia-del-maltrato-animal-para-muestra-un-solo-boton-basta\/","url_meta":{"origin":561,"position":2},"title":"APOLOG\u00cdA DEL MALTRATO ANIMAL.  PARA MUESTRA&#8230;UN SOLO BOT\u00d3N BASTA","author":"Admin","date":"abril 1, 2026","format":false,"excerpt":"Sucedi\u00f3 en Tucum\u00e1n, Simoca. El pasado lunes 11 de Octubre.....no de 1816... ni siquiera de 1900...sino en la era de la tecnolog\u00eda..... siglo 21 a\u00f1o 2021. El Presidente de Argentina, Alberto Fern\u00e1ndez\u00a0 y otros funcionarios obsecuentes al poder de turno haciendo abuso\u00a0 de la inocencia de los animales que no\u2026","rel":"","context":"En &quot;Derecho snimal&quot;","block_context":{"text":"Derecho snimal","link":"https:\/\/elcentinelaformosa.com\/index.php\/category\/derecho-snimal\/"},"img":{"alt_text":"","src":"https:\/\/i0.wp.com\/elcentinelaformosa.com\/wp-content\/uploads\/2021\/10\/wp-1634554145768.gif?fit=322%2C359&ssl=1&resize=350%2C200","width":350,"height":200},"classes":[]},{"id":704,"url":"https:\/\/elcentinelaformosa.com\/index.php\/2026\/02\/27\/derecho-animal-un-tema-central-durante-el-ciclo-de-conferencias-en-la-semana-del-derecho\/","url_meta":{"origin":561,"position":3},"title":"DERECHO ANIMAL, UN TEMA CENTRAL EN EL CICLO DE CONFERENCIAS DURANTE LA SEMANA DEL DERECHO","author":"Admin","date":"febrero 27, 2026","format":false,"excerpt":"CONFERENCIA SOBRE DERECHO ANIMAL EN LA TARDE DEL JUEVES, SE DESARROLLO\u00a0 LA CONFERENCIA EN LA UNIVERSIDAD DEL DERECHO DE BELGRANO, DEDICADA A LA DEFENSA DE LOS ANIMALES. LA DOCTORA LAURA VELASCO DEL INSTITUTO IBEROAMERICANO DEL DERECHO ANIMAL Y CRIMINOLOGA ASESORA DEL DEL FBI, ENCABEZ\u00d3 UNA CONFERENCIA DE DERECHO ANIMAL VIA\u2026","rel":"","context":"En &quot;Derecho snimal&quot;","block_context":{"text":"Derecho snimal","link":"https:\/\/elcentinelaformosa.com\/index.php\/category\/derecho-snimal\/"},"img":{"alt_text":"","src":"https:\/\/i0.wp.com\/elcentinelaformosa.com\/wp-content\/uploads\/2021\/06\/wp-16227463326671623335766604721872.png?fit=695%2C401&ssl=1&resize=350%2C200","width":350,"height":200,"srcset":"https:\/\/i0.wp.com\/elcentinelaformosa.com\/wp-content\/uploads\/2021\/06\/wp-16227463326671623335766604721872.png?fit=695%2C401&ssl=1&resize=350%2C200 1x, https:\/\/i0.wp.com\/elcentinelaformosa.com\/wp-content\/uploads\/2021\/06\/wp-16227463326671623335766604721872.png?fit=695%2C401&ssl=1&resize=525%2C300 1.5x"},"classes":[]},{"id":1677,"url":"https:\/\/elcentinelaformosa.com\/index.php\/2026\/01\/04\/hablemos-de-derecho-animal\/","url_meta":{"origin":561,"position":4},"title":"HABLEMOS DE DERECHO ANIMAL","author":"Admin","date":"enero 4, 2026","format":false,"excerpt":"Desde Argentina la Dra. Laura Cecilia Velasco, Especialista y pionera mundial sobre Derecho Animal realiz\u00f3 una nueva presentaci\u00f3n como cada semana de su programa \" Hablemos de derecho animal\" El pasado Mi\u00e9rcoles 31 de mayo\u00a0 se llev\u00f3 a cabo una transmisi\u00f3n \u00a0en vivo en las plataformas digitales de IIECtv |\u2026","rel":"","context":"En &quot;Congresos y Conferencias&quot;","block_context":{"text":"Congresos y Conferencias","link":"https:\/\/elcentinelaformosa.com\/index.php\/category\/congresos-y-conferencias\/"},"img":{"alt_text":"","src":"https:\/\/i0.wp.com\/elcentinelaformosa.com\/wp-content\/uploads\/2023\/06\/Screenshot_20230601-132213.png?fit=1080%2C906&ssl=1&resize=350%2C200","width":350,"height":200,"srcset":"https:\/\/i0.wp.com\/elcentinelaformosa.com\/wp-content\/uploads\/2023\/06\/Screenshot_20230601-132213.png?fit=1080%2C906&ssl=1&resize=350%2C200 1x, https:\/\/i0.wp.com\/elcentinelaformosa.com\/wp-content\/uploads\/2023\/06\/Screenshot_20230601-132213.png?fit=1080%2C906&ssl=1&resize=525%2C300 1.5x, https:\/\/i0.wp.com\/elcentinelaformosa.com\/wp-content\/uploads\/2023\/06\/Screenshot_20230601-132213.png?fit=1080%2C906&ssl=1&resize=700%2C400 2x, https:\/\/i0.wp.com\/elcentinelaformosa.com\/wp-content\/uploads\/2023\/06\/Screenshot_20230601-132213.png?fit=1080%2C906&ssl=1&resize=1050%2C600 3x"},"classes":[]},{"id":326,"url":"https:\/\/elcentinelaformosa.com\/index.php\/2026\/02\/27\/actos-de-intimidacion-desde-la-justicia-de-formosa-contra-respetable-rescatista\/","url_meta":{"origin":561,"position":5},"title":"FORMOSA: INTENTAR\u00cdAN INTIMIDAR A RESCATISTA A TRAV\u00c9S DE LA JUSTICIA","author":"Admin","date":"febrero 27, 2026","format":"image","excerpt":"PARA MUCHOS, EL PODER POL\u00cdTICO DE TURNO DE LA PROVINCIA\u00a0 ESTAR\u00cdA INTENTANDO INTIMIDAR A PROTECCIONISTA ANIMAL QUE LUCHA PARA EVITAR EL MALTRATO DE TODAS LAS ESPECIES.\u00a0Seg\u00fan las fuentes, ser\u00eda como un \"\u00faltimo manotazo de qui\u00e9n se ahoga\" . El ataque del poder politico local, mediante mecanismos funcionales buscar\u00eda intimidar y\/ofrenar\u2026","rel":"","context":"En &quot;El Centinela&quot;","block_context":{"text":"El Centinela","link":"https:\/\/elcentinelaformosa.com\/index.php\/category\/el-centinela\/"},"img":{"alt_text":"","src":"https:\/\/i0.wp.com\/elcentinelaformosa.com\/wp-content\/uploads\/2020\/11\/screenshot_20201112-02042123874162245420477335..jpg?fit=704%2C612&ssl=1&resize=350%2C200","width":350,"height":200,"srcset":"https:\/\/i0.wp.com\/elcentinelaformosa.com\/wp-content\/uploads\/2020\/11\/screenshot_20201112-02042123874162245420477335..jpg?fit=704%2C612&ssl=1&resize=350%2C200 1x, https:\/\/i0.wp.com\/elcentinelaformosa.com\/wp-content\/uploads\/2020\/11\/screenshot_20201112-02042123874162245420477335..jpg?fit=704%2C612&ssl=1&resize=525%2C300 1.5x, https:\/\/i0.wp.com\/elcentinelaformosa.com\/wp-content\/uploads\/2020\/11\/screenshot_20201112-02042123874162245420477335..jpg?fit=704%2C612&ssl=1&resize=700%2C400 2x"},"classes":[]}],"jetpack_sharing_enabled":true,"jetpack_likes_enabled":true,"_links":{"self":[{"href":"https:\/\/elcentinelaformosa.com\/index.php\/wp-json\/wp\/v2\/posts\/561","targetHints":{"allow":["GET"]}}],"collection":[{"href":"https:\/\/elcentinelaformosa.com\/index.php\/wp-json\/wp\/v2\/posts"}],"about":[{"href":"https:\/\/elcentinelaformosa.com\/index.php\/wp-json\/wp\/v2\/types\/post"}],"author":[{"embeddable":true,"href":"https:\/\/elcentinelaformosa.com\/index.php\/wp-json\/wp\/v2\/users\/2"}],"replies":[{"embeddable":true,"href":"https:\/\/elcentinelaformosa.com\/index.php\/wp-json\/wp\/v2\/comments?post=561"}],"version-history":[{"count":4,"href":"https:\/\/elcentinelaformosa.com\/index.php\/wp-json\/wp\/v2\/posts\/561\/revisions"}],"predecessor-version":[{"id":568,"href":"https:\/\/elcentinelaformosa.com\/index.php\/wp-json\/wp\/v2\/posts\/561\/revisions\/568"}],"wp:featuredmedia":[{"embeddable":true,"href":"https:\/\/elcentinelaformosa.com\/index.php\/wp-json\/wp\/v2\/media\/565"}],"wp:attachment":[{"href":"https:\/\/elcentinelaformosa.com\/index.php\/wp-json\/wp\/v2\/media?parent=561"}],"wp:term":[{"taxonomy":"category","embeddable":true,"href":"https:\/\/elcentinelaformosa.com\/index.php\/wp-json\/wp\/v2\/categories?post=561"},{"taxonomy":"post_tag","embeddable":true,"href":"https:\/\/elcentinelaformosa.com\/index.php\/wp-json\/wp\/v2\/tags?post=561"}],"curies":[{"name":"wp","href":"https:\/\/api.w.org\/{rel}","templated":true}]}}