{"id":607,"date":"2026-02-27T11:02:31","date_gmt":"2026-02-27T14:02:31","guid":{"rendered":"https:\/\/elcentinelaformosa.com\/?p=607"},"modified":"2026-02-27T11:02:31","modified_gmt":"2026-02-27T14:02:31","slug":"formosa-pide-libertad-para-las-personas-humanas-y-no-humanas","status":"publish","type":"post","link":"https:\/\/elcentinelaformosa.com\/index.php\/2026\/02\/27\/formosa-pide-libertad-para-las-personas-humanas-y-no-humanas\/","title":{"rendered":"FORMOSA PIDE LIBERTAD PARA LAS PERSONAS HUMANAS Y NO HUMANAS"},"content":{"rendered":"<ol>\n<li><img data-recalc-dims=\"1\" loading=\"lazy\" decoding=\"async\" class=\"alignright size-full wp-image-609\" src=\"https:\/\/i0.wp.com\/elcentinelaformosa.com\/wp-content\/uploads\/2021\/03\/Screenshot_20210310-1256372.png?resize=482%2C656\" alt=\"\" width=\"482\" height=\"656\" srcset=\"https:\/\/i0.wp.com\/elcentinelaformosa.com\/wp-content\/uploads\/2021\/03\/Screenshot_20210310-1256372.png?w=482&amp;ssl=1 482w, https:\/\/i0.wp.com\/elcentinelaformosa.com\/wp-content\/uploads\/2021\/03\/Screenshot_20210310-1256372.png?resize=220%2C300&amp;ssl=1 220w\" sizes=\"auto, (max-width: 482px) 100vw, 482px\" \/>El pueblo de Formosa unido con una sola consigna: FORMOSA LIBRE.<\/li>\n<\/ol>\n<p>Cu\u00e1nto significado en esa frase? Much\u00edsimos!<\/p>\n<p>Se pide libre circulaci\u00f3n, basta de represi\u00f3n, de autoritarismo.<\/p>\n<p>Se pide dignidad. Trabajo. Paz. Vivienda.<\/p>\n<p>Se sabe de personas y familias enteras en situaci\u00f3n de calle. Familias completas. Y esto incluye a los seres sonrientes no humanos que forman parte de las familias.<\/p>\n<p>Los m\u00f3dulos est\u00e1n.\u00a0 Las obras publicas licitadas por las empresas que son afines al poder de turno, precarias, est\u00e1n. Un techo, paredes aunque sea eso se pide. No existen argumentos para que no se entreguen.<\/p>\n<p>Salvo caso que se oculten razones que tengan que ver m\u00e1s con psicopatologias relacionadas con el sadismo..,.nadie lo sabe. Podr\u00eda ser, es una hip\u00f3tesis. Pero existe esa posibilidad.<\/p>\n<p>Y el sufrimiento es a\u00fan mayor para los compa\u00f1eritos m\u00e1s indefensos dentro de cada familia, otras especies ( caninos y felinos).<\/p>\n<p>Son parte de las familias.<\/p>\n<p>Hace seis d\u00edas el pueblo Formose\u00f1o marcha, reclamando se devuelva la dignidad al pueblo.<\/p>\n<p>No hay miedo. Solo firmeza y decisi\u00f3n. Valentia. Juventud y esperanza. Todas las generaciones de pie.<\/p>\n<p><img data-recalc-dims=\"1\" loading=\"lazy\" decoding=\"async\" class=\"alignright size-full wp-image-612\" src=\"https:\/\/i0.wp.com\/elcentinelaformosa.com\/wp-content\/uploads\/2021\/03\/wp-1615397598917..png?resize=324%2C328\" alt=\"\" width=\"324\" height=\"328\" srcset=\"https:\/\/i0.wp.com\/elcentinelaformosa.com\/wp-content\/uploads\/2021\/03\/wp-1615397598917..png?w=324&amp;ssl=1 324w, https:\/\/i0.wp.com\/elcentinelaformosa.com\/wp-content\/uploads\/2021\/03\/wp-1615397598917..png?resize=296%2C300&amp;ssl=1 296w\" sizes=\"auto, (max-width: 324px) 100vw, 324px\" \/><\/p>\n<p id=\"rop\"><small>Originally posted 2021-03-10 13:50:46. <\/small><\/p>","protected":false},"excerpt":{"rendered":"<p>El pueblo de Formosa unido con una sola consigna: FORMOSA LIBRE. Cu\u00e1nto significado en esa frase? Much\u00edsimos! Se pide libre circulaci\u00f3n, basta de represi\u00f3n, de autoritarismo. Se pide dignidad. Trabajo. Paz. Vivienda. Se sabe de personas y familias enteras en situaci\u00f3n de calle. Familias completas. Y esto incluye a los seres sonrientes no humanos que&#8230; <a href=\"https:\/\/elcentinelaformosa.com\/index.php\/2026\/02\/27\/formosa-pide-libertad-para-las-personas-humanas-y-no-humanas\/\">Read more: FORMOSA PIDE LIBERTAD PARA LAS PERSONAS HUMANAS Y NO HUMANAS<\/a><\/p>\n","protected":false},"author":2,"featured_media":0,"comment_status":"open","ping_status":"open","sticky":false,"template":"","format":"standard","meta":{"rop_custom_images_group":[],"rop_custom_messages_group":[],"rop_publish_now":"initial","rop_publish_now_accounts":{"twitter_815903348_815903348":""},"rop_publish_now_history":[],"rop_publish_now_status":"pending","h5ap_radio_sources":[],"_jetpack_memberships_contains_paid_content":false,"footnotes":"","jetpack_publicize_message":"","jetpack_publicize_feature_enabled":true,"jetpack_social_post_already_shared":true,"jetpack_social_options":{"image_generator_settings":{"template":"highway","default_image_id":0,"font":"","enabled":false},"version":2}},"categories":[6,111,5,77,1],"tags":[7,30,23,12,10,22,24,72],"class_list":["post-607","post","type-post","status-publish","format-standard","hentry","category-el-centinela","category-entrevistas","category-local","category-redes","category-uncategorized","tag-bastadefalsassoluciones","tag-alberto-fernandez","tag-algodon","tag-centinela-formosa","tag-formosa","tag-gildo-insfran","tag-megagranjas","tag-multiespecies"],"aioseo_notices":[],"jetpack_publicize_connections":[],"jetpack_featured_media_url":"","jetpack-related-posts":[{"id":1712,"url":"https:\/\/elcentinelaformosa.com\/index.php\/2026\/01\/04\/formosayaguarete-es-captado-por-las-camaras-en-el-territorio-piden-a-insfran-que-no-lo-maten\/","url_meta":{"origin":607,"position":0},"title":"FORMOSA:YAGUARETE ES\u00a0 CAPTADO POR LAS C\u00c1MARAS EN EL TERRITORIO PROVINCIAL, PIDEN A INSFRAN \u00a1 QUE NO LO MATEN!","author":"Admin","date":"enero 4, 2026","format":false,"excerpt":"FORMOSA:YAGUARETE ES\u00a0 CAPTADO POR LAS C\u00c1MARAS EN EL TERRITORIO PROVINCIAL, PIDEN A INSFRAN \u00a1 QUE NO LO MATEN! Grupos ambientalistas de Formosa, pidieron al gobierno de Formosa que disponga todos los medios para la preservaci\u00f3n con vida del ejemplar de yaguaret\u00e9 registrado en las c\u00e1maras del gobierno, no se quiere\u2026","rel":"","context":"En &quot;Derecho snimal&quot;","block_context":{"text":"Derecho snimal","link":"https:\/\/elcentinelaformosa.com\/index.php\/category\/derecho-snimal\/"},"img":{"alt_text":"","src":"https:\/\/i0.wp.com\/elcentinelaformosa.com\/wp-content\/uploads\/2023\/07\/IMG-20230707-WA0009.jpg?fit=720%2C1118&ssl=1&resize=350%2C200","width":350,"height":200,"srcset":"https:\/\/i0.wp.com\/elcentinelaformosa.com\/wp-content\/uploads\/2023\/07\/IMG-20230707-WA0009.jpg?fit=720%2C1118&ssl=1&resize=350%2C200 1x, https:\/\/i0.wp.com\/elcentinelaformosa.com\/wp-content\/uploads\/2023\/07\/IMG-20230707-WA0009.jpg?fit=720%2C1118&ssl=1&resize=525%2C300 1.5x, https:\/\/i0.wp.com\/elcentinelaformosa.com\/wp-content\/uploads\/2023\/07\/IMG-20230707-WA0009.jpg?fit=720%2C1118&ssl=1&resize=700%2C400 2x"},"classes":[]},{"id":1795,"url":"https:\/\/elcentinelaformosa.com\/index.php\/2026\/02\/27\/el-nino-que-maltrato-a-su-gato-fue-separado-de-su-familia-ino-que-maltrato-a-un-g\/","url_meta":{"origin":607,"position":1},"title":"EL NI\u00d1O QUE MALTRATO A SU GATO FUE SEPARADO DE SU FAMILIA","author":"Admin","date":"febrero 27, 2026","format":false,"excerpt":"Durante los \u00faltimos d\u00edas se difundieron gracias a las redes sociales las im\u00e1genes\u00a0 donde un ni\u00f1o arrojaba un gato por los aires. Las im\u00e1genes impactantes de un ni\u00f1o maltratando a un gato se hicieron virales un par de semanas atr\u00e1s. La indignaci\u00f3n de la gente,\u00a0 grupos proteccionistas y voluntarios independientes\u2026","rel":"","context":"En &quot;El Centinela&quot;","block_context":{"text":"El Centinela","link":"https:\/\/elcentinelaformosa.com\/index.php\/category\/el-centinela\/"},"img":{"alt_text":"","src":"https:\/\/i0.wp.com\/elcentinelaformosa.com\/wp-content\/uploads\/2024\/05\/Screenshot_20240508-120013.png?fit=941%2C588&ssl=1&resize=350%2C200","width":350,"height":200,"srcset":"https:\/\/i0.wp.com\/elcentinelaformosa.com\/wp-content\/uploads\/2024\/05\/Screenshot_20240508-120013.png?fit=941%2C588&ssl=1&resize=350%2C200 1x, https:\/\/i0.wp.com\/elcentinelaformosa.com\/wp-content\/uploads\/2024\/05\/Screenshot_20240508-120013.png?fit=941%2C588&ssl=1&resize=525%2C300 1.5x, https:\/\/i0.wp.com\/elcentinelaformosa.com\/wp-content\/uploads\/2024\/05\/Screenshot_20240508-120013.png?fit=941%2C588&ssl=1&resize=700%2C400 2x"},"classes":[]},{"id":683,"url":"https:\/\/elcentinelaformosa.com\/index.php\/2026\/02\/27\/la-policia-de-insfran-en-formosa-y-la-violencia-contra-los-animales\/","url_meta":{"origin":607,"position":2},"title":"LA POLIC\u00cdA DE INSFRAN EN FORMOSA Y LA VIOLENCIA CONTRA LOS ANIMALES","author":"Admin","date":"febrero 27, 2026","format":false,"excerpt":"Una vez m\u00e1s, el Gobierno de Insfran muestra el lado m\u00e1s oscuro contra los animales, y los m\u00e1s pobres. Dem\u00e1s estar\u00eda decir que si las familias son pobres y no se pueden defender, los animales est\u00e1n a\u00fan en mayor desventaja porque muy pocos se percatan del sufrimiento que pasan. Una\u2026","rel":"","context":"En &quot;El Centinela&quot;","block_context":{"text":"El Centinela","link":"https:\/\/elcentinelaformosa.com\/index.php\/category\/el-centinela\/"},"img":{"alt_text":"","src":"https:\/\/i0.wp.com\/elcentinelaformosa.com\/wp-content\/uploads\/2021\/05\/wp-16223045452378568364636285660945.jpg?resize=350%2C200","width":350,"height":200,"srcset":"https:\/\/i0.wp.com\/elcentinelaformosa.com\/wp-content\/uploads\/2021\/05\/wp-16223045452378568364636285660945.jpg?resize=350%2C200 1x, https:\/\/i0.wp.com\/elcentinelaformosa.com\/wp-content\/uploads\/2021\/05\/wp-16223045452378568364636285660945.jpg?resize=525%2C300 1.5x, https:\/\/i0.wp.com\/elcentinelaformosa.com\/wp-content\/uploads\/2021\/05\/wp-16223045452378568364636285660945.jpg?resize=700%2C400 2x"},"classes":[]},{"id":1972,"url":"https:\/\/elcentinelaformosa.com\/index.php\/2026\/02\/27\/frontera-formosa-salta-bajo-agua-de\/","url_meta":{"origin":607,"position":3},"title":"FRONTERA FORMOSA &#8211; SALTA: FAMILIAS BAJO AGUA POR AVANCE DEL R\u00cdO PILCOMAYO","author":"Admin","date":"febrero 27, 2026","format":false,"excerpt":"La realidad del Norte. Zona frontera Salta-Formosa. Todo bajo aguas del Pilcomayo . Escuelas, centros de salud, familias con ni\u00f1os y animales. El avance del agua se lleva todo lo que tienen. A m\u00e1s de 500 kil\u00f3metros de la capital salte\u00f1a, a Hito 1, donde residen unas veinte familias, todav\u00eda\u2026","rel":"","context":"En \"Animales de Formosa\"","block_context":{"text":"Animales de Formosa","link":"https:\/\/elcentinelaformosa.com\/index.php\/tag\/animales-de-formosa\/"},"img":{"alt_text":"","src":"https:\/\/i0.wp.com\/elcentinelaformosa.com\/wp-content\/uploads\/2025\/03\/20250323_235513-ANIMATION.gif?fit=582%2C579&ssl=1&resize=350%2C200","width":350,"height":200,"srcset":"https:\/\/i0.wp.com\/elcentinelaformosa.com\/wp-content\/uploads\/2025\/03\/20250323_235513-ANIMATION.gif?fit=582%2C579&ssl=1&resize=350%2C200 1x, https:\/\/i0.wp.com\/elcentinelaformosa.com\/wp-content\/uploads\/2025\/03\/20250323_235513-ANIMATION.gif?fit=582%2C579&ssl=1&resize=525%2C300 1.5x"},"classes":[]},{"id":1423,"url":"https:\/\/elcentinelaformosa.com\/index.php\/2025\/12\/16\/formosa-localidad-potrero-de-los-caballos-perversion-crueldad-abuso-sexual-y-victimario-libre\/","url_meta":{"origin":607,"position":4},"title":"FORMOSA: LOCALIDAD POTRERO DE LOS CABALLOS, PERVERSION, CRUELDAD, ABUSO SEXUAL Y DELINCUENTE LIBRE","author":"Admin","date":"diciembre 16, 2025","format":false,"excerpt":"La cruel realidad en Formosa se agudiza cuando se trata de los m\u00e1s indefensos, los ANH. La justicia mira para otro lado cuando se trata de personas no humanas, seres sintientes. Si bien la ley 14346 est\u00e1 vigente hace varias d\u00e9cadas en todo el pa\u00eds, quienes administran la provincia parecer\u00eda\u2026","rel":"","context":"En &quot;Derecho snimal&quot;","block_context":{"text":"Derecho snimal","link":"https:\/\/elcentinelaformosa.com\/index.php\/category\/derecho-snimal\/"},"img":{"alt_text":"","src":"https:\/\/i0.wp.com\/elcentinelaformosa.com\/wp-content\/uploads\/2022\/08\/wp-16615697729944397462679634653220.png?fit=473%2C441&ssl=1&resize=350%2C200","width":350,"height":200},"classes":[]},{"id":1450,"url":"https:\/\/elcentinelaformosa.com\/index.php\/2026\/01\/04\/formosa-para-los-animales-ni-justicia\/","url_meta":{"origin":607,"position":5},"title":"FORMOSA: PARA LOS ANIMALES NI JUSTICIA?","author":"Admin","date":"enero 4, 2026","format":false,"excerpt":"CRECE LA PREOCUPACI\u00d3N ENTRE LOS ACTIVISTAS Y PROTECCIONISTAS Luego que tomara estado p\u00fablico el aberrante, salvaje y atroz hecho sucedido en el Paraje Potrero de los caballos, departamento Laishi de Formosa sobre la violaci\u00f3n y ultraje a una perrita por parte de un sujeto de apellido Quintana, tambi\u00e9n cabe recordar\u2026","rel":"","context":"En &quot;Derecho snimal&quot;","block_context":{"text":"Derecho snimal","link":"https:\/\/elcentinelaformosa.com\/index.php\/category\/derecho-snimal\/"},"img":{"alt_text":"","src":"https:\/\/i0.wp.com\/elcentinelaformosa.com\/wp-content\/uploads\/2022\/09\/Screenshot_20220903-1436542.png?fit=487%2C418&ssl=1&resize=350%2C200","width":350,"height":200},"classes":[]}],"jetpack_sharing_enabled":true,"jetpack_likes_enabled":true,"_links":{"self":[{"href":"https:\/\/elcentinelaformosa.com\/index.php\/wp-json\/wp\/v2\/posts\/607","targetHints":{"allow":["GET"]}}],"collection":[{"href":"https:\/\/elcentinelaformosa.com\/index.php\/wp-json\/wp\/v2\/posts"}],"about":[{"href":"https:\/\/elcentinelaformosa.com\/index.php\/wp-json\/wp\/v2\/types\/post"}],"author":[{"embeddable":true,"href":"https:\/\/elcentinelaformosa.com\/index.php\/wp-json\/wp\/v2\/users\/2"}],"replies":[{"embeddable":true,"href":"https:\/\/elcentinelaformosa.com\/index.php\/wp-json\/wp\/v2\/comments?post=607"}],"version-history":[{"count":5,"href":"https:\/\/elcentinelaformosa.com\/index.php\/wp-json\/wp\/v2\/posts\/607\/revisions"}],"predecessor-version":[{"id":615,"href":"https:\/\/elcentinelaformosa.com\/index.php\/wp-json\/wp\/v2\/posts\/607\/revisions\/615"}],"wp:attachment":[{"href":"https:\/\/elcentinelaformosa.com\/index.php\/wp-json\/wp\/v2\/media?parent=607"}],"wp:term":[{"taxonomy":"category","embeddable":true,"href":"https:\/\/elcentinelaformosa.com\/index.php\/wp-json\/wp\/v2\/categories?post=607"},{"taxonomy":"post_tag","embeddable":true,"href":"https:\/\/elcentinelaformosa.com\/index.php\/wp-json\/wp\/v2\/tags?post=607"}],"curies":[{"name":"wp","href":"https:\/\/api.w.org\/{rel}","templated":true}]}}