{"id":722,"date":"2026-02-27T11:02:39","date_gmt":"2026-02-27T14:02:39","guid":{"rendered":"https:\/\/elcentinelaformosa.com\/?p=722"},"modified":"2026-02-27T11:02:39","modified_gmt":"2026-02-27T14:02:39","slug":"formosa-proteccionista-denuncia-discriminacion","status":"publish","type":"post","link":"https:\/\/elcentinelaformosa.com\/index.php\/2026\/02\/27\/formosa-proteccionista-denuncia-discriminacion\/","title":{"rendered":"FORMOSA: PROTECCIONISTA DENUNCIA DISCRIMINACI\u00d3N"},"content":{"rendered":"<h3>CUANDO DE ANIMALES SE TRATA NO DEBER\u00cdA HABER DIFERENCIAS. TODOS MERECEN AYUDA.<\/h3>\n<p>UNA VEZ M\u00c1S LOS ANIMALES SON SOMETIDOS A SUFRIMIENTO Y POSTERGACI\u00d3N POR PARTE DE LOS NIVELES DE DECISI\u00d3N DEL EJECUTIVO PROVINCIAL Y MUNICIPAL, SOLO PORQUE QUIENES LOS RESCATAN NO SON OBSECUENTES AL PODER POL\u00cdTICO DE TURNO.<\/p>\n<p>SI BIEN ES SABIDO QUE TANTO A NIVEL PROVINCIA COMO MUNICIPIO HAY UN ORGANISMO QUE SE OCUPA DE LOS DECOMISOS ANTE LAS IRREGULARIDADES QUE SE PRESENTAN DURANTE LA PANDEMIA EN LOS COMERCIOS, SUPERMERCADOS Y HASTA EMPRESAS MAYORISTAS, POR VARIAS RAZONES, LA ESCASA VENTA, LOS HORARIOS CADA VEZ M\u00c1S RESTRINGIDOS PERO LA CONSECUENCIA ES SIEMPRE LA MISMA; CLAUSURA, DECOMISO DE ALIMENTOS QUE YA NO SON APTOS PARA LA VENTA, ALGUNOS POR TENER FECHAS CERCANAS A SU VENCIMIENTO (pan, fideos, polenta, harina de ma\u00edz, enlatados, l\u00e1cteos, embutidos, arroz, pan, etc)<\/p>\n<p>ES FRECUENTE ANTE ESTOS DECOMISOS QUE LOS ALIMENTOS SEAN REPARTIDOS A LOS ORGANISMOS NO GUBERNAMENTALES QUE PROTEGEN ANIMALES, PARA COCINARLES Y PODER LLENAR SUS PANCITAS QUE YA PASARON POR MUCHA HAMBRUNA DURANTE SU CORTA VIDA RECORRIENDO LAS CALLES DE LA CIUDAD BUSCANDO A VECES UN PEDAZO DE PAN DURO.<\/p>\n<h4>ZOONOSIS ES UN ORGANISMO CLAVE EN LAS DECISIONES:<\/h4>\n<p>TANTO A NIVEL MUNICIPAL ( DIRIGIDO POR LA SE\u00d1ORA SEGOVIA) COMO A NIVEL PROVINCIAL, QUIENES REPARTEN LAS VACUNAS Y MEDICAMENTOS, PRIORIZAN LAS ASOCIACIONES CIVILES, LAS CUALES MUCHAS DE ELLAS NI SIQUIERA EST\u00c1N AL D\u00cdA CON LOS REQUISITOS, INCLUYENDO LIBROS CONTABLES,\u00a0 RENDICIONES, ALTERNANCIA EN LOS CARGOS ESTRAT\u00c9GICOS DE LAS COMISIONES, ETC.<\/p>\n<p>PERO EL PROBLEMA NO SER\u00cdA TAL SI SOLAMENTE PRIORIZARAN\u00a0 A LOS ORGANISMOS ALINEADOS AL PODER (EN RED) COMO DIR\u00cdAN ALGUNOS, SINO QUE\u00a0 NINGUNEAN, SALTEAN Y DISCRIMINAN A LAS ASOCIACIONES QUE SE MANTIENEN NEUTRALES POL\u00cdTICAMENTE, COMO ORGANISMOS NO GUBERNAMENTALES, COMO DEBER\u00cdAN SER TODAS.\u00a0 \u00a0 PORQUE COMO LA PALABRA LO INDICA SON ASOCIACIONES CIVILES Y NO DEBER\u00cdAN SER BRAZOS O TENT\u00c1CULOS POL\u00cdTICOS DE LOS PARTIDOS Y SUBLEMAS. DONDE LA ESPECULACI\u00d3N DE TENER INFLUENCIAS A NIVEL PROVINCIAL Y A NIVEL MUNICIPAL SER\u00cdA EL MODUS OPERANDI O MONEDA CORRIENTE. ESTRATEGIAS POL\u00cdTICAS DIR\u00cdAN&#8230;. (ENGA\u00d1OSAS PERO SIEMPRE HABR\u00cdA ACUERDOS PRE ESTABLECIDOS) <img data-recalc-dims=\"1\" loading=\"lazy\" decoding=\"async\" class=\"alignright size-full wp-image-742\" src=\"https:\/\/i0.wp.com\/elcentinelaformosa.com\/wp-content\/uploads\/2021\/06\/wp-16233385454746113103220972554475.png?resize=447%2C366\" alt=\"\" width=\"447\" height=\"366\" srcset=\"https:\/\/i0.wp.com\/elcentinelaformosa.com\/wp-content\/uploads\/2021\/06\/wp-16233385454746113103220972554475.png?w=447&amp;ssl=1 447w, https:\/\/i0.wp.com\/elcentinelaformosa.com\/wp-content\/uploads\/2021\/06\/wp-16233385454746113103220972554475.png?resize=300%2C246&amp;ssl=1 300w\" sizes=\"auto, (max-width: 447px) 100vw, 447px\" \/><\/p>\n<p>&nbsp;<\/p>\n<p>&nbsp;<\/p>\n<p>&nbsp;<\/p>\n<p>&nbsp;<\/p>\n<p>&nbsp;<\/p>\n<p>&nbsp;<\/p>\n<p>&nbsp;<\/p>\n<p>&nbsp;<\/p>\n<p>&nbsp;<\/p>\n<p>&nbsp;<\/p>\n<p>&nbsp;<\/p>\n<h4><strong>DISCRIMINACI\u00d3N Y DENUNCIAS:<\/strong><\/h4>\n<h4>ANTE TAMA\u00d1A INJUSTICIA QUE SE COMETE CONTRA LOS POTENCIALES BENEFICIARIOS, LAS PERSONAS NO HUMANAS ( PERROS, GATOS, PRINCIPALMENTE) SOLO PORQUE SUS RESCATISTAS NO TIENEN COLOR POL\u00cdTICO, SON INDEPENDIENTES Y NO HACEN LA VENIA A NINGUNA PERSONA QUE DICE O CREE SER SUPREMO O SUPERIOR POR OCUPAR TEMPORALMENTE ALG\u00daN CARGO, POR INSIGNIFICANTE QUE SEA, DE UNA DE LAS PROVINCIAS M\u00c1S POBRES DEL PA\u00cdS, NO QUEDA OTRA ALTERNATIVA QUE CUESTIONAR, PRESENTAR QUEJAS O DENUNCIAR.<\/h4>\n<h4><strong>LOS HECHOS:\u00a0<\/strong><\/h4>\n<p>Por procedimiento de la defensor\u00eda del consumidor y usuario, el d\u00eda\u00a0 lunes 31 de mayo se procedi\u00f3 al secuestro de alrededor de 300 kilogramos de mercader\u00edas no aptas para la venta en un supermercado ubicado en la Avenida Italia\u00a0 N\u00ba 1405, la actuaci\u00f3n deriv\u00f3 en la clausura preventiva del comercio por el plazo de 72 horas.<\/p>\n<p>Ello gener\u00f3 adem\u00e1s el labrado de acta de infracci\u00f3n por la cual imputan al comercio la infracci\u00f3n al Art.5 de la Ley 24.240 de Defensa del Consumidor.<\/p>\n<p>El operativo de destrucci\u00f3n y disposici\u00f3n final de la mercader\u00eda secuestrada se llev\u00f3 a cabo en conjunto con la Municipalidad de la ciudad de Formosa a trav\u00e9s del \u00e1rea de Servicios P\u00fablicos y la Direcci\u00f3n de Bromatolog\u00eda Municipal, entre las mercader\u00edas se discriminan desde alimentos de primera necesidad hasta art\u00edculos de limpieza, a saber fideos, arroz, pollo-pechuga, leche entera, yogur, polenta, aceite, yerba, salsa,\u00a0 salchichas, choclo, tomates, dulce de batata, pan rallado, etc. En total 300 kg de comestibles.<\/p>\n<p><img data-recalc-dims=\"1\" loading=\"lazy\" decoding=\"async\" class=\"alignright size-full wp-image-733\" src=\"https:\/\/i0.wp.com\/elcentinelaformosa.com\/wp-content\/uploads\/2021\/06\/wp-16233053963825609932727991727705.png?resize=687%2C534\" alt=\"\" width=\"687\" height=\"534\" srcset=\"https:\/\/i0.wp.com\/elcentinelaformosa.com\/wp-content\/uploads\/2021\/06\/wp-16233053963825609932727991727705.png?w=687&amp;ssl=1 687w, https:\/\/i0.wp.com\/elcentinelaformosa.com\/wp-content\/uploads\/2021\/06\/wp-16233053963825609932727991727705.png?resize=300%2C233&amp;ssl=1 300w\" sizes=\"auto, (max-width: 687px) 100vw, 687px\" \/><\/p>\n<p><strong> <img data-recalc-dims=\"1\" loading=\"lazy\" decoding=\"async\" class=\"alignright size-full wp-image-734\" src=\"https:\/\/i0.wp.com\/elcentinelaformosa.com\/wp-content\/uploads\/2021\/06\/wp-1623305428412371146893059497773.png?resize=700%2C902\" alt=\"\" width=\"700\" height=\"902\" srcset=\"https:\/\/i0.wp.com\/elcentinelaformosa.com\/wp-content\/uploads\/2021\/06\/wp-1623305428412371146893059497773.png?w=720&amp;ssl=1 720w, https:\/\/i0.wp.com\/elcentinelaformosa.com\/wp-content\/uploads\/2021\/06\/wp-1623305428412371146893059497773.png?resize=233%2C300&amp;ssl=1 233w, https:\/\/i0.wp.com\/elcentinelaformosa.com\/wp-content\/uploads\/2021\/06\/wp-1623305428412371146893059497773.png?resize=596%2C768&amp;ssl=1 596w\" sizes=\"auto, (max-width: 700px) 100vw, 700px\" \/><\/strong><\/p>\n<p>&nbsp;<\/p>\n<p><strong>RECLAMO:\u00a0<\/strong><\/p>\n<p>PORQU\u00c9 &#8220;DESTRUIR COMESTIBLES&#8221; SI PUEDE SERVIR PARA COCINAR A LOS ANIMALITOS&#8221;- EXPRES\u00d3 LA PRESIDENTE DE LA ASOCIACI\u00d3N JUSTICIA POR ATHENAS, RESCATISTA DE ANIMALES MULTIESPECIES, DEBIDO A QUE AL IGUAL QUE LA SE\u00d1ORA VIRGINIA FERN\u00c1NDEZ, PRESIDENTE DE LA FUNDACI\u00d3N SPA, A DIFERENCIA DE OTRAS ASOCIACIONES NO SOLO SE DEDICAN AL PROTECCIONISMO DE PERROS Y GATOS, SINO QUE SU LUCHA ABARCA TODOS DEL ANIMALES, TAMBIEN EL MEDIO AMBIENTE NATURAL Y TODAS LAS ESPECIES, EQUINOS, REPTILES,\u00a0 AVES, ESPECIALMENTE GALLOS, ANIMALES TAN MALTRATADOS POR LAS MAFIAS LOCALES QUE SE DEDICAN A LAS RI\u00d1AS DE ANIMALES, TRANSGREDIENDO TODAS LAS LEYES DE PROTECCI\u00d3N ANIMAL (13.346)<\/p>\n<p><img data-recalc-dims=\"1\" loading=\"lazy\" decoding=\"async\" class=\"alignright size-full wp-image-739\" src=\"https:\/\/i0.wp.com\/elcentinelaformosa.com\/wp-content\/uploads\/2021\/06\/wp-16233372245731036403496840507760.jpg?resize=698%2C960\" alt=\"\" width=\"698\" height=\"960\" srcset=\"https:\/\/i0.wp.com\/elcentinelaformosa.com\/wp-content\/uploads\/2021\/06\/wp-16233372245731036403496840507760.jpg?w=698&amp;ssl=1 698w, https:\/\/i0.wp.com\/elcentinelaformosa.com\/wp-content\/uploads\/2021\/06\/wp-16233372245731036403496840507760.jpg?resize=218%2C300&amp;ssl=1 218w, https:\/\/i0.wp.com\/elcentinelaformosa.com\/wp-content\/uploads\/2021\/06\/wp-16233372245731036403496840507760.jpg?resize=558%2C768&amp;ssl=1 558w\" sizes=\"auto, (max-width: 698px) 100vw, 698px\" \/><\/p>\n<p><img data-recalc-dims=\"1\" loading=\"lazy\" decoding=\"async\" class=\"alignright size-full wp-image-723\" src=\"https:\/\/i0.wp.com\/elcentinelaformosa.com\/wp-content\/uploads\/2021\/06\/comidita.jpg?resize=700%2C933\" alt=\"\" width=\"700\" height=\"933\" srcset=\"https:\/\/i0.wp.com\/elcentinelaformosa.com\/wp-content\/uploads\/2021\/06\/comidita.jpg?w=720&amp;ssl=1 720w, https:\/\/i0.wp.com\/elcentinelaformosa.com\/wp-content\/uploads\/2021\/06\/comidita.jpg?resize=225%2C300&amp;ssl=1 225w, https:\/\/i0.wp.com\/elcentinelaformosa.com\/wp-content\/uploads\/2021\/06\/comidita.jpg?resize=576%2C768&amp;ssl=1 576w\" sizes=\"auto, (max-width: 700px) 100vw, 700px\" \/><\/p>\n<p>&nbsp;<\/p>\n<p>&nbsp;<\/p>\n<p>&nbsp;<\/p>\n<p><strong><img data-recalc-dims=\"1\" loading=\"lazy\" decoding=\"async\" class=\"alignright size-full wp-image-724\" src=\"https:\/\/i0.wp.com\/elcentinelaformosa.com\/wp-content\/uploads\/2021\/06\/perris-comida.jpg?resize=700%2C933\" alt=\"\" width=\"700\" height=\"933\" srcset=\"https:\/\/i0.wp.com\/elcentinelaformosa.com\/wp-content\/uploads\/2021\/06\/perris-comida.jpg?w=720&amp;ssl=1 720w, https:\/\/i0.wp.com\/elcentinelaformosa.com\/wp-content\/uploads\/2021\/06\/perris-comida.jpg?resize=225%2C300&amp;ssl=1 225w, https:\/\/i0.wp.com\/elcentinelaformosa.com\/wp-content\/uploads\/2021\/06\/perris-comida.jpg?resize=576%2C768&amp;ssl=1 576w\" sizes=\"auto, (max-width: 700px) 100vw, 700px\" \/>LA HISTORIA SE REPITE:\u00a0<\/strong><\/p>\n<p>ASOCIACI\u00d3N JUSTICIA POR ATHENAS Y FUNDACI\u00d3N SPA, AS\u00cd TAMBI\u00c9N PROTECCIONISTAS VOLUNTARIAS HACE MUCHO TIEMPO VEN\u00cdA RECLAMANDO CUPOS PARA CASTRACI\u00d3N DE PERROS Y GATOS. DESPU\u00c9S DE MUCHO PEREGRINAR LA SE\u00d1ORA SEGOVIA ACCEDI\u00d3 A DAR UNOS POCOS CUPOS, CASI MIGAJAS COMPARANDO CON LOS BENEFICIOS OTORGADOS A OTRAS ASOCIACIONES QUE ESTAR\u00cdAN MILITANDO PARA JOFRE O PARA EL JEFE DE LA PROVINCIA.<\/p>\n<p>&nbsp;<\/p>\n<p>PERO, COMO ACLARAN LAS PROTECCIONISTAS, EL DA\u00d1O SE LO HACEN A LOS ANIMALES, LAS MISMAS PERSONAS QUE DICEN PROTEGERLOS. SER\u00cdA COMO PONER POR DELANTE LA OBSECUENCIA Y EL FANATISMO, TAL VEZ LA B\u00daSQUEDA POR POSICIONARSE EN CARGOS QUE CONSIDERAN QUE SON ENCUMBRADOS&#8230;&#8230;. EL PORQU\u00c9 DA\u00d1AN DE ESTA MANERA A LOS ANIMALES QUE SON RESCATADOS POR INDEPENDIENTES&#8230;..NADIE LO SABE CON EXACTITUD. PERO TODO LLEVA A SUPONER LAS RAZONES ANTERIORMENTE EXPUESTAS.<\/p>\n<p><img data-recalc-dims=\"1\" loading=\"lazy\" decoding=\"async\" class=\"alignright size-full wp-image-725\" src=\"https:\/\/i0.wp.com\/elcentinelaformosa.com\/wp-content\/uploads\/2021\/06\/ayuda-perris.jpg?resize=700%2C525\" alt=\"\" width=\"700\" height=\"525\" srcset=\"https:\/\/i0.wp.com\/elcentinelaformosa.com\/wp-content\/uploads\/2021\/06\/ayuda-perris.jpg?w=960&amp;ssl=1 960w, https:\/\/i0.wp.com\/elcentinelaformosa.com\/wp-content\/uploads\/2021\/06\/ayuda-perris.jpg?resize=300%2C225&amp;ssl=1 300w, https:\/\/i0.wp.com\/elcentinelaformosa.com\/wp-content\/uploads\/2021\/06\/ayuda-perris.jpg?resize=768%2C576&amp;ssl=1 768w\" sizes=\"auto, (max-width: 700px) 100vw, 700px\" \/><\/p>\n<p>&nbsp;<\/p>\n<p id=\"rop\"><small>Originally posted 2021-06-10 02:24:04. <\/small><\/p>","protected":false},"excerpt":{"rendered":"<p>CUANDO DE ANIMALES SE TRATA NO DEBER\u00cdA HABER DIFERENCIAS. TODOS MERECEN AYUDA. UNA VEZ M\u00c1S LOS ANIMALES SON SOMETIDOS A SUFRIMIENTO Y POSTERGACI\u00d3N POR PARTE DE LOS NIVELES DE DECISI\u00d3N DEL EJECUTIVO PROVINCIAL Y MUNICIPAL, SOLO PORQUE QUIENES LOS RESCATAN NO SON OBSECUENTES AL PODER POL\u00cdTICO DE TURNO. SI BIEN ES SABIDO QUE TANTO A&#8230; <a href=\"https:\/\/elcentinelaformosa.com\/index.php\/2026\/02\/27\/formosa-proteccionista-denuncia-discriminacion\/\">Read more: FORMOSA: PROTECCIONISTA DENUNCIA DISCRIMINACI\u00d3N<\/a><\/p>\n","protected":false},"author":2,"featured_media":727,"comment_status":"open","ping_status":"open","sticky":false,"template":"","format":"standard","meta":{"rop_custom_images_group":[],"rop_custom_messages_group":[],"rop_publish_now":"initial","rop_publish_now_accounts":{"twitter_815903348_815903348":""},"rop_publish_now_history":[],"rop_publish_now_status":"pending","h5ap_radio_sources":[],"_jetpack_memberships_contains_paid_content":false,"footnotes":"","jetpack_publicize_message":"","jetpack_publicize_feature_enabled":true,"jetpack_social_post_already_shared":true,"jetpack_social_options":{"image_generator_settings":{"template":"highway","default_image_id":0,"font":"","enabled":false},"version":2}},"categories":[165,6,111,5,77,1],"tags":[7,68,85,89,30,169,11,12,173,9,172,171,55,24,72,170,28,87,8,39],"class_list":["post-722","post","type-post","status-publish","format-standard","has-post-thumbnail","hentry","category-derecho-snimal","category-el-centinela","category-entrevistas","category-local","category-redes","category-uncategorized","tag-bastadefalsassoluciones","tag-activismo","tag-activistas","tag-actualizacion-sobre-derecho-animal","tag-alberto-fernandez","tag-beatriz-segovia","tag-centinela","tag-centinela-formosa","tag-denuncias","tag-derecho-animal","tag-discriminacion","tag-formosa-tu-ciudad","tag-jofre","tag-megagranjas","tag-multiespecies","tag-municipalidad-de-formosa","tag-no-a-las-quemas-ley-de-humedales","tag-proteccion-animal","tag-quema-de-pastizales","tag-riacho-he-he"],"aioseo_notices":[],"jetpack_publicize_connections":[],"jetpack_featured_media_url":"https:\/\/i0.wp.com\/elcentinelaformosa.com\/wp-content\/uploads\/2021\/06\/JOFRE-INSFRAN.jpg?fit=737%2C567&ssl=1","jetpack-related-posts":[{"id":1858,"url":"https:\/\/elcentinelaformosa.com\/index.php\/2026\/01\/04\/animales-en-situacion-de-maltrato-y-crueldad-en-barrios-de-formosa\/","url_meta":{"origin":722,"position":0},"title":"ANIMALES EN SITUACION DE MALTRATO Y CRUELDAD EN BARRIOS DE FORMOSA","author":"Admin","date":"enero 4, 2026","format":false,"excerpt":"La presidente de la Fundaci\u00f3n de Protecci\u00f3n animal y ambiental de Formosa ( SPA), Se\u00f1ora Virginia Fern\u00e1ndez denunci\u00f3 la situaci\u00f3n de maltrato y actos de crueldad hacia los animales en los sectores m\u00e1s precarios del barrio Lisbel Rivira, espec\u00edficamente entre las calles Sergio Godoy y Abraham ( pasillo) ubicado en\u2026","rel":"","context":"En &quot;Derecho Animal&quot;","block_context":{"text":"Derecho Animal","link":"https:\/\/elcentinelaformosa.com\/index.php\/category\/derecho-animal\/"},"img":{"alt_text":"","src":"https:\/\/i0.wp.com\/elcentinelaformosa.com\/wp-content\/uploads\/2024\/07\/20240710_111027-ANIMATION.gif?fit=774%2C581&ssl=1&resize=350%2C200","width":350,"height":200,"srcset":"https:\/\/i0.wp.com\/elcentinelaformosa.com\/wp-content\/uploads\/2024\/07\/20240710_111027-ANIMATION.gif?fit=774%2C581&ssl=1&resize=350%2C200 1x, https:\/\/i0.wp.com\/elcentinelaformosa.com\/wp-content\/uploads\/2024\/07\/20240710_111027-ANIMATION.gif?fit=774%2C581&ssl=1&resize=525%2C300 1.5x, https:\/\/i0.wp.com\/elcentinelaformosa.com\/wp-content\/uploads\/2024\/07\/20240710_111027-ANIMATION.gif?fit=774%2C581&ssl=1&resize=700%2C400 2x"},"classes":[]},{"id":1577,"url":"https:\/\/elcentinelaformosa.com\/index.php\/2026\/01\/04\/formosa-maltrato-animal-de-penalizacion-a-regulacion-recaudadora\/","url_meta":{"origin":722,"position":1},"title":"FORMOSA, MALTRATO ANIMAL: DE PENALIZACION A REGULACI\u00d3N RECAUDADORA ?","author":"Admin","date":"enero 4, 2026","format":false,"excerpt":"Municipio formose\u00f1o multar\u00e1 hasta con 10 mil litros de combustible a quienes maltraten animales. La reconocida Ley Nacional 14.346 establece\u00a0 condena y prisi\u00f3n para los maltratadores de animales. En los \u00faltimos a\u00f1os, el proteccionismo se vio divido por fuerzas externas vinculadas no solo con poder econ\u00f3mico sino tambi\u00e9n pol\u00edtico. Tal\u2026","rel":"","context":"En &quot;Derecho snimal&quot;","block_context":{"text":"Derecho snimal","link":"https:\/\/elcentinelaformosa.com\/index.php\/category\/derecho-snimal\/"},"img":{"alt_text":"","src":"https:\/\/i0.wp.com\/elcentinelaformosa.com\/wp-content\/uploads\/2023\/02\/Screenshot_20230219-115415.png?fit=453%2C311&ssl=1&resize=350%2C200","width":350,"height":200},"classes":[]},{"id":1597,"url":"https:\/\/elcentinelaformosa.com\/index.php\/2026\/02\/27\/caba-rapida-respuesta-de-la-justicia-ante-denuncia-por-maltrato-animal\/","url_meta":{"origin":722,"position":2},"title":"CABA: R\u00c1PIDA RESPUESTA DE LA JUSTICIA ANTE DENUNCIA POR MALTRATO ANIMAL","author":"Admin","date":"febrero 27, 2026","format":false,"excerpt":"Tal como lo hab\u00eda anticipado el d\u00eda de ayer jueves 09 en\u00a0 la entrevista,\u00a0 la especialista en derecho animal, doctora Laura Cecilia Velasco hoy viernes 10 confirm\u00f3 la r\u00e1pida intervenci\u00f3n de la justicia en el caso de maltrato animal y posible abuso. Se logr\u00f3 el rescate de los caninos del\u2026","rel":"","context":"En &quot;Derecho snimal&quot;","block_context":{"text":"Derecho snimal","link":"https:\/\/elcentinelaformosa.com\/index.php\/category\/derecho-snimal\/"},"img":{"alt_text":"","src":"https:\/\/i0.wp.com\/elcentinelaformosa.com\/wp-content\/uploads\/2021\/07\/wp-16264720224391985619108434465971.png?fit=696%2C895&ssl=1&resize=350%2C200","width":350,"height":200,"srcset":"https:\/\/i0.wp.com\/elcentinelaformosa.com\/wp-content\/uploads\/2021\/07\/wp-16264720224391985619108434465971.png?fit=696%2C895&ssl=1&resize=350%2C200 1x, https:\/\/i0.wp.com\/elcentinelaformosa.com\/wp-content\/uploads\/2021\/07\/wp-16264720224391985619108434465971.png?fit=696%2C895&ssl=1&resize=525%2C300 1.5x"},"classes":[]},{"id":1107,"url":"https:\/\/elcentinelaformosa.com\/index.php\/2026\/04\/01\/formosa-el-colorado-habria-negacion-de-justicia-para-los-animales-a-pesar-de-la-ley-nacional\/","url_meta":{"origin":722,"position":3},"title":"FORMOSA: EL COLORADO. HABR\u00cdA NEGACI\u00d3N DE JUSTICIA PARA LOS ANIMALES A PESAR DE LA LEY NACIONAL?","author":"Admin","date":"abril 1, 2026","format":false,"excerpt":"FORMOSA: EL COLORADO: ESTA PERSONA NO HUMANA NECESITA AYUDA Y DE MANERA URGENTE. EL CAN HACE M\u00c1S DE UN A\u00d1O SE HALLARIA SIENDO V\u00cdCTIMA DE MALOS TRATOS, COMO POR EJEMPLO QUE SE HALLAR\u00cdA ATADO CON CADENA Y CANDADO. ABANDONADO EN UNA CASA DESHABITADA. Y SIN ATENCI\u00d3N ADECUADA , COMO LO\u2026","rel":"","context":"En &quot;Derecho snimal&quot;","block_context":{"text":"Derecho snimal","link":"https:\/\/elcentinelaformosa.com\/index.php\/category\/derecho-snimal\/"},"img":{"alt_text":"","src":"https:\/\/i0.wp.com\/elcentinelaformosa.com\/wp-content\/uploads\/2021\/09\/IMG-20210922-WA0090.jpg?fit=720%2C800&ssl=1&resize=350%2C200","width":350,"height":200,"srcset":"https:\/\/i0.wp.com\/elcentinelaformosa.com\/wp-content\/uploads\/2021\/09\/IMG-20210922-WA0090.jpg?fit=720%2C800&ssl=1&resize=350%2C200 1x, https:\/\/i0.wp.com\/elcentinelaformosa.com\/wp-content\/uploads\/2021\/09\/IMG-20210922-WA0090.jpg?fit=720%2C800&ssl=1&resize=525%2C300 1.5x, https:\/\/i0.wp.com\/elcentinelaformosa.com\/wp-content\/uploads\/2021\/09\/IMG-20210922-WA0090.jpg?fit=720%2C800&ssl=1&resize=700%2C400 2x"},"classes":[]},{"id":1508,"url":"https:\/\/elcentinelaformosa.com\/index.php\/2026\/01\/04\/aumentan-los-casos-de-crueldad-hacia-los-animales-en-formosa\/","url_meta":{"origin":722,"position":4},"title":"FORMOSA: AUMENTAN LOS CASOS DE CRUELDAD HACIA LOS ANIMALES EN FORMOSA","author":"Admin","date":"enero 4, 2026","format":false,"excerpt":"(Video del caso Pozo del Tigre) LOCALIDAD HERRADURA: EL PRESUNTO EMPLEADO DE UN FUNCIONARIO DEL EJECUTIVO PROVINCIAL ( SER\u00cdA UN ENCUMBRADO DEL DIRECTORIO DE LA EMPRESA REFSA) MATO UN PERRO A BALAZOS Y DEJO HERIDO A OTRO EN EL CUELLO. LOCALIDAD POZO DEL TIGRE, TAMBI\u00c9N INTERIOR DE FORMOSA: FUNCIONARIO QUE\u2026","rel":"","context":"En &quot;Derecho snimal&quot;","block_context":{"text":"Derecho snimal","link":"https:\/\/elcentinelaformosa.com\/index.php\/category\/derecho-snimal\/"},"img":{"alt_text":"","src":"https:\/\/i0.wp.com\/elcentinelaformosa.com\/wp-content\/uploads\/2022\/10\/wp-1666775781610.gif?fit=1019%2C260&ssl=1&resize=350%2C200","width":350,"height":200,"srcset":"https:\/\/i0.wp.com\/elcentinelaformosa.com\/wp-content\/uploads\/2022\/10\/wp-1666775781610.gif?fit=1019%2C260&ssl=1&resize=350%2C200 1x, https:\/\/i0.wp.com\/elcentinelaformosa.com\/wp-content\/uploads\/2022\/10\/wp-1666775781610.gif?fit=1019%2C260&ssl=1&resize=525%2C300 1.5x, https:\/\/i0.wp.com\/elcentinelaformosa.com\/wp-content\/uploads\/2022\/10\/wp-1666775781610.gif?fit=1019%2C260&ssl=1&resize=700%2C400 2x"},"classes":[]},{"id":935,"url":"https:\/\/elcentinelaformosa.com\/index.php\/2026\/04\/01\/formosa-proteccionistas-del-derecho-animal-presentan-reiteran-denuncia-en-la-justicia-provincial-por-maltrato-y-crueldad-contra-un-equino\/","url_meta":{"origin":722,"position":5},"title":"FORMOSA: PROTECCIONISTAS DEL DERECHO ANIMAL REITERAN  DENUNCIAS EN LA JUSTICIA PROVINCIAL POR MALTRATO Y CRUELDAD CONTRA UN EQUINO","author":"Admin","date":"abril 1, 2026","format":false,"excerpt":"\u00a0 LOS DENUNCIANTES EST\u00c1N PATROCINADOS POR LA TITULAR DEL INSTITUTO IBEROAMERICANO DE DERECHO ANIMAL, CONFERENCISTA INTERNACIONAL SOBRE DERECHOS DE PERSONAS NO HUMANAS, LAURA CECILIA VELASCO. LA DEVOLUCI\u00d3N POR PARTE DE LA POLIC\u00cdA DEL ANIMAL AL MALTRATADOR, MOTIV\u00d3 A LOS PROTECCIONISTAS A PEDIR AYUDA A LA TITULAR DEL INSTITUTO IBEROAMERICANO DEL\u2026","rel":"","context":"En &quot;Derecho snimal&quot;","block_context":{"text":"Derecho snimal","link":"https:\/\/elcentinelaformosa.com\/index.php\/category\/derecho-snimal\/"},"img":{"alt_text":"","src":"https:\/\/i0.wp.com\/elcentinelaformosa.com\/wp-content\/uploads\/2021\/07\/wp-16264720224391985619108434465971.png?resize=350%2C200","width":350,"height":200,"srcset":"https:\/\/i0.wp.com\/elcentinelaformosa.com\/wp-content\/uploads\/2021\/07\/wp-16264720224391985619108434465971.png?resize=350%2C200 1x, https:\/\/i0.wp.com\/elcentinelaformosa.com\/wp-content\/uploads\/2021\/07\/wp-16264720224391985619108434465971.png?resize=525%2C300 1.5x"},"classes":[]}],"jetpack_sharing_enabled":true,"jetpack_likes_enabled":true,"_links":{"self":[{"href":"https:\/\/elcentinelaformosa.com\/index.php\/wp-json\/wp\/v2\/posts\/722","targetHints":{"allow":["GET"]}}],"collection":[{"href":"https:\/\/elcentinelaformosa.com\/index.php\/wp-json\/wp\/v2\/posts"}],"about":[{"href":"https:\/\/elcentinelaformosa.com\/index.php\/wp-json\/wp\/v2\/types\/post"}],"author":[{"embeddable":true,"href":"https:\/\/elcentinelaformosa.com\/index.php\/wp-json\/wp\/v2\/users\/2"}],"replies":[{"embeddable":true,"href":"https:\/\/elcentinelaformosa.com\/index.php\/wp-json\/wp\/v2\/comments?post=722"}],"version-history":[{"count":8,"href":"https:\/\/elcentinelaformosa.com\/index.php\/wp-json\/wp\/v2\/posts\/722\/revisions"}],"predecessor-version":[{"id":744,"href":"https:\/\/elcentinelaformosa.com\/index.php\/wp-json\/wp\/v2\/posts\/722\/revisions\/744"}],"wp:featuredmedia":[{"embeddable":true,"href":"https:\/\/elcentinelaformosa.com\/index.php\/wp-json\/wp\/v2\/media\/727"}],"wp:attachment":[{"href":"https:\/\/elcentinelaformosa.com\/index.php\/wp-json\/wp\/v2\/media?parent=722"}],"wp:term":[{"taxonomy":"category","embeddable":true,"href":"https:\/\/elcentinelaformosa.com\/index.php\/wp-json\/wp\/v2\/categories?post=722"},{"taxonomy":"post_tag","embeddable":true,"href":"https:\/\/elcentinelaformosa.com\/index.php\/wp-json\/wp\/v2\/tags?post=722"}],"curies":[{"name":"wp","href":"https:\/\/api.w.org\/{rel}","templated":true}]}}