{"id":756,"date":"2026-02-27T11:02:41","date_gmt":"2026-02-27T14:02:41","guid":{"rendered":"https:\/\/elcentinelaformosa.com\/?p=756"},"modified":"2026-02-27T11:02:41","modified_gmt":"2026-02-27T14:02:41","slug":"el-origen-de-la-pandemia-el-maltrato-animal","status":"publish","type":"post","link":"https:\/\/elcentinelaformosa.com\/index.php\/2026\/02\/27\/el-origen-de-la-pandemia-el-maltrato-animal\/","title":{"rendered":"EL ORIGEN DE LA PANDEMIA: EL MALTRATO ANIMAL"},"content":{"rendered":"<p><strong>CORONAVIRUS Y MERCADOS HUMEDOS, por qu\u00e9 son una preocupaci\u00f3n sanitaria para la OMS<\/strong><\/p>\n<p><strong>Los llamados &#8220;mercados mojados&#8221; de China se convirtieron en sin\u00f3nimo de coronavirus en diversos pa\u00edses de Occidente.<\/strong><\/p>\n<p><strong>Sin embargo, en Asia, \u00c1frica y otros sitios del planeta estos mercados, en los que a veces se encuentran animales salvajes y muchos otros seres sintientes ofrecidos como si fuera un producto&#8230;. son parte de la vida diaria de sus habitantes desde hace siglos.<\/strong><\/p>\n<p><strong>Los expertos creen que el virus SARS-CoV-2, del que se han contagiado hasta unas 2 millones de personas en todo el mundo, pudo originarse\u00a0en\u00a0uno de estos puestos, en\u00a0la ciudad de Wuhan, en el centro de China.<\/strong><\/p>\n<ul>\n<li><strong>\u00a0<\/strong><strong><a href=\"https:\/\/www.bbc.com\/mundo\/noticias-52282656\">&#8220;Si queremos evitar que los virus se transformen en pandemias debemos cambiar radicalmente nuestros patrones de consumo&#8221;<\/a><\/strong><\/li>\n<\/ul>\n<p><strong>Aunque te\u00f3ricamente en el &#8220;mercado mayorista de mariscos de Huanan&#8221; se vend\u00edan pescados y mariscos, medios locales tambi\u00e9n se\u00f1alaron que hab\u00eda todo tipo de animales vivos a disposici\u00f3n del p\u00fablico, desde zorros a serpientes.<\/strong><\/p>\n<p><strong> <img data-recalc-dims=\"1\" loading=\"lazy\" decoding=\"async\" class=\"alignright size-full wp-image-754\" src=\"https:\/\/i0.wp.com\/elcentinelaformosa.com\/wp-content\/uploads\/2021\/06\/MURCIELAGOS-DEL-MERCADO-WUHAN.jpg?resize=700%2C394\" alt=\"\" width=\"700\" height=\"394\" srcset=\"https:\/\/i0.wp.com\/elcentinelaformosa.com\/wp-content\/uploads\/2021\/06\/MURCIELAGOS-DEL-MERCADO-WUHAN.jpg?w=800&amp;ssl=1 800w, https:\/\/i0.wp.com\/elcentinelaformosa.com\/wp-content\/uploads\/2021\/06\/MURCIELAGOS-DEL-MERCADO-WUHAN.jpg?resize=300%2C169&amp;ssl=1 300w, https:\/\/i0.wp.com\/elcentinelaformosa.com\/wp-content\/uploads\/2021\/06\/MURCIELAGOS-DEL-MERCADO-WUHAN.jpg?resize=768%2C432&amp;ssl=1 768w\" sizes=\"auto, (max-width: 700px) 100vw, 700px\" \/><\/strong><\/p>\n<p><strong>La brutal pandemia y el origen todav\u00eda sin confirmar de la covid-19 -que ha dejado m\u00e1s de cientos de miles muertos en el mundo hasta el 22 de abril, seg\u00fan la Organizaci\u00f3n Mundial de la Salud (OMS)- llev\u00f3 a que se cerraran parcialmente estos mercados.<\/strong><\/p>\n<h2>\u00bfPor qu\u00e9 son &#8220;mojados&#8221; los mercados?<\/h2>\n<p><strong>Los llamados mercados &#8220;mojados&#8221; o &#8220;h\u00famedos&#8221; son comunes en muchos pa\u00edses, adem\u00e1s de China.<\/strong><\/p>\n<p><strong>Para entender el origen de su nombre, basta con fijarse en sus suelos, empapados de agua.<\/strong><\/p>\n<p><strong>Y es que el calificativo responde al derretimiento del hielo que se utiliza para conservar lo que all\u00ed se comercializa, incluso SERES VIVOS explica la corresponsal de Medio Ambiente de la BBC Helen Briggs.<\/strong><\/p>\n<p><strong>Pero tambi\u00e9n a la constante pr\u00e1ctica de los comerciantes de limpiar sus puestos con agua, ya sea por los desechos generados por animales vivos o muertos.<\/strong><\/p>\n<h2>\u00a0Los mercados y el covid-19<\/h2>\n<p><strong>M\u00faltiples expertos consideran que el virus que provoca el covid-19 probablemente cruz\u00f3 el umbral de las especies -de animal a humano- en el mercado de Huanan, ligado a varios de los primeros casos confirmados en Wuhan.<\/strong><\/p>\n<p><strong>\u00a0Tras registrarse un grupo inicial de casos vinculados al mercado, el virus comenz\u00f3 a propagarse dentro de China, y de ah\u00ed al resto del mundo.<\/strong><\/p>\n<p><strong>De momento,\u00a0no hay una conclusi\u00f3n cient\u00edfica sobre el origen del virus, pero los expertos apuntan a la posibilidad de que se desarrollara en un murci\u00e9lago y luego diera el salto a los humanos a trav\u00e9s de otro animal.<\/strong><\/p>\n<ul>\n<li><strong><a href=\"https:\/\/www.bbc.com\/mundo\/noticias-52326745\">Las teor\u00edas de por qu\u00e9 el coronavirus puede llegar a causar la muerte de pacientes j\u00f3venes y aparentemente sanos<\/a><\/strong><\/li>\n<\/ul>\n<p><strong>En estas circunstancias, hay quien da la voz de alarma sobre los mercados donde se venden animales.<\/strong><\/p>\n<p><strong>Estos pueden ser\u00a0&#8220;bombas de tiempo&#8221; para las epidemias,\u00a0opina el profesor\u00a0Andrew Cunningham, subdirector de ciencias de la Sociedad Zool\u00f3gica de Londres (ZSL).<\/strong><\/p>\n<p><strong>&#8220;La forma en que tratamos a los animales, como si fueran productos b\u00e1sicos que saquear, se nos vuelve en contra y no es ninguna una sorpresa&#8221;<\/strong><\/p>\n<h2>Pol\u00e9mica<\/h2>\n<p><strong>La pandemia ha llevado a algunas organizaciones de conservaci\u00f3n de la vida silvestre a pedir la prohibici\u00f3n del comercio de animales salvajes por motivos de salud p\u00fablica.<\/strong><\/p>\n<p><strong>Ese es el caso de la organizaci\u00f3n\u00a0<em style=\"font-weight: inherit;\">Born Free,\u00a0<\/em>que adem\u00e1s pidi\u00f3 medidas para proteger los h\u00e1bitats de la vida silvestre.<\/strong><\/p>\n<p><strong>Mark Jones, jefe del Departamento de Pol\u00edticas de la ONG, dijo que esto \u00faltimo era necesario &#8220;para detener y revertir la devastadora disminuci\u00f3n en el mundo natural, que ha llevado a un mill\u00f3n de especies al borde de la extinci\u00f3n y amenazado\u00a0el futuro de la vida silvestre y la humanidad por igual&#8221;.<\/strong><\/p>\n<h3><strong>\u00a0Se estima que el 70% de todos los virus nuevos provienen de animales, espec\u00edficamente del consumo de su carne. <\/strong><\/h3>\n<p><strong>\u00a0<\/strong><\/p>\n<p><strong>\u00a0<\/strong><\/p>\n<p><strong>\u00a0<\/strong><\/p>\n<p><strong>\u00a0<\/strong><\/p>\n<p id=\"rop\"><small>Originally posted 2021-06-19 17:57:54. <\/small><\/p>","protected":false},"excerpt":{"rendered":"<p>CORONAVIRUS Y MERCADOS HUMEDOS, por qu\u00e9 son una preocupaci\u00f3n sanitaria para la OMS Los llamados &#8220;mercados mojados&#8221; de China se convirtieron en sin\u00f3nimo de coronavirus en diversos pa\u00edses de Occidente. Sin embargo, en Asia, \u00c1frica y otros sitios del planeta estos mercados, en los que a veces se encuentran animales salvajes y muchos otros seres&#8230; <a href=\"https:\/\/elcentinelaformosa.com\/index.php\/2026\/02\/27\/el-origen-de-la-pandemia-el-maltrato-animal\/\">Read more: EL ORIGEN DE LA PANDEMIA: EL MALTRATO ANIMAL<\/a><\/p>\n","protected":false},"author":2,"featured_media":755,"comment_status":"open","ping_status":"open","sticky":false,"template":"","format":"standard","meta":{"rop_custom_images_group":[],"rop_custom_messages_group":[],"rop_publish_now":"initial","rop_publish_now_accounts":{"twitter_815903348_815903348":""},"rop_publish_now_history":[],"rop_publish_now_status":"pending","h5ap_radio_sources":[],"_jetpack_memberships_contains_paid_content":false,"footnotes":"","jetpack_publicize_message":"","jetpack_publicize_feature_enabled":true,"jetpack_social_post_already_shared":true,"jetpack_social_options":{"image_generator_settings":{"template":"highway","default_image_id":0,"font":"","enabled":false},"version":2}},"categories":[165,6,111,5,77,1],"tags":[85,89,25,30,12,175,180,144,177,22,24,176,178,179,174],"class_list":["post-756","post","type-post","status-publish","format-standard","has-post-thumbnail","hentry","category-derecho-snimal","category-el-centinela","category-entrevistas","category-local","category-redes","category-uncategorized","tag-activistas","tag-actualizacion-sobre-derecho-animal","tag-acuero-porcino-con-china","tag-alberto-fernandez","tag-centinela-formosa","tag-covid","tag-diario-centinela","tag-diario-el-centinela","tag-estos-pueden-ser-bombas-de-tiempo-para-las-epidemias","tag-gildo-insfran","tag-megagranjas","tag-merrcados-humedos","tag-opina-el-profesor-andrew-cunningham","tag-subdirector-de-ciencias-de-la-sociedad-zoologica-de-londres-zsl","tag-wuhan"],"aioseo_notices":[],"jetpack_publicize_connections":[],"jetpack_featured_media_url":"https:\/\/i0.wp.com\/elcentinelaformosa.com\/wp-content\/uploads\/2021\/06\/pangolin-en-mercado-chino.jpg?fit=800%2C450&ssl=1","jetpack-related-posts":[{"id":758,"url":"https:\/\/elcentinelaformosa.com\/index.php\/2026\/02\/27\/que-son-los-mercados-humedos-y-sus-consecuencias-pandemias\/","url_meta":{"origin":756,"position":0},"title":"LOS MERCADOS HUMEDOS Y SUS CONSECUENCIAS: PANDEMIAS","author":"Admin","date":"febrero 27, 2026","format":false,"excerpt":"PERROS ATADOS Y MANOS DE MONO: MUESTRAN EL HORROR DE UN MERCADO H\u00daMEDO EN INDIA Una organizaci\u00f3n\u00a0internacional en defensa de los animales\u00a0difundi\u00f3 un fuerte video de un mercado de Dimapur, India en el que se pueden observar entre otras cosas,\u00a0perros\u00a0dentro de bolsas a la espera de ser ejecutados , manos\u2026","rel":"","context":"En &quot;Derecho snimal&quot;","block_context":{"text":"Derecho snimal","link":"https:\/\/elcentinelaformosa.com\/index.php\/category\/derecho-snimal\/"},"img":{"alt_text":"","src":"https:\/\/i0.wp.com\/elcentinelaformosa.com\/wp-content\/uploads\/2021\/06\/wp-16241370845872140835933334411858.png?fit=609%2C394&ssl=1&resize=350%2C200","width":350,"height":200,"srcset":"https:\/\/i0.wp.com\/elcentinelaformosa.com\/wp-content\/uploads\/2021\/06\/wp-16241370845872140835933334411858.png?fit=609%2C394&ssl=1&resize=350%2C200 1x, https:\/\/i0.wp.com\/elcentinelaformosa.com\/wp-content\/uploads\/2021\/06\/wp-16241370845872140835933334411858.png?fit=609%2C394&ssl=1&resize=525%2C300 1.5x"},"classes":[]},{"id":1459,"url":"https:\/\/elcentinelaformosa.com\/index.php\/2026\/01\/04\/bioconflictividad-y-derecho-animal-en-en-marco-del-congreso-inter-y-multidisciplinario-del-derecho-y-medio-ambiente\/","url_meta":{"origin":756,"position":1},"title":"BIOCONFLICTIVIDAD Y DERECHO ANIMAL EN EN MARCO DEL CONGRESO INTER Y MULTIDISCIPLINARIO DEL DERECHO Y MEDIO AMBIENTE","author":"Admin","date":"enero 4, 2026","format":false,"excerpt":"DURANTE LA TARDE NOCHE DE AYER SE REALIZ\u00d3 LA CUARTA Y \u00daLTIMA JORNADA DEL CONGRESO INTERDISCIPLINARIO Y MULTIDISCIPLINARIO DONDE LAS M\u00c1S RELEVANTES FIGURAS DEL DERECHO INTERNACIONAL OCUPARON UN ESPACIO COMO DISERTANTES. ARGENTINA, DESDE EL DERECHO ANIMAL REPRESENTADA POR LA DOCTORA LAURA VELASCO, ESPECIALISTA Y PIONERA EN LA DEFENSA DEL DERECHO\u2026","rel":"","context":"En &quot;Derecho snimal&quot;","block_context":{"text":"Derecho snimal","link":"https:\/\/elcentinelaformosa.com\/index.php\/category\/derecho-snimal\/"},"img":{"alt_text":"","src":"https:\/\/i0.wp.com\/elcentinelaformosa.com\/wp-content\/uploads\/2022\/09\/Screenshot_20220921-194827-1.jpg?fit=366%2C253&ssl=1&resize=350%2C200","width":350,"height":200},"classes":[]},{"id":44,"url":"https:\/\/elcentinelaformosa.com\/index.php\/2026\/02\/27\/centinela-destruida-la-selva-amazonica-el-gran-chaco-y-los-humedales\/","url_meta":{"origin":756,"position":2},"title":"[Centinela] Destru\u00edda la selva Amaz\u00f3nica, el Gran Chaco y los humedales.","author":"olivera.ricardo26@hotmail.com","date":"febrero 27, 2026","format":false,"excerpt":"Las quemas tambi\u00e9n se han usado para deforestar: Queman los restos de los \u00e1rboles que han sido talados para abrir paso a los nuevos cultivos. Estos cultivos, generalmente, sirven para suplir al mercado global de soja o de alimentos para el ganado. Las megagranjas de cerdos que pretenden traer a\u2026","rel":"","context":"En &quot;El Centinela&quot;","block_context":{"text":"El Centinela","link":"https:\/\/elcentinelaformosa.com\/index.php\/category\/el-centinela\/"},"img":{"alt_text":"","src":"https:\/\/i0.wp.com\/elcentinelaformosa.com\/wp-content\/uploads\/2020\/09\/Destruida-la-selva-Amazonica-el-Gran-Chaco-y-los-humedales..jpeg?fit=720%2C827&ssl=1&resize=350%2C200","width":350,"height":200,"srcset":"https:\/\/i0.wp.com\/elcentinelaformosa.com\/wp-content\/uploads\/2020\/09\/Destruida-la-selva-Amazonica-el-Gran-Chaco-y-los-humedales..jpeg?fit=720%2C827&ssl=1&resize=350%2C200 1x, https:\/\/i0.wp.com\/elcentinelaformosa.com\/wp-content\/uploads\/2020\/09\/Destruida-la-selva-Amazonica-el-Gran-Chaco-y-los-humedales..jpeg?fit=720%2C827&ssl=1&resize=525%2C300 1.5x, https:\/\/i0.wp.com\/elcentinelaformosa.com\/wp-content\/uploads\/2020\/09\/Destruida-la-selva-Amazonica-el-Gran-Chaco-y-los-humedales..jpeg?fit=720%2C827&ssl=1&resize=700%2C400 2x"},"classes":[]},{"id":1597,"url":"https:\/\/elcentinelaformosa.com\/index.php\/2026\/02\/27\/caba-rapida-respuesta-de-la-justicia-ante-denuncia-por-maltrato-animal\/","url_meta":{"origin":756,"position":3},"title":"CABA: R\u00c1PIDA RESPUESTA DE LA JUSTICIA ANTE DENUNCIA POR MALTRATO ANIMAL","author":"Admin","date":"febrero 27, 2026","format":false,"excerpt":"Tal como lo hab\u00eda anticipado el d\u00eda de ayer jueves 09 en\u00a0 la entrevista,\u00a0 la especialista en derecho animal, doctora Laura Cecilia Velasco hoy viernes 10 confirm\u00f3 la r\u00e1pida intervenci\u00f3n de la justicia en el caso de maltrato animal y posible abuso. Se logr\u00f3 el rescate de los caninos del\u2026","rel":"","context":"En &quot;Derecho snimal&quot;","block_context":{"text":"Derecho snimal","link":"https:\/\/elcentinelaformosa.com\/index.php\/category\/derecho-snimal\/"},"img":{"alt_text":"","src":"https:\/\/i0.wp.com\/elcentinelaformosa.com\/wp-content\/uploads\/2021\/07\/wp-16264720224391985619108434465971.png?fit=696%2C895&ssl=1&resize=350%2C200","width":350,"height":200,"srcset":"https:\/\/i0.wp.com\/elcentinelaformosa.com\/wp-content\/uploads\/2021\/07\/wp-16264720224391985619108434465971.png?fit=696%2C895&ssl=1&resize=350%2C200 1x, https:\/\/i0.wp.com\/elcentinelaformosa.com\/wp-content\/uploads\/2021\/07\/wp-16264720224391985619108434465971.png?fit=696%2C895&ssl=1&resize=525%2C300 1.5x"},"classes":[]},{"id":1174,"url":"https:\/\/elcentinelaformosa.com\/index.php\/2026\/04\/01\/apologia-del-maltrato-animal-para-muestra-un-solo-boton-basta\/","url_meta":{"origin":756,"position":4},"title":"APOLOG\u00cdA DEL MALTRATO ANIMAL.  PARA MUESTRA&#8230;UN SOLO BOT\u00d3N BASTA","author":"Admin","date":"abril 1, 2026","format":false,"excerpt":"Sucedi\u00f3 en Tucum\u00e1n, Simoca. El pasado lunes 11 de Octubre.....no de 1816... ni siquiera de 1900...sino en la era de la tecnolog\u00eda..... siglo 21 a\u00f1o 2021. El Presidente de Argentina, Alberto Fern\u00e1ndez\u00a0 y otros funcionarios obsecuentes al poder de turno haciendo abuso\u00a0 de la inocencia de los animales que no\u2026","rel":"","context":"En &quot;Derecho snimal&quot;","block_context":{"text":"Derecho snimal","link":"https:\/\/elcentinelaformosa.com\/index.php\/category\/derecho-snimal\/"},"img":{"alt_text":"","src":"https:\/\/i0.wp.com\/elcentinelaformosa.com\/wp-content\/uploads\/2021\/10\/wp-1634554145768.gif?fit=322%2C359&ssl=1&resize=350%2C200","width":350,"height":200},"classes":[]},{"id":1082,"url":"https:\/\/elcentinelaformosa.com\/index.php\/2026\/04\/01\/argentina-enfermos-del-alma-que-matan-por-placer\/","url_meta":{"origin":756,"position":5},"title":"ARGENTINA: ENFERMOS DEL ALMA QUE MATAN POR PLACER","author":"Admin","date":"abril 1, 2026","format":false,"excerpt":"ARGENTINA: ENFERMOS DEL ALMA QUE MATAN ANIMALES POR PLACER. LES CORTAN LA CABEZA A LOS CIERVOS Y DEJAN EL RESTO DEL CUERPO. UNO DE LOS PROPIETARIOS RELAT\u00d3 SU PROBLEMA CON LOS \" CAZADORES ASESINOS DE ANIMALES POR PLACER, REPRESENTAN UNA AMENAZA PARA EL ECOSISTEMA Y PARA SU SEGURIDAD. CAZA FURTIVA\u2026","rel":"","context":"En &quot;Derecho snimal&quot;","block_context":{"text":"Derecho snimal","link":"https:\/\/elcentinelaformosa.com\/index.php\/category\/derecho-snimal\/"},"img":{"alt_text":"","src":"https:\/\/i0.wp.com\/elcentinelaformosa.com\/wp-content\/uploads\/2021\/09\/wp-16317337758698544835614929164206.png?fit=573%2C363&ssl=1&resize=350%2C200","width":350,"height":200,"srcset":"https:\/\/i0.wp.com\/elcentinelaformosa.com\/wp-content\/uploads\/2021\/09\/wp-16317337758698544835614929164206.png?fit=573%2C363&ssl=1&resize=350%2C200 1x, https:\/\/i0.wp.com\/elcentinelaformosa.com\/wp-content\/uploads\/2021\/09\/wp-16317337758698544835614929164206.png?fit=573%2C363&ssl=1&resize=525%2C300 1.5x"},"classes":[]}],"jetpack_sharing_enabled":true,"jetpack_likes_enabled":true,"_links":{"self":[{"href":"https:\/\/elcentinelaformosa.com\/index.php\/wp-json\/wp\/v2\/posts\/756","targetHints":{"allow":["GET"]}}],"collection":[{"href":"https:\/\/elcentinelaformosa.com\/index.php\/wp-json\/wp\/v2\/posts"}],"about":[{"href":"https:\/\/elcentinelaformosa.com\/index.php\/wp-json\/wp\/v2\/types\/post"}],"author":[{"embeddable":true,"href":"https:\/\/elcentinelaformosa.com\/index.php\/wp-json\/wp\/v2\/users\/2"}],"replies":[{"embeddable":true,"href":"https:\/\/elcentinelaformosa.com\/index.php\/wp-json\/wp\/v2\/comments?post=756"}],"version-history":[{"count":3,"href":"https:\/\/elcentinelaformosa.com\/index.php\/wp-json\/wp\/v2\/posts\/756\/revisions"}],"predecessor-version":[{"id":769,"href":"https:\/\/elcentinelaformosa.com\/index.php\/wp-json\/wp\/v2\/posts\/756\/revisions\/769"}],"wp:featuredmedia":[{"embeddable":true,"href":"https:\/\/elcentinelaformosa.com\/index.php\/wp-json\/wp\/v2\/media\/755"}],"wp:attachment":[{"href":"https:\/\/elcentinelaformosa.com\/index.php\/wp-json\/wp\/v2\/media?parent=756"}],"wp:term":[{"taxonomy":"category","embeddable":true,"href":"https:\/\/elcentinelaformosa.com\/index.php\/wp-json\/wp\/v2\/categories?post=756"},{"taxonomy":"post_tag","embeddable":true,"href":"https:\/\/elcentinelaformosa.com\/index.php\/wp-json\/wp\/v2\/tags?post=756"}],"curies":[{"name":"wp","href":"https:\/\/api.w.org\/{rel}","templated":true}]}}