{"id":758,"date":"2026-02-27T11:02:45","date_gmt":"2026-02-27T14:02:45","guid":{"rendered":"https:\/\/elcentinelaformosa.com\/?p=758"},"modified":"2026-02-27T11:02:45","modified_gmt":"2026-02-27T14:02:45","slug":"que-son-los-mercados-humedos-y-sus-consecuencias-pandemias","status":"publish","type":"post","link":"https:\/\/elcentinelaformosa.com\/index.php\/2026\/02\/27\/que-son-los-mercados-humedos-y-sus-consecuencias-pandemias\/","title":{"rendered":"LOS MERCADOS HUMEDOS Y SUS CONSECUENCIAS: PANDEMIAS"},"content":{"rendered":"<p><strong>PERROS ATADOS Y MANOS DE MONO: MUESTRAN EL HORROR DE UN MERCADO H\u00daMEDO EN INDIA<\/strong><\/p>\n<blockquote><p>Una organizaci\u00f3n\u00a0internacional en defensa de los animales<strong>\u00a0<\/strong>difundi\u00f3 un fuerte video de un mercado de Dimapur, India en el que se pueden observar entre otras cosas,\u00a0<strong>perros<\/strong>\u00a0dentro de bolsas a la espera de ser ejecutados<\/p><\/blockquote>\n<p><img data-recalc-dims=\"1\" loading=\"lazy\" decoding=\"async\" class=\"alignright size-full wp-image-760\" src=\"https:\/\/i0.wp.com\/elcentinelaformosa.com\/wp-content\/uploads\/2021\/06\/wp-162413705413959249113628682842.png?resize=669%2C476\" alt=\"\" width=\"669\" height=\"476\" srcset=\"https:\/\/i0.wp.com\/elcentinelaformosa.com\/wp-content\/uploads\/2021\/06\/wp-162413705413959249113628682842.png?w=669&amp;ssl=1 669w, https:\/\/i0.wp.com\/elcentinelaformosa.com\/wp-content\/uploads\/2021\/06\/wp-162413705413959249113628682842.png?resize=300%2C213&amp;ssl=1 300w\" sizes=\"auto, (max-width: 669px) 100vw, 669px\" \/><\/p>\n<p>, manos de monos carbonizadas y venta de carne de puescoesp\u00edn.<\/p>\n<p><img data-recalc-dims=\"1\" loading=\"lazy\" decoding=\"async\" class=\"alignright size-full wp-image-762\" src=\"https:\/\/i0.wp.com\/elcentinelaformosa.com\/wp-content\/uploads\/2021\/06\/wp-16241371026361853582641646859166.png?resize=655%2C424\" alt=\"\" width=\"655\" height=\"424\" srcset=\"https:\/\/i0.wp.com\/elcentinelaformosa.com\/wp-content\/uploads\/2021\/06\/wp-16241371026361853582641646859166.png?w=655&amp;ssl=1 655w, https:\/\/i0.wp.com\/elcentinelaformosa.com\/wp-content\/uploads\/2021\/06\/wp-16241371026361853582641646859166.png?resize=300%2C194&amp;ssl=1 300w\" sizes=\"auto, (max-width: 655px) 100vw, 655px\" \/><\/p>\n<p>El video que fue compartido para concientizar sobre el maltrato animal, muestra como dentro de este mercado se comercializan muchos animales para consumo y decoraci\u00f3n, como es el caso de las manos de mono.<\/p>\n<p>El video como una muestra \u00a0las &#8220;feroces violaciones&#8221; de la legislaci\u00f3n de protecci\u00f3n de la vida silvestre y los derechos de los animales. Tambi\u00e9n afirman que los llamados &#8220;mercados h\u00famedos&#8221;, en los que se compran y venden animales vivos,\u00a0<strong style=\"font-style: inherit;\">son &#8220;zonas de reproducci\u00f3n&#8221; de\u00a0<\/strong>enfermedades<strong>\u00a0y virus mortales.<\/strong><\/p>\n<p>Estos mercados t\u00edpicos de la India, adem\u00e1s de ser crueles e inhumanos, tambi\u00e9n son un lugar donde las pr\u00e1cticas insalubres y las carnes inusuales pueden causar brotes de\u00a0enfermedades \u00a0zoon\u00f3ticas, enfermedades que se transmiten de los animales vertebrados a los humanos.<\/p>\n<p style=\"font-style: inherit;\"><strong style=\"font-style: inherit;\">Elisa Allen<\/strong>, coment\u00f3 al\u00a0Mirror Online: &#8220;Lugares como estos, repletos de animales enfermos y estresados, son lugares de reproducci\u00f3n de enfermedades mortales. Mientras se permita que operen los mercados de animales vivos, los humanos seguir\u00e1n estando en riesgo e innumerables animales sufrir\u00e1n innecesariamente vidas miserables y una muerte violenta y dolorosa&#8221;.<\/p>\n<p>&nbsp;<\/p>\n<p>&nbsp;<\/p>\n<p><img data-recalc-dims=\"1\" loading=\"lazy\" decoding=\"async\" class=\"alignright size-full wp-image-762\" src=\"https:\/\/i0.wp.com\/elcentinelaformosa.com\/wp-content\/uploads\/2021\/06\/wp-16241371026361853582641646859166.png?resize=655%2C424\" alt=\"\" width=\"655\" height=\"424\" srcset=\"https:\/\/i0.wp.com\/elcentinelaformosa.com\/wp-content\/uploads\/2021\/06\/wp-16241371026361853582641646859166.png?w=655&amp;ssl=1 655w, https:\/\/i0.wp.com\/elcentinelaformosa.com\/wp-content\/uploads\/2021\/06\/wp-16241371026361853582641646859166.png?resize=300%2C194&amp;ssl=1 300w\" sizes=\"auto, (max-width: 655px) 100vw, 655px\" \/><\/p>\n<p>&nbsp;<\/p>\n<p>Carne de puercoesp\u00edn y manos de monos carbonizadas se venden en estos mercados.<\/p>\n<p>&nbsp;<\/p>\n<p>&nbsp;<\/p>\n<p>&nbsp;<\/p>\n<p><a href=\"https:\/\/www.lanacion.com.ar\/lifestyle\/una-mujer-filmo-completo-brutal-ataque-arana-nid2397966\">\u00a0<\/a><\/p>\n<p id=\"rop\"><small>Originally posted 2021-06-19 18:05:38. <\/small><\/p>","protected":false},"excerpt":{"rendered":"<p>PERROS ATADOS Y MANOS DE MONO: MUESTRAN EL HORROR DE UN MERCADO H\u00daMEDO EN INDIA Una organizaci\u00f3n\u00a0internacional en defensa de los animales\u00a0difundi\u00f3 un fuerte video de un mercado de Dimapur, India en el que se pueden observar entre otras cosas,\u00a0perros\u00a0dentro de bolsas a la espera de ser ejecutados , manos de monos carbonizadas y venta&#8230; <a href=\"https:\/\/elcentinelaformosa.com\/index.php\/2026\/02\/27\/que-son-los-mercados-humedos-y-sus-consecuencias-pandemias\/\">Read more: LOS MERCADOS HUMEDOS Y SUS CONSECUENCIAS: PANDEMIAS<\/a><\/p>\n","protected":false},"author":2,"featured_media":761,"comment_status":"open","ping_status":"open","sticky":false,"template":"","format":"standard","meta":{"rop_custom_images_group":[],"rop_custom_messages_group":[],"rop_publish_now":"initial","rop_publish_now_accounts":{"twitter_815903348_815903348":""},"rop_publish_now_history":[],"rop_publish_now_status":"pending","h5ap_radio_sources":[],"_jetpack_memberships_contains_paid_content":false,"footnotes":"","jetpack_publicize_message":"","jetpack_publicize_feature_enabled":true,"jetpack_social_post_already_shared":true,"jetpack_social_options":{"image_generator_settings":{"template":"highway","default_image_id":0,"font":"","enabled":false},"version":2}},"categories":[165,6,111,5,77,1],"tags":[85,89,25,30,13,12,21,181,72],"class_list":["post-758","post","type-post","status-publish","format-standard","has-post-thumbnail","hentry","category-derecho-snimal","category-el-centinela","category-entrevistas","category-local","category-redes","category-uncategorized","tag-activistas","tag-actualizacion-sobre-derecho-animal","tag-acuero-porcino-con-china","tag-alberto-fernandez","tag-argentina","tag-centinela-formosa","tag-mataderos","tag-mercados-humedos","tag-multiespecies"],"aioseo_notices":[],"jetpack_publicize_connections":[],"jetpack_featured_media_url":"https:\/\/i0.wp.com\/elcentinelaformosa.com\/wp-content\/uploads\/2021\/06\/wp-16241370845872140835933334411858.png?fit=609%2C394&ssl=1","jetpack-related-posts":[{"id":756,"url":"https:\/\/elcentinelaformosa.com\/index.php\/2026\/02\/27\/el-origen-de-la-pandemia-el-maltrato-animal\/","url_meta":{"origin":758,"position":0},"title":"EL ORIGEN DE LA PANDEMIA: EL MALTRATO ANIMAL","author":"Admin","date":"febrero 27, 2026","format":false,"excerpt":"CORONAVIRUS Y MERCADOS HUMEDOS, por qu\u00e9 son una preocupaci\u00f3n sanitaria para la OMS Los llamados \"mercados mojados\" de China se convirtieron en sin\u00f3nimo de coronavirus en diversos pa\u00edses de Occidente. Sin embargo, en Asia, \u00c1frica y otros sitios del planeta estos mercados, en los que a veces se encuentran animales\u2026","rel":"","context":"En &quot;Derecho snimal&quot;","block_context":{"text":"Derecho snimal","link":"https:\/\/elcentinelaformosa.com\/index.php\/category\/derecho-snimal\/"},"img":{"alt_text":"","src":"https:\/\/i0.wp.com\/elcentinelaformosa.com\/wp-content\/uploads\/2021\/06\/pangolin-en-mercado-chino.jpg?fit=800%2C450&ssl=1&resize=350%2C200","width":350,"height":200,"srcset":"https:\/\/i0.wp.com\/elcentinelaformosa.com\/wp-content\/uploads\/2021\/06\/pangolin-en-mercado-chino.jpg?fit=800%2C450&ssl=1&resize=350%2C200 1x, https:\/\/i0.wp.com\/elcentinelaformosa.com\/wp-content\/uploads\/2021\/06\/pangolin-en-mercado-chino.jpg?fit=800%2C450&ssl=1&resize=525%2C300 1.5x, https:\/\/i0.wp.com\/elcentinelaformosa.com\/wp-content\/uploads\/2021\/06\/pangolin-en-mercado-chino.jpg?fit=800%2C450&ssl=1&resize=700%2C400 2x"},"classes":[]},{"id":1586,"url":"https:\/\/elcentinelaformosa.com\/index.php\/2026\/01\/04\/especialista-en-derecho-animal-interviene-en-nuevo-caso-de-maltrato-y-abuso\/","url_meta":{"origin":758,"position":1},"title":"ESPECIALISTA EN DERECHO ANIMAL INTERVIENE EN NUEVO CASO DE MALTRATO Y ABUSO","author":"Admin","date":"enero 4, 2026","format":false,"excerpt":"El pasado d\u00eda jueves 09 de marzo se viralizo a trav\u00e9s de las redes sociales un caso que atenta contra los derechos del animal no humano en CABA (ciudad aut\u00f3noma de Buenos Aires) Ante los hechos trascendidos, la Dra. Laura Cecilia Velasco reconocida abogada especialista en derecho animal\u00a0 a nivel\u2026","rel":"","context":"En &quot;Derecho snimal&quot;","block_context":{"text":"Derecho snimal","link":"https:\/\/elcentinelaformosa.com\/index.php\/category\/derecho-snimal\/"},"img":{"alt_text":"","src":"https:\/\/i0.wp.com\/elcentinelaformosa.com\/wp-content\/uploads\/2021\/07\/wp-16264720224391985619108434465971.png?fit=696%2C895&ssl=1&resize=350%2C200","width":350,"height":200,"srcset":"https:\/\/i0.wp.com\/elcentinelaformosa.com\/wp-content\/uploads\/2021\/07\/wp-16264720224391985619108434465971.png?fit=696%2C895&ssl=1&resize=350%2C200 1x, https:\/\/i0.wp.com\/elcentinelaformosa.com\/wp-content\/uploads\/2021\/07\/wp-16264720224391985619108434465971.png?fit=696%2C895&ssl=1&resize=525%2C300 1.5x"},"classes":[]},{"id":1174,"url":"https:\/\/elcentinelaformosa.com\/index.php\/2026\/04\/01\/apologia-del-maltrato-animal-para-muestra-un-solo-boton-basta\/","url_meta":{"origin":758,"position":2},"title":"APOLOG\u00cdA DEL MALTRATO ANIMAL.  PARA MUESTRA&#8230;UN SOLO BOT\u00d3N BASTA","author":"Admin","date":"abril 1, 2026","format":false,"excerpt":"Sucedi\u00f3 en Tucum\u00e1n, Simoca. El pasado lunes 11 de Octubre.....no de 1816... ni siquiera de 1900...sino en la era de la tecnolog\u00eda..... siglo 21 a\u00f1o 2021. El Presidente de Argentina, Alberto Fern\u00e1ndez\u00a0 y otros funcionarios obsecuentes al poder de turno haciendo abuso\u00a0 de la inocencia de los animales que no\u2026","rel":"","context":"En &quot;Derecho snimal&quot;","block_context":{"text":"Derecho snimal","link":"https:\/\/elcentinelaformosa.com\/index.php\/category\/derecho-snimal\/"},"img":{"alt_text":"","src":"https:\/\/i0.wp.com\/elcentinelaformosa.com\/wp-content\/uploads\/2021\/10\/wp-1634554145768.gif?fit=322%2C359&ssl=1&resize=350%2C200","width":350,"height":200},"classes":[]},{"id":1801,"url":"https:\/\/elcentinelaformosa.com\/index.php\/2026\/04\/01\/trafico-de-animales-en-formosa-cuatro-monos-titi-fueron-rescatados\/","url_meta":{"origin":758,"position":3},"title":"TR\u00c1FICO ILEGAL DE ANIMALES EN FORMOSA. CUATRO MONOS TITI FUERON RESCATADOS","author":"Admin","date":"abril 1, 2026","format":false,"excerpt":"Al inspeccionar el transporte, los funcionarios advirtieron la presencia de los mam\u00edferos al escuchar ruidos extra\u00f1os que proven\u00edan de la cabina. Ante el hallazgo y al estar en infracci\u00f3n a la Ley 22.421 \"Conservaci\u00f3n de la Fauna Silvestre\", los gendarmes procedieron a rescatarlos. Luego, los animales fueron llevados hacia a\u2026","rel":"","context":"En &quot;El Centinela&quot;","block_context":{"text":"El Centinela","link":"https:\/\/elcentinelaformosa.com\/index.php\/category\/el-centinela\/"},"img":{"alt_text":"","src":"https:\/\/i0.wp.com\/elcentinelaformosa.com\/wp-content\/uploads\/2024\/05\/Screenshot_20240528-051609.png?fit=958%2C741&ssl=1&resize=350%2C200","width":350,"height":200,"srcset":"https:\/\/i0.wp.com\/elcentinelaformosa.com\/wp-content\/uploads\/2024\/05\/Screenshot_20240528-051609.png?fit=958%2C741&ssl=1&resize=350%2C200 1x, https:\/\/i0.wp.com\/elcentinelaformosa.com\/wp-content\/uploads\/2024\/05\/Screenshot_20240528-051609.png?fit=958%2C741&ssl=1&resize=525%2C300 1.5x, https:\/\/i0.wp.com\/elcentinelaformosa.com\/wp-content\/uploads\/2024\/05\/Screenshot_20240528-051609.png?fit=958%2C741&ssl=1&resize=700%2C400 2x"},"classes":[]},{"id":683,"url":"https:\/\/elcentinelaformosa.com\/index.php\/2026\/02\/27\/la-policia-de-insfran-en-formosa-y-la-violencia-contra-los-animales\/","url_meta":{"origin":758,"position":4},"title":"LA POLIC\u00cdA DE INSFRAN EN FORMOSA Y LA VIOLENCIA CONTRA LOS ANIMALES","author":"Admin","date":"febrero 27, 2026","format":false,"excerpt":"Una vez m\u00e1s, el Gobierno de Insfran muestra el lado m\u00e1s oscuro contra los animales, y los m\u00e1s pobres. Dem\u00e1s estar\u00eda decir que si las familias son pobres y no se pueden defender, los animales est\u00e1n a\u00fan en mayor desventaja porque muy pocos se percatan del sufrimiento que pasan. Una\u2026","rel":"","context":"En &quot;El Centinela&quot;","block_context":{"text":"El Centinela","link":"https:\/\/elcentinelaformosa.com\/index.php\/category\/el-centinela\/"},"img":{"alt_text":"","src":"https:\/\/i0.wp.com\/elcentinelaformosa.com\/wp-content\/uploads\/2021\/05\/wp-16223045452378568364636285660945.jpg?resize=350%2C200","width":350,"height":200,"srcset":"https:\/\/i0.wp.com\/elcentinelaformosa.com\/wp-content\/uploads\/2021\/05\/wp-16223045452378568364636285660945.jpg?resize=350%2C200 1x, https:\/\/i0.wp.com\/elcentinelaformosa.com\/wp-content\/uploads\/2021\/05\/wp-16223045452378568364636285660945.jpg?resize=525%2C300 1.5x, https:\/\/i0.wp.com\/elcentinelaformosa.com\/wp-content\/uploads\/2021\/05\/wp-16223045452378568364636285660945.jpg?resize=700%2C400 2x"},"classes":[]},{"id":1597,"url":"https:\/\/elcentinelaformosa.com\/index.php\/2026\/02\/27\/caba-rapida-respuesta-de-la-justicia-ante-denuncia-por-maltrato-animal\/","url_meta":{"origin":758,"position":5},"title":"CABA: R\u00c1PIDA RESPUESTA DE LA JUSTICIA ANTE DENUNCIA POR MALTRATO ANIMAL","author":"Admin","date":"febrero 27, 2026","format":false,"excerpt":"Tal como lo hab\u00eda anticipado el d\u00eda de ayer jueves 09 en\u00a0 la entrevista,\u00a0 la especialista en derecho animal, doctora Laura Cecilia Velasco hoy viernes 10 confirm\u00f3 la r\u00e1pida intervenci\u00f3n de la justicia en el caso de maltrato animal y posible abuso. Se logr\u00f3 el rescate de los caninos del\u2026","rel":"","context":"En &quot;Derecho snimal&quot;","block_context":{"text":"Derecho snimal","link":"https:\/\/elcentinelaformosa.com\/index.php\/category\/derecho-snimal\/"},"img":{"alt_text":"","src":"https:\/\/i0.wp.com\/elcentinelaformosa.com\/wp-content\/uploads\/2021\/07\/wp-16264720224391985619108434465971.png?fit=696%2C895&ssl=1&resize=350%2C200","width":350,"height":200,"srcset":"https:\/\/i0.wp.com\/elcentinelaformosa.com\/wp-content\/uploads\/2021\/07\/wp-16264720224391985619108434465971.png?fit=696%2C895&ssl=1&resize=350%2C200 1x, https:\/\/i0.wp.com\/elcentinelaformosa.com\/wp-content\/uploads\/2021\/07\/wp-16264720224391985619108434465971.png?fit=696%2C895&ssl=1&resize=525%2C300 1.5x"},"classes":[]}],"jetpack_sharing_enabled":true,"jetpack_likes_enabled":true,"_links":{"self":[{"href":"https:\/\/elcentinelaformosa.com\/index.php\/wp-json\/wp\/v2\/posts\/758","targetHints":{"allow":["GET"]}}],"collection":[{"href":"https:\/\/elcentinelaformosa.com\/index.php\/wp-json\/wp\/v2\/posts"}],"about":[{"href":"https:\/\/elcentinelaformosa.com\/index.php\/wp-json\/wp\/v2\/types\/post"}],"author":[{"embeddable":true,"href":"https:\/\/elcentinelaformosa.com\/index.php\/wp-json\/wp\/v2\/users\/2"}],"replies":[{"embeddable":true,"href":"https:\/\/elcentinelaformosa.com\/index.php\/wp-json\/wp\/v2\/comments?post=758"}],"version-history":[{"count":4,"href":"https:\/\/elcentinelaformosa.com\/index.php\/wp-json\/wp\/v2\/posts\/758\/revisions"}],"predecessor-version":[{"id":767,"href":"https:\/\/elcentinelaformosa.com\/index.php\/wp-json\/wp\/v2\/posts\/758\/revisions\/767"}],"wp:featuredmedia":[{"embeddable":true,"href":"https:\/\/elcentinelaformosa.com\/index.php\/wp-json\/wp\/v2\/media\/761"}],"wp:attachment":[{"href":"https:\/\/elcentinelaformosa.com\/index.php\/wp-json\/wp\/v2\/media?parent=758"}],"wp:term":[{"taxonomy":"category","embeddable":true,"href":"https:\/\/elcentinelaformosa.com\/index.php\/wp-json\/wp\/v2\/categories?post=758"},{"taxonomy":"post_tag","embeddable":true,"href":"https:\/\/elcentinelaformosa.com\/index.php\/wp-json\/wp\/v2\/tags?post=758"}],"curies":[{"name":"wp","href":"https:\/\/api.w.org\/{rel}","templated":true}]}}