{"id":796,"date":"2026-02-27T11:02:47","date_gmt":"2026-02-27T14:02:47","guid":{"rendered":"https:\/\/elcentinelaformosa.com\/?p=796"},"modified":"2026-02-27T11:02:47","modified_gmt":"2026-02-27T14:02:47","slug":"abogadas-proteccionistas-laura-velasco-y-edith-schenone-denuncian-presunta-faena-canina-rn-un-comedor-de-quilmes","status":"publish","type":"post","link":"https:\/\/elcentinelaformosa.com\/index.php\/2026\/02\/27\/abogadas-proteccionistas-laura-velasco-y-edith-schenone-denuncian-presunta-faena-canina-rn-un-comedor-de-quilmes\/","title":{"rendered":"ABOGADAS PROTECCIONISTAS LAURA VELASCO,  EDITH SCHENONE Y ANA MARIA RUIZ DENUNCIAN PRESUNTA FAENA CANINA EN UN COMEDOR COMUNITARIO  DE  QUILMES"},"content":{"rendered":"<p>&nbsp;<\/p>\n<p>MUNICIPIO DE LA ULTRA K MAYRA MENDOZA, MIMADA DE CFK.<\/p>\n<p>Video viral en Quilmes: Carnean perro para una olla popular?<\/p>\n<div style=\"width: 560px;\" class=\"wp-video\"><video class=\"wp-video-shortcode\" id=\"video-796-1\" width=\"560\" height=\"480\" preload=\"metadata\" controls=\"controls\"><source type=\"video\/mp4\" src=\"http:\/\/elcentinelaformosa.com\/wp-content\/uploads\/2021\/06\/wp-1624385139994.mp4?_=1\" \/><a href=\"http:\/\/elcentinelaformosa.com\/wp-content\/uploads\/2021\/06\/wp-1624385139994.mp4\">http:\/\/elcentinelaformosa.com\/wp-content\/uploads\/2021\/06\/wp-1624385139994.mp4<\/a><\/video><\/div>\n<p>&nbsp;<\/p>\n<p>En las \u00faltimas horas, un video subido a redes sociales se volvi\u00f3 viral r\u00e1pidamente: en el material f\u00edlmico, una persona supone que en un comedor de Quilmes se carnean perros, pero la situaci\u00f3n fue desmentida por las autoridades.<\/p>\n<p>Un vecino que grab\u00f3 la situaci\u00f3n con su celular supuso que en la olla popular se realizaba faena de caninos. Ese material fue difundido r\u00e1pidamente por usuarios de Twitter, Instagram y Facebook, generando miles de comentarios.<\/p>\n<p>Seg\u00fan los representantes del Comedor Ni\u00f1os con Sue\u00f1os, lugar en cuesti\u00f3n donde se puede observar a un hombre cortarle la cabeza a un animal, aseguraron que no se trataba de un perro, sino que era un ternero nonato.<\/p>\n<p>La denuncia para la investigaci\u00f3n y posterior decisi\u00f3n de la justicia ya est\u00e1 realizada por la representante de la Asociaci\u00f3n iberoamericana del derecho animalla doctora Laura Velasco, la doctora Edith Schenone y la doctora Ana Mar\u00eda Ruiz.<\/p>\n<p><img data-recalc-dims=\"1\" loading=\"lazy\" decoding=\"async\" class=\"alignright size-full wp-image-798\" src=\"https:\/\/i0.wp.com\/elcentinelaformosa.com\/wp-content\/uploads\/2021\/06\/wp-16243854046482756056298744804048.png?resize=700%2C679\" alt=\"\" width=\"700\" height=\"679\" srcset=\"https:\/\/i0.wp.com\/elcentinelaformosa.com\/wp-content\/uploads\/2021\/06\/wp-16243854046482756056298744804048.png?w=718&amp;ssl=1 718w, https:\/\/i0.wp.com\/elcentinelaformosa.com\/wp-content\/uploads\/2021\/06\/wp-16243854046482756056298744804048.png?resize=300%2C291&amp;ssl=1 300w\" sizes=\"auto, (max-width: 700px) 100vw, 700px\" \/><\/p>\n<p><img data-recalc-dims=\"1\" loading=\"lazy\" decoding=\"async\" class=\"alignright size-full wp-image-476\" src=\"https:\/\/i0.wp.com\/elcentinelaformosa.com\/wp-content\/uploads\/2020\/11\/IMG-20201125-WA0003.jpg?resize=690%2C412\" alt=\"\" width=\"690\" height=\"412\" srcset=\"https:\/\/i0.wp.com\/elcentinelaformosa.com\/wp-content\/uploads\/2020\/11\/IMG-20201125-WA0003.jpg?w=690&amp;ssl=1 690w, https:\/\/i0.wp.com\/elcentinelaformosa.com\/wp-content\/uploads\/2020\/11\/IMG-20201125-WA0003.jpg?resize=300%2C179&amp;ssl=1 300w\" sizes=\"auto, (max-width: 690px) 100vw, 690px\" \/><\/p>\n<p>&nbsp;<\/p>\n<p>&nbsp;<\/p>\n<p>&nbsp;<\/p>\n<p>&nbsp;<\/p>\n<p><img data-recalc-dims=\"1\" loading=\"lazy\" decoding=\"async\" class=\"alignright size-full wp-image-495\" src=\"https:\/\/i0.wp.com\/elcentinelaformosa.com\/wp-content\/uploads\/2020\/12\/images-10.jpg?resize=300%2C168\" alt=\"\" width=\"300\" height=\"168\" \/><\/p>\n<p>&nbsp;<\/p>\n<p>&nbsp;<\/p>\n<p>&nbsp;<\/p>\n<p>&nbsp;<\/p>\n<p>&nbsp;<\/p>\n<p>&nbsp;<\/p>\n<p>Las Organizaciones No Gubernamentales (ONG) que trabajan por el cuidado de los animales realizaron la correspondiente denuncia en la comisar\u00eda, por lo que la persona que aparece en el video haciendo la faena se present\u00f3 en la seccional para explicar que no se trataba de un perro, sino de un ternero, por lo que la Justicia ser\u00e1 la encargada de esclarecer el hecho.<\/p>\n<p><img data-recalc-dims=\"1\" loading=\"lazy\" decoding=\"async\" class=\"alignright size-full wp-image-797\" src=\"https:\/\/i0.wp.com\/elcentinelaformosa.com\/wp-content\/uploads\/2021\/06\/wp-1624385319569181501366550779384.png?resize=700%2C639\" alt=\"\" width=\"700\" height=\"639\" srcset=\"https:\/\/i0.wp.com\/elcentinelaformosa.com\/wp-content\/uploads\/2021\/06\/wp-1624385319569181501366550779384.png?w=720&amp;ssl=1 720w, https:\/\/i0.wp.com\/elcentinelaformosa.com\/wp-content\/uploads\/2021\/06\/wp-1624385319569181501366550779384.png?resize=300%2C274&amp;ssl=1 300w\" sizes=\"auto, (max-width: 700px) 100vw, 700px\" \/><\/p>\n<p id=\"rop\"><small>Originally posted 2021-06-22 15:23:52. <\/small><\/p>","protected":false},"excerpt":{"rendered":"<p>&nbsp; MUNICIPIO DE LA ULTRA K MAYRA MENDOZA, MIMADA DE CFK. Video viral en Quilmes: Carnean perro para una olla popular? &nbsp; En las \u00faltimas horas, un video subido a redes sociales se volvi\u00f3 viral r\u00e1pidamente: en el material f\u00edlmico, una persona supone que en un comedor de Quilmes se carnean perros, pero la situaci\u00f3n&#8230; <a href=\"https:\/\/elcentinelaformosa.com\/index.php\/2026\/02\/27\/abogadas-proteccionistas-laura-velasco-y-edith-schenone-denuncian-presunta-faena-canina-rn-un-comedor-de-quilmes\/\">Read more: ABOGADAS PROTECCIONISTAS LAURA VELASCO,  EDITH SCHENONE Y ANA MARIA RUIZ DENUNCIAN PRESUNTA FAENA CANINA EN UN COMEDOR COMUNITARIO  DE  QUILMES<\/a><\/p>\n","protected":false},"author":2,"featured_media":791,"comment_status":"open","ping_status":"open","sticky":false,"template":"","format":"standard","meta":{"rop_custom_images_group":[],"rop_custom_messages_group":[],"rop_publish_now":"initial","rop_publish_now_accounts":{"twitter_815903348_815903348":""},"rop_publish_now_history":[],"rop_publish_now_status":"pending","h5ap_radio_sources":[],"_jetpack_memberships_contains_paid_content":false,"footnotes":"","jetpack_publicize_message":"","jetpack_publicize_feature_enabled":true,"jetpack_social_post_already_shared":true,"jetpack_social_options":{"image_generator_settings":{"template":"highway","default_image_id":0,"font":"","enabled":false},"version":2}},"categories":[165,6,111,77,1],"tags":[7,189,30,13,12,192,57,191,188,56,21,190],"class_list":["post-796","post","type-post","status-publish","format-standard","has-post-thumbnail","hentry","category-derecho-snimal","category-el-centinela","category-entrevistas","category-redes","category-uncategorized","tag-bastadefalsassoluciones","tag-abogada-proteccionista","tag-alberto-fernandez","tag-argentina","tag-centinela-formosa","tag-comedor-comunitario","tag-doctora-laura-velasco","tag-edith-schenone","tag-faela-canina","tag-laura-velasco","tag-mataderos","tag-quilmes"],"aioseo_notices":[],"jetpack_publicize_connections":[],"jetpack_featured_media_url":"https:\/\/i0.wp.com\/elcentinelaformosa.com\/wp-content\/uploads\/2021\/06\/wp-16243848610863816112206804627601.jpg?fit=671%2C445&ssl=1","jetpack-related-posts":[{"id":1586,"url":"https:\/\/elcentinelaformosa.com\/index.php\/2026\/01\/04\/especialista-en-derecho-animal-interviene-en-nuevo-caso-de-maltrato-y-abuso\/","url_meta":{"origin":796,"position":0},"title":"ESPECIALISTA EN DERECHO ANIMAL INTERVIENE EN NUEVO CASO DE MALTRATO Y ABUSO","author":"Admin","date":"enero 4, 2026","format":false,"excerpt":"El pasado d\u00eda jueves 09 de marzo se viralizo a trav\u00e9s de las redes sociales un caso que atenta contra los derechos del animal no humano en CABA (ciudad aut\u00f3noma de Buenos Aires) Ante los hechos trascendidos, la Dra. Laura Cecilia Velasco reconocida abogada especialista en derecho animal\u00a0 a nivel\u2026","rel":"","context":"En &quot;Derecho snimal&quot;","block_context":{"text":"Derecho snimal","link":"https:\/\/elcentinelaformosa.com\/index.php\/category\/derecho-snimal\/"},"img":{"alt_text":"","src":"https:\/\/i0.wp.com\/elcentinelaformosa.com\/wp-content\/uploads\/2021\/07\/wp-16264720224391985619108434465971.png?fit=696%2C895&ssl=1&resize=350%2C200","width":350,"height":200,"srcset":"https:\/\/i0.wp.com\/elcentinelaformosa.com\/wp-content\/uploads\/2021\/07\/wp-16264720224391985619108434465971.png?fit=696%2C895&ssl=1&resize=350%2C200 1x, https:\/\/i0.wp.com\/elcentinelaformosa.com\/wp-content\/uploads\/2021\/07\/wp-16264720224391985619108434465971.png?fit=696%2C895&ssl=1&resize=525%2C300 1.5x"},"classes":[]},{"id":1039,"url":"https:\/\/elcentinelaformosa.com\/index.php\/2026\/04\/01\/quilmes-tragico-incendio-en-refugio-de-animalescon-victimas-fatales\/","url_meta":{"origin":796,"position":1},"title":"QUILMES: TR\u00c1GICO INCENDIO EN REFUGIO DE ANIMALES HUBO  V\u00cdCTIMAS FATALES","author":"Admin","date":"abril 1, 2026","format":false,"excerpt":"La investigaci\u00f3n del inicio del fuego sigue en proceso aunque sospechan que fue intencional. Mientras tanto, Adopciones Quilmes necesita donaciones para recuperar los recursos materiales que perdieron para seguir ayudando a los animales de la calle. La investigaci\u00f3n del inicio del fuego sigue en proceso aunque sospechan que fue intencional.\u2026","rel":"","context":"En &quot;Derecho snimal&quot;","block_context":{"text":"Derecho snimal","link":"https:\/\/elcentinelaformosa.com\/index.php\/category\/derecho-snimal\/"},"img":{"alt_text":"","src":"https:\/\/i0.wp.com\/elcentinelaformosa.com\/wp-content\/uploads\/2021\/08\/QUILMES.jpg?fit=638%2C366&ssl=1&resize=350%2C200","width":350,"height":200,"srcset":"https:\/\/i0.wp.com\/elcentinelaformosa.com\/wp-content\/uploads\/2021\/08\/QUILMES.jpg?fit=638%2C366&ssl=1&resize=350%2C200 1x, https:\/\/i0.wp.com\/elcentinelaformosa.com\/wp-content\/uploads\/2021\/08\/QUILMES.jpg?fit=638%2C366&ssl=1&resize=525%2C300 1.5x"},"classes":[]},{"id":1073,"url":"https:\/\/elcentinelaformosa.com\/index.php\/2026\/04\/01\/viernes-de-lujo-academico-los-carpinchos-al-amparo-de-la-ley\/","url_meta":{"origin":796,"position":2},"title":"VIERNES DE LUJO ACAD\u00c9MICO: LOS CARPINCHOS AL AMPARO DE LA LEY","author":"Admin","date":"abril 1, 2026","format":false,"excerpt":"Durante el transcurso de la tarde de hoy, viernes 3 de septiembre se realiz\u00f3 un importante \u00a0evento organizado por el Colegio de Abogados de Avellaneda, Lan\u00fas, con la participaci\u00f3n de profesionales y especialistas en derecho animal. El abordaje de la tem\u00e1tica\/ problem\u00e1tica desde lo jur\u00eddico: la situaci\u00f3n de los Carpinchos\u2026","rel":"","context":"En &quot;Derecho snimal&quot;","block_context":{"text":"Derecho snimal","link":"https:\/\/elcentinelaformosa.com\/index.php\/category\/derecho-snimal\/"},"img":{"alt_text":"","src":"https:\/\/i0.wp.com\/elcentinelaformosa.com\/wp-content\/uploads\/2021\/09\/disertacion-de-hoy.jpg?fit=819%2C603&ssl=1&resize=350%2C200","width":350,"height":200,"srcset":"https:\/\/i0.wp.com\/elcentinelaformosa.com\/wp-content\/uploads\/2021\/09\/disertacion-de-hoy.jpg?fit=819%2C603&ssl=1&resize=350%2C200 1x, https:\/\/i0.wp.com\/elcentinelaformosa.com\/wp-content\/uploads\/2021\/09\/disertacion-de-hoy.jpg?fit=819%2C603&ssl=1&resize=525%2C300 1.5x, https:\/\/i0.wp.com\/elcentinelaformosa.com\/wp-content\/uploads\/2021\/09\/disertacion-de-hoy.jpg?fit=819%2C603&ssl=1&resize=700%2C400 2x"},"classes":[]},{"id":1303,"url":"https:\/\/elcentinelaformosa.com\/index.php\/2026\/04\/01\/doctora-laura-velasco-introducire-el-ecocidio-y-biocidio-en-una-presentacion-para-que-se-investigue-lo-que-sucede-en-los-incendios-de-corrientes\/","url_meta":{"origin":796,"position":3},"title":"DOCTORA LAURA VELASCO: \u00abIntroducir\u00e9 el ecocidio y biocidio en una presentaci\u00f3n para que se investigue lo que sucede en los incendios de Corrientes\u00bb","author":"Admin","date":"abril 1, 2026","format":false,"excerpt":"\u00a0La abogada especialista Laura Velasco: \u00abIntroducir\u00e9 el ecocidio y biocidio en una presentaci\u00f3n para que se investigue lo que sucede en los incendios de Corrientes\u00bb en derecho animal habl\u00f3 en la 99.9 sobre un pedido presentado en la UFIMA para que se investigue quienes son los autores, co-autores, c\u00f3mplices y\u2026","rel":"","context":"En &quot;Derecho snimal&quot;","block_context":{"text":"Derecho snimal","link":"https:\/\/elcentinelaformosa.com\/index.php\/category\/derecho-snimal\/"},"img":{"alt_text":"","src":"https:\/\/i0.wp.com\/elcentinelaformosa.com\/wp-content\/uploads\/2022\/02\/Screenshot_20220226-201617.png?fit=826%2C860&ssl=1&resize=350%2C200","width":350,"height":200,"srcset":"https:\/\/i0.wp.com\/elcentinelaformosa.com\/wp-content\/uploads\/2022\/02\/Screenshot_20220226-201617.png?fit=826%2C860&ssl=1&resize=350%2C200 1x, https:\/\/i0.wp.com\/elcentinelaformosa.com\/wp-content\/uploads\/2022\/02\/Screenshot_20220226-201617.png?fit=826%2C860&ssl=1&resize=525%2C300 1.5x, https:\/\/i0.wp.com\/elcentinelaformosa.com\/wp-content\/uploads\/2022\/02\/Screenshot_20220226-201617.png?fit=826%2C860&ssl=1&resize=700%2C400 2x"},"classes":[]},{"id":1560,"url":"https:\/\/elcentinelaformosa.com\/index.php\/2026\/01\/04\/la-doctora-laura-velasco-representara-a-argentina-en-la-3conferencia-internacional-ilas-hufs-hk-2023\/","url_meta":{"origin":796,"position":4},"title":"LA DOCTORA LAURA VELASCO REPRESENTARA A ARGENTINA EN LA 3\u00b0CONFERENCIA  INTERNACIONAL ILAS-HUFS HK+ 2023","author":"Admin","date":"enero 4, 2026","format":false,"excerpt":"La Dra Laura Cecilia Velasco Pionera en Derecho Animal Creadora y Directora de la Revista Jur\u00eddica de Derecho Animal de IJEditores, participar\u00e1 por nuestro pa\u00eds y como Vicepresidenta internacional adjunta de Am\u00e9rica del Sur por ILBPA- Internacional Legal Bar & Profissional Association en la 3\u00aa Conferencia Internacional ILAS-HUFS HK+ 2023,\u2026","rel":"","context":"En &quot;Congresos y Conferencias&quot;","block_context":{"text":"Congresos y Conferencias","link":"https:\/\/elcentinelaformosa.com\/index.php\/category\/congresos-y-conferencias\/"},"img":{"alt_text":"","src":"https:\/\/i0.wp.com\/elcentinelaformosa.com\/wp-content\/uploads\/2023\/01\/img-20230113-wa00133505341314930540405.jpg?fit=848%2C1200&ssl=1&resize=350%2C200","width":350,"height":200,"srcset":"https:\/\/i0.wp.com\/elcentinelaformosa.com\/wp-content\/uploads\/2023\/01\/img-20230113-wa00133505341314930540405.jpg?fit=848%2C1200&ssl=1&resize=350%2C200 1x, https:\/\/i0.wp.com\/elcentinelaformosa.com\/wp-content\/uploads\/2023\/01\/img-20230113-wa00133505341314930540405.jpg?fit=848%2C1200&ssl=1&resize=525%2C300 1.5x, https:\/\/i0.wp.com\/elcentinelaformosa.com\/wp-content\/uploads\/2023\/01\/img-20230113-wa00133505341314930540405.jpg?fit=848%2C1200&ssl=1&resize=700%2C400 2x"},"classes":[]},{"id":1597,"url":"https:\/\/elcentinelaformosa.com\/index.php\/2026\/02\/27\/caba-rapida-respuesta-de-la-justicia-ante-denuncia-por-maltrato-animal\/","url_meta":{"origin":796,"position":5},"title":"CABA: R\u00c1PIDA RESPUESTA DE LA JUSTICIA ANTE DENUNCIA POR MALTRATO ANIMAL","author":"Admin","date":"febrero 27, 2026","format":false,"excerpt":"Tal como lo hab\u00eda anticipado el d\u00eda de ayer jueves 09 en\u00a0 la entrevista,\u00a0 la especialista en derecho animal, doctora Laura Cecilia Velasco hoy viernes 10 confirm\u00f3 la r\u00e1pida intervenci\u00f3n de la justicia en el caso de maltrato animal y posible abuso. Se logr\u00f3 el rescate de los caninos del\u2026","rel":"","context":"En &quot;Derecho snimal&quot;","block_context":{"text":"Derecho snimal","link":"https:\/\/elcentinelaformosa.com\/index.php\/category\/derecho-snimal\/"},"img":{"alt_text":"","src":"https:\/\/i0.wp.com\/elcentinelaformosa.com\/wp-content\/uploads\/2021\/07\/wp-16264720224391985619108434465971.png?fit=696%2C895&ssl=1&resize=350%2C200","width":350,"height":200,"srcset":"https:\/\/i0.wp.com\/elcentinelaformosa.com\/wp-content\/uploads\/2021\/07\/wp-16264720224391985619108434465971.png?fit=696%2C895&ssl=1&resize=350%2C200 1x, https:\/\/i0.wp.com\/elcentinelaformosa.com\/wp-content\/uploads\/2021\/07\/wp-16264720224391985619108434465971.png?fit=696%2C895&ssl=1&resize=525%2C300 1.5x"},"classes":[]}],"jetpack_sharing_enabled":true,"jetpack_likes_enabled":true,"_links":{"self":[{"href":"https:\/\/elcentinelaformosa.com\/index.php\/wp-json\/wp\/v2\/posts\/796","targetHints":{"allow":["GET"]}}],"collection":[{"href":"https:\/\/elcentinelaformosa.com\/index.php\/wp-json\/wp\/v2\/posts"}],"about":[{"href":"https:\/\/elcentinelaformosa.com\/index.php\/wp-json\/wp\/v2\/types\/post"}],"author":[{"embeddable":true,"href":"https:\/\/elcentinelaformosa.com\/index.php\/wp-json\/wp\/v2\/users\/2"}],"replies":[{"embeddable":true,"href":"https:\/\/elcentinelaformosa.com\/index.php\/wp-json\/wp\/v2\/comments?post=796"}],"version-history":[{"count":6,"href":"https:\/\/elcentinelaformosa.com\/index.php\/wp-json\/wp\/v2\/posts\/796\/revisions"}],"predecessor-version":[{"id":807,"href":"https:\/\/elcentinelaformosa.com\/index.php\/wp-json\/wp\/v2\/posts\/796\/revisions\/807"}],"wp:featuredmedia":[{"embeddable":true,"href":"https:\/\/elcentinelaformosa.com\/index.php\/wp-json\/wp\/v2\/media\/791"}],"wp:attachment":[{"href":"https:\/\/elcentinelaformosa.com\/index.php\/wp-json\/wp\/v2\/media?parent=796"}],"wp:term":[{"taxonomy":"category","embeddable":true,"href":"https:\/\/elcentinelaformosa.com\/index.php\/wp-json\/wp\/v2\/categories?post=796"},{"taxonomy":"post_tag","embeddable":true,"href":"https:\/\/elcentinelaformosa.com\/index.php\/wp-json\/wp\/v2\/tags?post=796"}],"curies":[{"name":"wp","href":"https:\/\/api.w.org\/{rel}","templated":true}]}}