{"id":935,"date":"2026-04-01T10:15:43","date_gmt":"2026-04-01T13:15:43","guid":{"rendered":"https:\/\/elcentinelaformosa.com\/?p=935"},"modified":"2026-04-01T10:15:43","modified_gmt":"2026-04-01T13:15:43","slug":"formosa-proteccionistas-del-derecho-animal-presentan-reiteran-denuncia-en-la-justicia-provincial-por-maltrato-y-crueldad-contra-un-equino","status":"publish","type":"post","link":"https:\/\/elcentinelaformosa.com\/index.php\/2026\/04\/01\/formosa-proteccionistas-del-derecho-animal-presentan-reiteran-denuncia-en-la-justicia-provincial-por-maltrato-y-crueldad-contra-un-equino\/","title":{"rendered":"FORMOSA: PROTECCIONISTAS DEL DERECHO ANIMAL REITERAN  DENUNCIAS EN LA JUSTICIA PROVINCIAL POR MALTRATO Y CRUELDAD CONTRA UN EQUINO"},"content":{"rendered":"<p>&nbsp;<\/p>\n<p>LOS DENUNCIANTES EST\u00c1N PATROCINADOS POR LA TITULAR DEL INSTITUTO IBEROAMERICANO DE DERECHO ANIMAL, CONFERENCISTA INTERNACIONAL SOBRE DERECHOS DE PERSONAS NO HUMANAS, LAURA CECILIA VELASCO.<\/p>\n<p><img data-recalc-dims=\"1\" loading=\"lazy\" decoding=\"async\" class=\"aligncenter size-full wp-image-934\" src=\"https:\/\/i0.wp.com\/elcentinelaformosa.com\/wp-content\/uploads\/2021\/07\/wp-16264720224391985619108434465971.png?resize=696%2C895\" alt=\"\" width=\"696\" height=\"895\" srcset=\"https:\/\/i0.wp.com\/elcentinelaformosa.com\/wp-content\/uploads\/2021\/07\/wp-16264720224391985619108434465971.png?w=696&amp;ssl=1 696w, https:\/\/i0.wp.com\/elcentinelaformosa.com\/wp-content\/uploads\/2021\/07\/wp-16264720224391985619108434465971.png?resize=233%2C300&amp;ssl=1 233w, https:\/\/i0.wp.com\/elcentinelaformosa.com\/wp-content\/uploads\/2021\/07\/wp-16264720224391985619108434465971.png?resize=597%2C768&amp;ssl=1 597w\" sizes=\"auto, (max-width: 696px) 100vw, 696px\" \/><\/p>\n<p>LA DEVOLUCI\u00d3N POR PARTE DE LA POLIC\u00cdA DEL ANIMAL AL MALTRATADOR, MOTIV\u00d3 A LOS PROTECCIONISTAS A PEDIR AYUDA A LA TITULAR DEL INSTITUTO IBEROAMERICANO DEL DERECHO ANIMAL, QUE ENCABEZA EL CPACF COLEGIO PUBLICO DE ABOGADOS DE CAPITAL FEDERAL, LA CRIMINOLOGA Y ASESORA DEL FBI EN LA ARGENTINA, DOCTORA LAURA CECILIA VELASCO.<\/p>\n<p><img data-recalc-dims=\"1\" loading=\"lazy\" decoding=\"async\" class=\"aligncenter size-full wp-image-931\" src=\"https:\/\/i0.wp.com\/elcentinelaformosa.com\/wp-content\/uploads\/2021\/07\/wp-16264719099674033396081895959487.png?resize=700%2C1011\" alt=\"\" width=\"700\" height=\"1011\" srcset=\"https:\/\/i0.wp.com\/elcentinelaformosa.com\/wp-content\/uploads\/2021\/07\/wp-16264719099674033396081895959487.png?w=720&amp;ssl=1 720w, https:\/\/i0.wp.com\/elcentinelaformosa.com\/wp-content\/uploads\/2021\/07\/wp-16264719099674033396081895959487.png?resize=208%2C300&amp;ssl=1 208w, https:\/\/i0.wp.com\/elcentinelaformosa.com\/wp-content\/uploads\/2021\/07\/wp-16264719099674033396081895959487.png?resize=709%2C1024&amp;ssl=1 709w, https:\/\/i0.wp.com\/elcentinelaformosa.com\/wp-content\/uploads\/2021\/07\/wp-16264719099674033396081895959487.png?resize=532%2C768&amp;ssl=1 532w\" sizes=\"auto, (max-width: 700px) 100vw, 700px\" \/><\/p>\n<p>Los proteccionistas formose\u00f1os denunciaron ante el Instituto Iberoamericano del Derecho ANIMAL y ante la titular del CPACF y miembro de AIDCA, la conocida profesional del Derecho animal Doctora Laura Cecilia Velasco quien inmediatamente se hizo eco del pedido y se comunico con las autoridades formose\u00f1as de la prevenci\u00f3n, a quienes solicito colaboraci\u00f3n, la destacada profesional lament\u00f3 la falta de colaboraci\u00f3n de la polic\u00eda de Formosa, &#8221; no me facilitaron el nro de expediente de la denuncia hecha por los proteccionistas en la COMISARIA 6ta de la capital provincial&#8221; manifest\u00f3 la profesional del Derecho, &#8221; esto lo estamos estudiando ya que cabe la posibilidad de denunciar esta actitud que podr\u00eda configurarse en &#8221; obstrucci\u00f3n a la Justicia &#8221; Explic\u00f3 Velasco.<\/p>\n<p><img data-recalc-dims=\"1\" loading=\"lazy\" decoding=\"async\" class=\"aligncenter size-full wp-image-933\" src=\"https:\/\/i0.wp.com\/elcentinelaformosa.com\/wp-content\/uploads\/2021\/07\/wp-16264719978422666568322806476957.png?resize=700%2C1183\" alt=\"\" width=\"700\" height=\"1183\" srcset=\"https:\/\/i0.wp.com\/elcentinelaformosa.com\/wp-content\/uploads\/2021\/07\/wp-16264719978422666568322806476957.png?w=714&amp;ssl=1 714w, https:\/\/i0.wp.com\/elcentinelaformosa.com\/wp-content\/uploads\/2021\/07\/wp-16264719978422666568322806476957.png?resize=177%2C300&amp;ssl=1 177w, https:\/\/i0.wp.com\/elcentinelaformosa.com\/wp-content\/uploads\/2021\/07\/wp-16264719978422666568322806476957.png?resize=606%2C1024&amp;ssl=1 606w, https:\/\/i0.wp.com\/elcentinelaformosa.com\/wp-content\/uploads\/2021\/07\/wp-16264719978422666568322806476957.png?resize=454%2C768&amp;ssl=1 454w\" sizes=\"auto, (max-width: 700px) 100vw, 700px\" \/><br \/>\nLa abogada es una de las expertas en Derecho ANIMAL de la Naci\u00f3n, que promueve la aprobaci\u00f3n de la Ley NomasTas en la Argentina, tambi\u00e9n quien denunci\u00f3 y termin\u00f3 con oscuras maniobras en Ecoparque hace unos a\u00f1os.<\/p>\n<blockquote>\n<p style=\"text-align: left;\"><em><img data-recalc-dims=\"1\" loading=\"lazy\" decoding=\"async\" class=\"aligncenter size-full wp-image-927\" src=\"https:\/\/i0.wp.com\/elcentinelaformosa.com\/wp-content\/uploads\/2021\/07\/wp-16264717872222229081423996340181.png?resize=700%2C639\" alt=\"\" width=\"700\" height=\"639\" srcset=\"https:\/\/i0.wp.com\/elcentinelaformosa.com\/wp-content\/uploads\/2021\/07\/wp-16264717872222229081423996340181.png?w=720&amp;ssl=1 720w, https:\/\/i0.wp.com\/elcentinelaformosa.com\/wp-content\/uploads\/2021\/07\/wp-16264717872222229081423996340181.png?resize=300%2C274&amp;ssl=1 300w\" sizes=\"auto, (max-width: 700px) 100vw, 700px\" \/><\/em><\/p>\n<\/blockquote>\n<p>El maltrato animal en Latinoam\u00e9rica y en el pa\u00eds infinitamente superior al que uno conoce en Europa. La tracci\u00f3n a sangre (TAS) forma parte del d\u00eda a d\u00eda de una cadena de maltratos inaceptable. Muchos caballos son v\u00edctimas del maltrato en Argentina. Parte de su pueblo, adem\u00e1s, celebra aberrantes actos explot\u00e1ndolos, estando enfermos y lastimados como es el caso que nos preocupa en FORMOSA, la explotacion y maltratos animal se extiende como un c\u00e1ncer, tambien en jineteadas, domas y cinchadas, se suman las peleas clandestinas de gallos y perros lo cual ser\u00eda un negocio que ofrece ping\u00fces ganancias a personas que se dedican a esta pr\u00e1ctica salvaje y delictiva, explicaron.<\/p>\n<p><img data-recalc-dims=\"1\" loading=\"lazy\" decoding=\"async\" class=\"aligncenter size-full wp-image-910\" src=\"https:\/\/i0.wp.com\/elcentinelaformosa.com\/wp-content\/uploads\/2021\/07\/wp-16255464513524090901314641558559.png?resize=615%2C594\" alt=\"\" width=\"615\" height=\"594\" srcset=\"https:\/\/i0.wp.com\/elcentinelaformosa.com\/wp-content\/uploads\/2021\/07\/wp-16255464513524090901314641558559.png?w=615&amp;ssl=1 615w, https:\/\/i0.wp.com\/elcentinelaformosa.com\/wp-content\/uploads\/2021\/07\/wp-16255464513524090901314641558559.png?resize=300%2C290&amp;ssl=1 300w\" sizes=\"auto, (max-width: 615px) 100vw, 615px\" \/><\/p>\n<p>Por todo ello, no es de extra\u00f1ar que exista una demanda jur\u00eddica y social significativa. Los argentinos y argentinas, y de las provincias del Interior del pa\u00eds que respetamos a nuestros hermanos, los animales no humanos, pedimos a la C\u00e1mara de Diputados una reforma verdadera de la Ley 14.346\/54. Una ley que los proteja en todo el territorio de la Rep\u00fablica Argentina ante los malos tratos y actos de crueldad y no pararemos hasta lograrlo,- abund\u00f3 la profesional.<\/p>\n<p><img data-recalc-dims=\"1\" loading=\"lazy\" decoding=\"async\" class=\"aligncenter size-full wp-image-872\" src=\"https:\/\/i0.wp.com\/elcentinelaformosa.com\/wp-content\/uploads\/2021\/06\/wp-162500240218669402986713611855.jpg?resize=700%2C1244\" alt=\"\" width=\"700\" height=\"1244\" srcset=\"https:\/\/i0.wp.com\/elcentinelaformosa.com\/wp-content\/uploads\/2021\/06\/wp-162500240218669402986713611855.jpg?w=720&amp;ssl=1 720w, https:\/\/i0.wp.com\/elcentinelaformosa.com\/wp-content\/uploads\/2021\/06\/wp-162500240218669402986713611855.jpg?resize=169%2C300&amp;ssl=1 169w, https:\/\/i0.wp.com\/elcentinelaformosa.com\/wp-content\/uploads\/2021\/06\/wp-162500240218669402986713611855.jpg?resize=576%2C1024&amp;ssl=1 576w, https:\/\/i0.wp.com\/elcentinelaformosa.com\/wp-content\/uploads\/2021\/06\/wp-162500240218669402986713611855.jpg?resize=432%2C768&amp;ssl=1 432w\" sizes=\"auto, (max-width: 700px) 100vw, 700px\" \/><\/p>\n<p>FORMOSA: DENUNCIAN POR SEGUNDA VEZ, PRESUNTA VIOLACION A LA LEY DE PROTECCION ANIMAL POR PARTE DE UN SUJETO QUE SER\u00cdA TAMBI\u00c9N SIMPATIZANTE DE LA POL\u00cdTICA COMUNAL, SEG\u00daN VECINOS, EL DENUNCIADO PERTENECE AL LOTE 111 DE FORMOSA CAPITAL.<\/p>\n<p><em><img data-recalc-dims=\"1\" loading=\"lazy\" decoding=\"async\" class=\"aligncenter size-full wp-image-875\" src=\"https:\/\/i0.wp.com\/elcentinelaformosa.com\/wp-content\/uploads\/2021\/06\/wp-16250024760947003563982144929648.jpg?resize=700%2C394\" alt=\"\" width=\"700\" height=\"394\" srcset=\"https:\/\/i0.wp.com\/elcentinelaformosa.com\/wp-content\/uploads\/2021\/06\/wp-16250024760947003563982144929648.jpg?w=1280&amp;ssl=1 1280w, https:\/\/i0.wp.com\/elcentinelaformosa.com\/wp-content\/uploads\/2021\/06\/wp-16250024760947003563982144929648.jpg?resize=300%2C169&amp;ssl=1 300w, https:\/\/i0.wp.com\/elcentinelaformosa.com\/wp-content\/uploads\/2021\/06\/wp-16250024760947003563982144929648.jpg?resize=1024%2C576&amp;ssl=1 1024w, https:\/\/i0.wp.com\/elcentinelaformosa.com\/wp-content\/uploads\/2021\/06\/wp-16250024760947003563982144929648.jpg?resize=768%2C432&amp;ssl=1 768w\" sizes=\"auto, (max-width: 700px) 100vw, 700px\" \/><\/em><\/p>\n<p>EL ANIMAL ES OBLIGADO A TRABAJAR PESE A SUFRIR UNA SERIA HERIDA EN EL ABDOMEN, QUE SEGUN TESTIGOS LA MISMA ESTAR\u00cdA AGUSANADA POR FALTA DE ATENCI\u00d3N MEDICA.<\/p>\n<p><img data-recalc-dims=\"1\" loading=\"lazy\" decoding=\"async\" class=\"aligncenter size-full wp-image-936\" src=\"https:\/\/i0.wp.com\/elcentinelaformosa.com\/wp-content\/uploads\/2021\/07\/Screenshot_20210715-043637.png?resize=700%2C1478\" alt=\"\" width=\"700\" height=\"1478\" srcset=\"https:\/\/i0.wp.com\/elcentinelaformosa.com\/wp-content\/uploads\/2021\/07\/Screenshot_20210715-043637.png?w=720&amp;ssl=1 720w, https:\/\/i0.wp.com\/elcentinelaformosa.com\/wp-content\/uploads\/2021\/07\/Screenshot_20210715-043637.png?resize=142%2C300&amp;ssl=1 142w, https:\/\/i0.wp.com\/elcentinelaformosa.com\/wp-content\/uploads\/2021\/07\/Screenshot_20210715-043637.png?resize=485%2C1024&amp;ssl=1 485w, https:\/\/i0.wp.com\/elcentinelaformosa.com\/wp-content\/uploads\/2021\/07\/Screenshot_20210715-043637.png?resize=364%2C768&amp;ssl=1 364w\" sizes=\"auto, (max-width: 700px) 100vw, 700px\" \/><\/p>\n<p>A PESAR DE EXISTIR UNA FORMAL DENUNCIA PENAL CONTRA EL PRESUNTO MALTRATADOR DE CABALLOS, EL TRATO CRUEL CONTRA EL ANIMAL HERIDO CONTINUA EN MANOS DE DARIO ACOSTA ALIAS \u201cVICHY\u201d, QUIEN DICE SER DUE\u00d1O DEL EQUINO. LLEVAN VARIAS SEMANAS LOS PROTECTORES DEL DERECHO ANIMAL PIDIENDO AL 911 QUE LA POLICIA ACUDA AL DOMICILIO DE &#8221; VICHI&#8221; ACOSTA UBICADO EN EL LOTE 111 DE ESTA CAPITAL, QUIEN ESTARIA VIOLANDO LA LEY 14.346, OBLIGANDO AL ANIMAL A TRABAJAR CON UNA TREMENDA HERIDA EN EL ABDOMEN. CONFORME A ESTA LEY EL MALTRATADOR DEBERIA ENTREGAR EL CABALLO A LA POLICIA PARA SER TRATADO POR MEDICOS VETERINARIOS.<\/p>\n<blockquote><p>&nbsp;<\/p><\/blockquote>\n<p>&nbsp;<\/p>\n<p><img data-recalc-dims=\"1\" loading=\"lazy\" decoding=\"async\" class=\"aligncenter size-full wp-image-944\" src=\"https:\/\/i0.wp.com\/elcentinelaformosa.com\/wp-content\/uploads\/2021\/07\/wp-16264746470001652912648689217419.jpg?resize=700%2C700\" alt=\"\" width=\"700\" height=\"700\" srcset=\"https:\/\/i0.wp.com\/elcentinelaformosa.com\/wp-content\/uploads\/2021\/07\/wp-16264746470001652912648689217419.jpg?w=1024&amp;ssl=1 1024w, https:\/\/i0.wp.com\/elcentinelaformosa.com\/wp-content\/uploads\/2021\/07\/wp-16264746470001652912648689217419.jpg?resize=300%2C300&amp;ssl=1 300w, https:\/\/i0.wp.com\/elcentinelaformosa.com\/wp-content\/uploads\/2021\/07\/wp-16264746470001652912648689217419.jpg?resize=150%2C150&amp;ssl=1 150w, https:\/\/i0.wp.com\/elcentinelaformosa.com\/wp-content\/uploads\/2021\/07\/wp-16264746470001652912648689217419.jpg?resize=768%2C768&amp;ssl=1 768w\" sizes=\"auto, (max-width: 700px) 100vw, 700px\" \/><\/p>\n<p>&nbsp;<\/p>\n<p>&nbsp;<\/p>\n<p>&nbsp;<\/p>\n<p>&nbsp;<\/p>\n<p>&nbsp;<\/p>\n<p>&nbsp;<\/p>\n<p>&nbsp;<\/p>\n<p>&nbsp;<\/p>\n<p>&nbsp;<\/p>\n<p><img data-recalc-dims=\"1\" loading=\"lazy\" decoding=\"async\" class=\"aligncenter size-full wp-image-945\" src=\"https:\/\/i0.wp.com\/elcentinelaformosa.com\/wp-content\/uploads\/2021\/07\/wp-16264749650303689793767587880293.png?resize=700%2C474\" alt=\"\" width=\"700\" height=\"474\" srcset=\"https:\/\/i0.wp.com\/elcentinelaformosa.com\/wp-content\/uploads\/2021\/07\/wp-16264749650303689793767587880293.png?w=720&amp;ssl=1 720w, https:\/\/i0.wp.com\/elcentinelaformosa.com\/wp-content\/uploads\/2021\/07\/wp-16264749650303689793767587880293.png?resize=300%2C203&amp;ssl=1 300w\" sizes=\"auto, (max-width: 700px) 100vw, 700px\" \/><\/p>\n<p>LAMENTABLEMENTE NO FUE ASI, LA PREVENCION ACUDIO PERO ACOSTA SE HABRIA NEGADO A ENTREGAR AL ANIMAL ENFERMO, LA POLICIA HABRIA PERMITIDO TAL ACTO DE DESACATO, GANANDO NUEVAMENTE LA PREPOTENCIA DEL MALTRATADOR?<\/p>\n<p>QUIEN ES DARIO ACOSTA? PORQUE NO CUMPLE CON LA LEY? ACASO EL PODER LO PROTEGE? HABIENDOSE RADICADO EL 2 DE JULIO LA DENUNCIA PENAL CONTRA ACOSTA, EL MISMO CONTINUA MALTRATANDO AL ANIMAL CON TOTAL IMPUNIDAD.<\/p>\n<p>QUE PODER TENDRIA ESTE HOMBRE QUE LA PREVENCION PARECERIA TEMERLE?<\/p>\n<blockquote>\n<p style=\"text-align: left;\">Hace varios d\u00edas, semanas para ser m\u00e1s exactos se viene pidiendo ayuda y auxilio para un caballo con las v\u00edsceras afuera a causa de una herida bastante visible en el abdomen, que segun los vecinos se hallaria agusanado<\/p>\n<\/blockquote>\n<p>No habr\u00e1 justicia para el equino que necesita atenci\u00f3n veterinaria con urgencia?<\/p>\n<p>PORQUE LA PREVENCION NO HACE CUMPLIR LA LEY?<\/p>\n<p>Se pidi\u00f3 ayuda a los auxiliares de la justicia, pero lamentablemente habria ganado el maltratador, ya que la policia que se hizo presente pero no procedi\u00f3 al secuestro del animal como lo exige la ley 14.346, ni detuvo al denunciado Acosta.<\/p>\n<p>Ya se efectu\u00f3 la denuncia formal por crueldad animal y falta de atenci\u00f3n por parte del propietario. El mismo dice llamarse Dar\u00edo Acosta y vive en el lote 111. el caballo, un ser sintiente, sujeto de derecho que tiene due\u00f1o? Y lo tiene en condiciones inhumanas y deplorables, aun asi no habria un gramo de compasion, el animal herido seguir\u00eda siendo explotado.<\/p>\n<p>ZOONOSIS DE LA MUNICIPALIDAD DE LA CAPITAL FORMOSE\u00d1A, DEBERIA ACTUAR EN ESTOS CASOS, PORQUE NO LO HACE?<\/p>\n<p><em><img data-recalc-dims=\"1\" loading=\"lazy\" decoding=\"async\" class=\"aligncenter size-full wp-image-750\" src=\"https:\/\/i0.wp.com\/elcentinelaformosa.com\/wp-content\/uploads\/2021\/06\/descarga.jpg?resize=275%2C184\" alt=\"\" width=\"275\" height=\"184\" \/><\/em><\/p>\n<p style=\"text-align: left;\">La Municipalidad de Formosa, ausente. Zoonosis y su titular Segovia tambien ausente, asimi smo Zoonosis de la provincia tampoco se habria hecho eco de este caso denunciado penalmente.<\/p>\n<p>Todas esas ausencias de los funcionarios que cobran abultados salarios para \u201cno ver\u201d la tortura y el eterno v\u00eda Crucis a lo que son diariamente sometidos en Formosa estos equinos.<\/p>\n<div style=\"width: 640px;\" class=\"wp-video\"><video class=\"wp-video-shortcode\" id=\"video-935-1\" width=\"640\" height=\"352\" preload=\"metadata\" controls=\"controls\"><source type=\"video\/mp4\" src=\"http:\/\/elcentinelaformosa.com\/wp-content\/uploads\/2021\/07\/VID-20210713-WA0012-1.mp4?_=1\" \/><a href=\"http:\/\/elcentinelaformosa.com\/wp-content\/uploads\/2021\/07\/VID-20210713-WA0012-1.mp4\">http:\/\/elcentinelaformosa.com\/wp-content\/uploads\/2021\/07\/VID-20210713-WA0012-1.mp4<\/a><\/video><\/div>\n<p>El caballo contin\u00faa siendo v\u00edctima de explotaci\u00f3n, por Acosta, en estas condiciones,casi ag\u00f3nicas. Quienes dicen impartir justicia, miran para otro lado.<\/p>\n<ol>\n<li><img data-recalc-dims=\"1\" loading=\"lazy\" decoding=\"async\" class=\"aligncenter size-full wp-image-928\" src=\"https:\/\/i0.wp.com\/elcentinelaformosa.com\/wp-content\/uploads\/2021\/07\/wp-16264718313512260667129453490442.png?resize=653%2C239\" alt=\"\" width=\"653\" height=\"239\" srcset=\"https:\/\/i0.wp.com\/elcentinelaformosa.com\/wp-content\/uploads\/2021\/07\/wp-16264718313512260667129453490442.png?w=653&amp;ssl=1 653w, https:\/\/i0.wp.com\/elcentinelaformosa.com\/wp-content\/uploads\/2021\/07\/wp-16264718313512260667129453490442.png?resize=300%2C110&amp;ssl=1 300w\" sizes=\"auto, (max-width: 653px) 100vw, 653px\" \/><\/li>\n<\/ol>\n<p><img data-recalc-dims=\"1\" loading=\"lazy\" decoding=\"async\" class=\"aligncenter size-full wp-image-897\" src=\"https:\/\/i0.wp.com\/elcentinelaformosa.com\/wp-content\/uploads\/2021\/07\/wp-16251702617124414990642644932660.jpg?resize=700%2C700\" alt=\"\" width=\"700\" height=\"700\" srcset=\"https:\/\/i0.wp.com\/elcentinelaformosa.com\/wp-content\/uploads\/2021\/07\/wp-16251702617124414990642644932660.jpg?w=1024&amp;ssl=1 1024w, https:\/\/i0.wp.com\/elcentinelaformosa.com\/wp-content\/uploads\/2021\/07\/wp-16251702617124414990642644932660.jpg?resize=300%2C300&amp;ssl=1 300w, https:\/\/i0.wp.com\/elcentinelaformosa.com\/wp-content\/uploads\/2021\/07\/wp-16251702617124414990642644932660.jpg?resize=150%2C150&amp;ssl=1 150w, https:\/\/i0.wp.com\/elcentinelaformosa.com\/wp-content\/uploads\/2021\/07\/wp-16251702617124414990642644932660.jpg?resize=768%2C768&amp;ssl=1 768w\" sizes=\"auto, (max-width: 700px) 100vw, 700px\" \/><\/p>\n<p id=\"rop\"><small>Originally posted 2021-07-16 19:17:17. <\/small><\/p>","protected":false},"excerpt":{"rendered":"<p>&nbsp; LOS DENUNCIANTES EST\u00c1N PATROCINADOS POR LA TITULAR DEL INSTITUTO IBEROAMERICANO DE DERECHO ANIMAL, CONFERENCISTA INTERNACIONAL SOBRE DERECHOS DE PERSONAS NO HUMANAS, LAURA CECILIA VELASCO. LA DEVOLUCI\u00d3N POR PARTE DE LA POLIC\u00cdA DEL ANIMAL AL MALTRATADOR, MOTIV\u00d3 A LOS PROTECCIONISTAS A PEDIR AYUDA A LA TITULAR DEL INSTITUTO IBEROAMERICANO DEL DERECHO ANIMAL, QUE ENCABEZA EL&#8230; <a href=\"https:\/\/elcentinelaformosa.com\/index.php\/2026\/04\/01\/formosa-proteccionistas-del-derecho-animal-presentan-reiteran-denuncia-en-la-justicia-provincial-por-maltrato-y-crueldad-contra-un-equino\/\">Read more: FORMOSA: PROTECCIONISTAS DEL DERECHO ANIMAL REITERAN  DENUNCIAS EN LA JUSTICIA PROVINCIAL POR MALTRATO Y CRUELDAD CONTRA UN EQUINO<\/a><\/p>\n","protected":false},"author":2,"featured_media":957,"comment_status":"open","ping_status":"open","sticky":false,"template":"","format":"standard","meta":{"rop_custom_images_group":[],"rop_custom_messages_group":[],"rop_publish_now":"initial","rop_publish_now_accounts":{"twitter_815903348_815903348":""},"rop_publish_now_history":[],"rop_publish_now_status":"pending","h5ap_radio_sources":[],"_jetpack_memberships_contains_paid_content":false,"footnotes":"","jetpack_publicize_message":"","jetpack_publicize_feature_enabled":true,"jetpack_social_post_already_shared":true,"jetpack_social_options":{"image_generator_settings":{"template":"highway","default_image_id":0,"font":"","enabled":false},"version":2}},"categories":[165,6,111,139,5,77,1],"tags":[211,212,10,214,213,198,98],"class_list":["post-935","post","type-post","status-publish","format-standard","has-post-thumbnail","hentry","category-derecho-snimal","category-el-centinela","category-entrevistas","category-lilo","category-local","category-redes","category-uncategorized","tag-ayuda-a-caballos","tag-caballo-herido","tag-formosa","tag-gildo-insfranjorge-jofre","tag-jueces-de-formosa","tag-no-mas-tas","tag-sos-caballos"],"aioseo_notices":[],"jetpack_publicize_connections":[],"jetpack_featured_media_url":"https:\/\/i0.wp.com\/elcentinelaformosa.com\/wp-content\/uploads\/2021\/07\/wp-1626479169200.gif?fit=322%2C249&ssl=1","jetpack-related-posts":[{"id":1535,"url":"https:\/\/elcentinelaformosa.com\/index.php\/2026\/01\/04\/jornada-murcielagos-seres-imprescindibles-para-nuestro-planeta\/","url_meta":{"origin":935,"position":0},"title":"JORNADA: MURCI\u00c9LAGOS, SERES IMPRESCINDIBLES PARA NUESTRO PLANETA","author":"Admin","date":"enero 4, 2026","format":false,"excerpt":"En el d\u00eda de ayer martes 20 de diciembre a las 18 hs de nuestro pa\u00eds , tuvo lugar la Jornada virtual : \u201cMurci\u00e9lagos : seres imprescindibles para nuestro planeta \u201c , organizada por el Instituto de Derecho Animal de Aidca (Asociaci\u00f3n Iberoamericana de Derecho, Cultura y Ambiente) cuya Coordinadora\u2026","rel":"","context":"En &quot;Derecho snimal&quot;","block_context":{"text":"Derecho snimal","link":"https:\/\/elcentinelaformosa.com\/index.php\/category\/derecho-snimal\/"},"img":{"alt_text":"","src":"https:\/\/i0.wp.com\/elcentinelaformosa.com\/wp-content\/uploads\/2022\/12\/20221221_035750-ANIMATION-1.gif?fit=829%2C1032&ssl=1&resize=350%2C200","width":350,"height":200,"srcset":"https:\/\/i0.wp.com\/elcentinelaformosa.com\/wp-content\/uploads\/2022\/12\/20221221_035750-ANIMATION-1.gif?fit=829%2C1032&ssl=1&resize=350%2C200 1x, https:\/\/i0.wp.com\/elcentinelaformosa.com\/wp-content\/uploads\/2022\/12\/20221221_035750-ANIMATION-1.gif?fit=829%2C1032&ssl=1&resize=525%2C300 1.5x, https:\/\/i0.wp.com\/elcentinelaformosa.com\/wp-content\/uploads\/2022\/12\/20221221_035750-ANIMATION-1.gif?fit=829%2C1032&ssl=1&resize=700%2C400 2x"},"classes":[]},{"id":1597,"url":"https:\/\/elcentinelaformosa.com\/index.php\/2026\/02\/27\/caba-rapida-respuesta-de-la-justicia-ante-denuncia-por-maltrato-animal\/","url_meta":{"origin":935,"position":1},"title":"CABA: R\u00c1PIDA RESPUESTA DE LA JUSTICIA ANTE DENUNCIA POR MALTRATO ANIMAL","author":"Admin","date":"febrero 27, 2026","format":false,"excerpt":"Tal como lo hab\u00eda anticipado el d\u00eda de ayer jueves 09 en\u00a0 la entrevista,\u00a0 la especialista en derecho animal, doctora Laura Cecilia Velasco hoy viernes 10 confirm\u00f3 la r\u00e1pida intervenci\u00f3n de la justicia en el caso de maltrato animal y posible abuso. Se logr\u00f3 el rescate de los caninos del\u2026","rel":"","context":"En &quot;Derecho snimal&quot;","block_context":{"text":"Derecho snimal","link":"https:\/\/elcentinelaformosa.com\/index.php\/category\/derecho-snimal\/"},"img":{"alt_text":"","src":"https:\/\/i0.wp.com\/elcentinelaformosa.com\/wp-content\/uploads\/2021\/07\/wp-16264720224391985619108434465971.png?fit=696%2C895&ssl=1&resize=350%2C200","width":350,"height":200,"srcset":"https:\/\/i0.wp.com\/elcentinelaformosa.com\/wp-content\/uploads\/2021\/07\/wp-16264720224391985619108434465971.png?fit=696%2C895&ssl=1&resize=350%2C200 1x, https:\/\/i0.wp.com\/elcentinelaformosa.com\/wp-content\/uploads\/2021\/07\/wp-16264720224391985619108434465971.png?fit=696%2C895&ssl=1&resize=525%2C300 1.5x"},"classes":[]},{"id":1402,"url":"https:\/\/elcentinelaformosa.com\/index.php\/2025\/12\/16\/con-exito-se-desarrollo-el-congreso-iberoamericano-sobre-derecho-animal-y-ambiental\/","url_meta":{"origin":935,"position":2},"title":"CON \u00c9XITO SE DESARROLL\u00d3 EL CONGRESO IBEROAMERICANO SOBRE DERECHO ANIMAL Y AMBIENTAL","author":"Admin","date":"diciembre 16, 2025","format":false,"excerpt":"Durante los d\u00edas jueves 7, viernes 8 y s\u00e1bado 9 de Julio se llev\u00f3 a cabo con gran \u00e9xito el CONGRESO IBEROAMERICANO DEL DERECHO DE LOS ANIMALES Y AMBIENTAL, tal como estaba previsto en el programa que se dio a conocer con antelaci\u00f3n por los organizadores. Dicho Congreso reuni\u00f3 a\u2026","rel":"","context":"En &quot;Derecho snimal&quot;","block_context":{"text":"Derecho snimal","link":"https:\/\/elcentinelaformosa.com\/index.php\/category\/derecho-snimal\/"},"img":{"alt_text":"","src":"https:\/\/i0.wp.com\/elcentinelaformosa.com\/wp-content\/uploads\/2022\/07\/wp-1657517270257.gif?fit=727%2C509&ssl=1&resize=350%2C200","width":350,"height":200,"srcset":"https:\/\/i0.wp.com\/elcentinelaformosa.com\/wp-content\/uploads\/2022\/07\/wp-1657517270257.gif?fit=727%2C509&ssl=1&resize=350%2C200 1x, https:\/\/i0.wp.com\/elcentinelaformosa.com\/wp-content\/uploads\/2022\/07\/wp-1657517270257.gif?fit=727%2C509&ssl=1&resize=525%2C300 1.5x, https:\/\/i0.wp.com\/elcentinelaformosa.com\/wp-content\/uploads\/2022\/07\/wp-1657517270257.gif?fit=727%2C509&ssl=1&resize=700%2C400 2x"},"classes":[]},{"id":704,"url":"https:\/\/elcentinelaformosa.com\/index.php\/2026\/02\/27\/derecho-animal-un-tema-central-durante-el-ciclo-de-conferencias-en-la-semana-del-derecho\/","url_meta":{"origin":935,"position":3},"title":"DERECHO ANIMAL, UN TEMA CENTRAL EN EL CICLO DE CONFERENCIAS DURANTE LA SEMANA DEL DERECHO","author":"Admin","date":"febrero 27, 2026","format":false,"excerpt":"CONFERENCIA SOBRE DERECHO ANIMAL EN LA TARDE DEL JUEVES, SE DESARROLLO\u00a0 LA CONFERENCIA EN LA UNIVERSIDAD DEL DERECHO DE BELGRANO, DEDICADA A LA DEFENSA DE LOS ANIMALES. LA DOCTORA LAURA VELASCO DEL INSTITUTO IBEROAMERICANO DEL DERECHO ANIMAL Y CRIMINOLOGA ASESORA DEL DEL FBI, ENCABEZ\u00d3 UNA CONFERENCIA DE DERECHO ANIMAL VIA\u2026","rel":"","context":"En &quot;Derecho snimal&quot;","block_context":{"text":"Derecho snimal","link":"https:\/\/elcentinelaformosa.com\/index.php\/category\/derecho-snimal\/"},"img":{"alt_text":"","src":"https:\/\/i0.wp.com\/elcentinelaformosa.com\/wp-content\/uploads\/2021\/06\/wp-16227463326671623335766604721872.png?fit=695%2C401&ssl=1&resize=350%2C200","width":350,"height":200,"srcset":"https:\/\/i0.wp.com\/elcentinelaformosa.com\/wp-content\/uploads\/2021\/06\/wp-16227463326671623335766604721872.png?fit=695%2C401&ssl=1&resize=350%2C200 1x, https:\/\/i0.wp.com\/elcentinelaformosa.com\/wp-content\/uploads\/2021\/06\/wp-16227463326671623335766604721872.png?fit=695%2C401&ssl=1&resize=525%2C300 1.5x"},"classes":[]},{"id":1586,"url":"https:\/\/elcentinelaformosa.com\/index.php\/2026\/01\/04\/especialista-en-derecho-animal-interviene-en-nuevo-caso-de-maltrato-y-abuso\/","url_meta":{"origin":935,"position":4},"title":"ESPECIALISTA EN DERECHO ANIMAL INTERVIENE EN NUEVO CASO DE MALTRATO Y ABUSO","author":"Admin","date":"enero 4, 2026","format":false,"excerpt":"El pasado d\u00eda jueves 09 de marzo se viralizo a trav\u00e9s de las redes sociales un caso que atenta contra los derechos del animal no humano en CABA (ciudad aut\u00f3noma de Buenos Aires) Ante los hechos trascendidos, la Dra. Laura Cecilia Velasco reconocida abogada especialista en derecho animal\u00a0 a nivel\u2026","rel":"","context":"En &quot;Derecho snimal&quot;","block_context":{"text":"Derecho snimal","link":"https:\/\/elcentinelaformosa.com\/index.php\/category\/derecho-snimal\/"},"img":{"alt_text":"","src":"https:\/\/i0.wp.com\/elcentinelaformosa.com\/wp-content\/uploads\/2021\/07\/wp-16264720224391985619108434465971.png?fit=696%2C895&ssl=1&resize=350%2C200","width":350,"height":200,"srcset":"https:\/\/i0.wp.com\/elcentinelaformosa.com\/wp-content\/uploads\/2021\/07\/wp-16264720224391985619108434465971.png?fit=696%2C895&ssl=1&resize=350%2C200 1x, https:\/\/i0.wp.com\/elcentinelaformosa.com\/wp-content\/uploads\/2021\/07\/wp-16264720224391985619108434465971.png?fit=696%2C895&ssl=1&resize=525%2C300 1.5x"},"classes":[]},{"id":919,"url":"https:\/\/elcentinelaformosa.com\/index.php\/2026\/03\/27\/formosa-caballos-negacion-de-justicia-o-desconocimiento-de-la-ley-nacional14346\/","url_meta":{"origin":935,"position":5},"title":"FORMOSA: POLICIA DEVUELVE A DUE\u00d1O MALTRATADOR ANIMAL, CON IMPORTANTE HERIDA EN EL ABDOMEN","author":"Admin","date":"marzo 27, 2026","format":false,"excerpt":"ANIMAL OBLIGADO A TRABAJAR CON HERIDA IMPORTANTE, HASTA MORIR? A PESAR DE EXISTIR DENUNCIA PENAL CONTRA EL PRESUNTO MALTRATADOR DE CABALLOS, EL TRATO CRUEL CONTRA EL ANIMAL HERIDO CONTINUA EN MANOS DE DARIO ACOSTA ALIAS \"VICHY\", QUIEN DICE SER DUE\u00d1O DEL EQUINO EN CUESTION. EN EL DIA DE HOY, VARIOS\u2026","rel":"","context":"En &quot;Derecho snimal&quot;","block_context":{"text":"Derecho snimal","link":"https:\/\/elcentinelaformosa.com\/index.php\/category\/derecho-snimal\/"},"img":{"alt_text":"","src":"https:\/\/i0.wp.com\/elcentinelaformosa.com\/wp-content\/uploads\/2021\/07\/dario-acosta-1.jpg?fit=450%2C450&ssl=1&resize=350%2C200","width":350,"height":200},"classes":[]}],"jetpack_sharing_enabled":true,"jetpack_likes_enabled":true,"_links":{"self":[{"href":"https:\/\/elcentinelaformosa.com\/index.php\/wp-json\/wp\/v2\/posts\/935","targetHints":{"allow":["GET"]}}],"collection":[{"href":"https:\/\/elcentinelaformosa.com\/index.php\/wp-json\/wp\/v2\/posts"}],"about":[{"href":"https:\/\/elcentinelaformosa.com\/index.php\/wp-json\/wp\/v2\/types\/post"}],"author":[{"embeddable":true,"href":"https:\/\/elcentinelaformosa.com\/index.php\/wp-json\/wp\/v2\/users\/2"}],"replies":[{"embeddable":true,"href":"https:\/\/elcentinelaformosa.com\/index.php\/wp-json\/wp\/v2\/comments?post=935"}],"version-history":[{"count":8,"href":"https:\/\/elcentinelaformosa.com\/index.php\/wp-json\/wp\/v2\/posts\/935\/revisions"}],"predecessor-version":[{"id":958,"href":"https:\/\/elcentinelaformosa.com\/index.php\/wp-json\/wp\/v2\/posts\/935\/revisions\/958"}],"wp:featuredmedia":[{"embeddable":true,"href":"https:\/\/elcentinelaformosa.com\/index.php\/wp-json\/wp\/v2\/media\/957"}],"wp:attachment":[{"href":"https:\/\/elcentinelaformosa.com\/index.php\/wp-json\/wp\/v2\/media?parent=935"}],"wp:term":[{"taxonomy":"category","embeddable":true,"href":"https:\/\/elcentinelaformosa.com\/index.php\/wp-json\/wp\/v2\/categories?post=935"},{"taxonomy":"post_tag","embeddable":true,"href":"https:\/\/elcentinelaformosa.com\/index.php\/wp-json\/wp\/v2\/tags?post=935"}],"curies":[{"name":"wp","href":"https:\/\/api.w.org\/{rel}","templated":true}]}}