{"id":976,"date":"2026-04-01T10:15:44","date_gmt":"2026-04-01T13:15:44","guid":{"rendered":"https:\/\/elcentinelaformosa.com\/?p=976"},"modified":"2026-04-01T10:15:44","modified_gmt":"2026-04-01T13:15:44","slug":"formosa-que-hay-detras-de-la-explotacion-de-caballos","status":"publish","type":"post","link":"https:\/\/elcentinelaformosa.com\/index.php\/2026\/04\/01\/formosa-que-hay-detras-de-la-explotacion-de-caballos\/","title":{"rendered":"FORMOSA: QUE HAY DETR\u00c1S DE LA EXPLOTACI\u00d3N DE CABALLOS?"},"content":{"rendered":"<h3><strong>EL NEGOCIO DE LA POBREZA: CARREROS, COOPERATIVAS, SUBSIDIOS\u2026EN 20 PROVINCIAS, GRABOIS EN FORMOSA NO, ENTONCES, QUIEN?<\/strong><\/h3>\n<p><img data-recalc-dims=\"1\" loading=\"lazy\" decoding=\"async\" class=\"aligncenter size-full wp-image-977\" src=\"https:\/\/i0.wp.com\/elcentinelaformosa.com\/wp-content\/uploads\/2021\/07\/GRABOIS-EN-CARRO.jpg?resize=500%2C280\" alt=\"\" width=\"500\" height=\"280\" srcset=\"https:\/\/i0.wp.com\/elcentinelaformosa.com\/wp-content\/uploads\/2021\/07\/GRABOIS-EN-CARRO.jpg?w=500&amp;ssl=1 500w, https:\/\/i0.wp.com\/elcentinelaformosa.com\/wp-content\/uploads\/2021\/07\/GRABOIS-EN-CARRO.jpg?resize=300%2C168&amp;ssl=1 300w\" sizes=\"auto, (max-width: 500px) 100vw, 500px\" \/><\/p>\n<h2>Una denuncia de hace un par de a\u00f1os \u00a0acusa a l\u00edderes de organizaciones sociales de quedarse con parte del subsidio que reciben los cartoneros. Entre los acusados aparece el referente del CTEP.<\/h2>\n<h2><strong>IRREGULARIDADES POR PARTE DE DIFERENTES MOVIMIENTOS QUE SE ESTAR\u00cdAN QUEDANDO CON PARTE DE LOS SUBSIDIOS QUE RECIBEN LOS CARREROS.\u00a0<\/strong><\/h2>\n<p><img data-recalc-dims=\"1\" loading=\"lazy\" decoding=\"async\" class=\"aligncenter size-full wp-image-978\" src=\"https:\/\/i0.wp.com\/elcentinelaformosa.com\/wp-content\/uploads\/2021\/07\/GRABIOS.jpg?resize=500%2C262\" alt=\"\" width=\"500\" height=\"262\" srcset=\"https:\/\/i0.wp.com\/elcentinelaformosa.com\/wp-content\/uploads\/2021\/07\/GRABIOS.jpg?w=500&amp;ssl=1 500w, https:\/\/i0.wp.com\/elcentinelaformosa.com\/wp-content\/uploads\/2021\/07\/GRABIOS.jpg?resize=300%2C157&amp;ssl=1 300w\" sizes=\"auto, (max-width: 500px) 100vw, 500px\" \/><\/p>\n<p>\u201cHAY GENTE QUE LE ROBA A LOS POBRES\u201d, AFIRM\u00d3 EL PERIODISTA, EN UN PROGRAMA MUY VISTO LOS D\u00cdAS DOMINGOS, Y ACTO SEGUIDO PAS\u00d3 A DETALLAR LA INVESTIGACI\u00d3N QUE INICI\u00d3 LA JUSTICIA\u00a0 SOBRE COOPERATIVAS Y L\u00cdDERES DEL\u00a0<strong>MOVIMIENTO DE TRABAJADORES EXCLUIDOS<\/strong>\u00a0QUE SE QUEDAN CON UN PORCENTAJE DE ESTOS APORTES.<\/p>\n<p>EL PROGRAMA PUSO AL AIRE EL TESTIMONIO DE DIFERENTES PERSONAS QUE VIVEN EN CONDICIONES DE POBREZA Y QUE DENUNCIARON QUE HAY ORGANISMOS QUE SE QUEDAN CON PARTE DEL SUBSIDIO QUE COBRAN COMO CARREROS. POR ESTE MOTIVO, SE INICIARON\u00a0VARIAS CAUSAS JUDICIALES QUE INVESTIGAN MANIOBRAS DE LOS L\u00cdDERES DE COOPERATIVAS\u00a0<strong>CON LAS TARJETAS DE D\u00c9BITO CON LAS QUE COBRAN SUS SUELDOS LOS LLAMADOS RECICLADORES URBANOS. <\/strong><\/p>\n<p>ADEM\u00c1S DE LAS COOPERATIVAS DE CARTONEROS, EL MTE ARM\u00d3 COOPERATIVAS TEXTILES. POR OTRO LADO, A\u00a0TRAV\u00c9S DEL MINISTERIO DE DESARROLLO SOCIAL, DE LA SEDRONAR Y DE GOBIERNOS MUNICIPALES Y PROVINCIALES, EL MOVIMIENTO DE TRABAJADORES EXCLUIDOS, RECIBE MILES DE MILLONES AL A\u00d1O.<\/p>\n<p>LOS SUBSIDIOS QUE RECIBE ANUALMENTE EL MOVIMIENTO DE TRABAJADORES EXCLUIDOS INCLUYE:\u00a0$ 373.000.000 Y 1.800.000 DE KILOS DE ALIMENTO, POR PARTE DEL ESTADO NACIONAL. EN TANTO, LA CIUDAD DE BUENOS AIRES APORTA\u00a0$184.674.141 DE SUBSIDIOS PARA LA COOPERATIVA Y 1.876 RACIONES DE ALMUERZO Y CENAS POR D\u00cdA. POR \u00daLTIMO APARECE EL SUBSIDIO QUE OTORGA LA PROVINCIA DE BUENOS AIRES: EN TOTAL SE ENTREGAN\u00a0$8.400.000 Y 144.000 KILOS DE COMIDA ANUALES.<\/p>\n<p>&nbsp;<\/p>\n<p>A NIVEL LOCAL: UNA R\u00c9PLICA\u00a0 EN FORMOSA<\/p>\n<p>POR SENTIDO COM\u00daN SE INFIERE QUE TAMBI\u00c9N A NIVEL LOCAL EL EMPODERAMIENTO DE LOS CARREROS NO EST\u00c1 DADO POR LAS MIGAJAS QUE RECIBEN, SINO POR EL RESPALDO QUE TIENEN POR PARTE DE QUIENES DISTRIBUYEN DICHOS SUBSIDIOS, CUYO PODER NO SOLO ES ECON\u00d3MICO SINO POL\u00cdTICO Y HASTA SE PODR\u00cdA DECIR GUBERNAMENTAL.<\/p>\n<p>SEGUN LAS FUENTES, LAS ARCAS PARA UNOS POCOS SE LLENAN CON APORTES DE DIFERENTE PROCEDENCIA, DESARROLLO SOCIAL, SUBSIDIOS DEL AMBITO NACIONAL Y TAMBI\u00c9N INTERNACIONAL. INCLUSO EN MONEDA EXTRANJERA, COMO EL CASO DE LOS SUBSIDIOS PROCEDENTES DE DUBAI, QUE YA EN LA GESTION MUNICIPAL ANTERIOR EXIST\u00cdA, Y NO ERA NING\u00daN SECRETO PARA NADIE.\u00a0 EXCEPTO, CLARO PARA EL CARRERO.\u00a0 EL MISMO QUE HASTA AHORA EST\u00c1 LEJOS DE COMPRENDER QUE SU MISERIA Y POBREZA ES MUY UTIL PARA ALGUNOS, QUE DICEN DEFENDERLOS.<\/p>\n<p>EL CARRERO SIGUE POBRE, EXPLOTANDO AL CABALLO HASTA LA AGON\u00cdA DEL ANIMAL. LA MUNICIPALIDAD LEJOS DE CAMBIAR ESA REALIDAD. LA POBREZA SIGUE SIENDO UN GRAN NEGOCIO PARA ALGUNOS EXENTOS DE \u00c9TICA Y EMPAT\u00cdA CON LOS ANH, LOS SERES SINTIENTES QUE BAJO UN MONT\u00d3N DE FRAZADAS GUARDAN HERIDAS, LACERACIONES, Y HASTA PIEL EN CARNE VIVA AGUSANANDOSE&#8230;.Y NO LO PUEDEN CONTAR A NADIE.<\/p>\n<h2>AMPLIAREMOS&#8230;.<\/h2>\n<h6><span style=\"font-size: 20px;\">SOLO UN EJEMPLO&#8230;..(fuente de referencia 2009)<\/span><\/h6>\n<table>\n<tbody>\n<tr>\n<td><strong><sup>Entidades<\/sup><\/strong><\/td>\n<td><strong><sup>2005<\/sup><\/strong><\/td>\n<td><strong><sup>2006<\/sup><\/strong><\/td>\n<td><strong><sup>2007<\/sup><\/strong><\/td>\n<td><strong><sup>2008<\/sup><\/strong><\/td>\n<td><strong><sup>2009<\/sup><\/strong><\/td>\n<\/tr>\n<tr>\n<td colspan=\"6\"><\/td>\n<\/tr>\n<tr>\n<td colspan=\"6\"><strong><sup>FUNIF-Formosa<\/sup><\/strong><\/td>\n<\/tr>\n<tr>\n<td><sup>Asesoramiento profesional y atenci\u00f3n sanitaria a los animales<\/sup><\/td>\n<td><sup>&#8211;<\/sup><\/td>\n<td><sup>778<\/sup><\/td>\n<td><sup>995<\/sup><\/td>\n<td><sup>1.120<\/sup><\/td>\n<td><sup>1.244<\/sup><\/td>\n<\/tr>\n<tr>\n<td><sup>Apoyo a las capacitaciones<\/sup><\/td>\n<td><sup>&#8211;<\/sup><\/td>\n<td><sup>389<\/sup><\/td>\n<td><sup>498<\/sup><\/td>\n<td><sup>560<\/sup><\/td>\n<td><sup>630<\/sup><\/td>\n<\/tr>\n<tr>\n<td><sup>Medicaci\u00f3n e insumos veterinarios y alimento complementario para los animales<\/sup><\/td>\n<td><sup>&#8211;<\/sup><\/td>\n<td><sup>2.332<\/sup><\/td>\n<td><sup>26.600<\/sup><\/td>\n<td><sup>29.920<\/sup><\/td>\n<td><sup>33.242<\/sup><\/td>\n<\/tr>\n<tr>\n<td><strong><sup>Totales anuales<\/sup><\/strong><\/td>\n<td><sup>&#8211;<\/sup><\/td>\n<td><sup>3.499<\/sup><\/td>\n<td><sup>28.093<\/sup><\/td>\n<td><sup>31.600<\/sup><\/td>\n<td><sup>35.116<\/sup><\/td>\n<\/tr>\n<tr>\n<td><strong><sup>Total general FUNIF-Formosa<\/sup><\/strong><\/td>\n<td colspan=\"5\"><sup>98.308 (10% del total del proyecto)<\/sup><\/td>\n<\/tr>\n<tr>\n<td colspan=\"6\"><\/td>\n<\/tr>\n<tr>\n<td colspan=\"6\"><strong><sup>Municipalidad de Formosa<\/sup><\/strong><\/td>\n<\/tr>\n<tr>\n<td><sup>Contrataci\u00f3n del servicio prestado por los carreros<\/sup><\/td>\n<td><sup>24.190<\/sup><\/td>\n<td><sup>27.355<\/sup><\/td>\n<td><sup>74.894<\/sup><\/td>\n<td><sup>158.350<\/sup><\/td>\n<td><sup>206.705<\/sup><\/td>\n<\/tr>\n<tr>\n<td><sup>Servicio de transporte portacontenedores<\/sup><\/td>\n<td><sup>46.632<\/sup><\/td>\n<td><sup>50.518<\/sup><\/td>\n<td><sup>54.922<\/sup><\/td>\n<td><sup>56.995<\/sup><\/td>\n<td><sup>56.922<\/sup><\/td>\n<\/tr>\n<tr>\n<td><sup>Servicio de personal de coordinaci\u00f3n y supervisi\u00f3n del servicio<\/sup><\/td>\n<td><sup>3.731<\/sup><\/td>\n<td><sup>3.731<\/sup><\/td>\n<td><sup>4.352<\/sup><\/td>\n<td><sup>6.715<\/sup><\/td>\n<td><sup>8.705<\/sup><\/td>\n<\/tr>\n<tr>\n<td><sup>Provisi\u00f3n de indumentarias y elementos de seguridad<\/sup><\/td>\n<td><sup>3.109<\/sup><\/td>\n<td><sup>3.109<\/sup><\/td>\n<td><sup>3.731<\/sup><\/td>\n<td><sup>4.145<\/sup><\/td>\n<td><sup>4.534<\/sup><\/td>\n<\/tr>\n<tr>\n<td><sup>Apoyo institucional de las diversas capacitaciones<\/sup><\/td>\n<td><sup>13.990<\/sup><\/td>\n<td><sup>13.990<\/sup><\/td>\n<td><sup>16.840<\/sup><\/td>\n<td><sup>20.145<\/sup><\/td>\n<td><sup>24.093<\/sup><\/td>\n<\/tr>\n<tr>\n<td><strong><sup>Totales anuales<\/sup><\/strong><\/td>\n<td><sup>91.652<\/sup><\/td>\n<td><sup>98.703<\/sup><\/td>\n<td><sup>154.739<\/sup><\/td>\n<td><sup>246.350<\/sup><\/td>\n<td><sup>300.959<\/sup><\/td>\n<\/tr>\n<tr>\n<td><strong><sup>Total general Municipalidad de Formosa<\/sup><\/strong><\/td>\n<td colspan=\"5\"><sup>892.403 (90% del total del proyecto)<\/sup><\/td>\n<\/tr>\n<tr>\n<td colspan=\"6\"><\/td>\n<\/tr>\n<tr>\n<td><strong><sup>Total general del proyecto<\/sup><\/strong><\/td>\n<td colspan=\"5\"><sup>990.711 (100% de la inversi\u00f3n del proyecto en d\u00f3lares EE.UU.)<\/sup><\/td>\n<\/tr>\n<\/tbody>\n<\/table>\n<p>&nbsp;<\/p>\n<p><strong>\u00a0<\/strong><\/p>\n<p>&nbsp;<\/p>\n<p id=\"rop\"><small>Originally posted 2021-07-17 01:25:39. <\/small><\/p>","protected":false},"excerpt":{"rendered":"<p>EL NEGOCIO DE LA POBREZA: CARREROS, COOPERATIVAS, SUBSIDIOS\u2026EN 20 PROVINCIAS, GRABOIS EN FORMOSA NO, ENTONCES, QUIEN? Una denuncia de hace un par de a\u00f1os \u00a0acusa a l\u00edderes de organizaciones sociales de quedarse con parte del subsidio que reciben los cartoneros. Entre los acusados aparece el referente del CTEP. IRREGULARIDADES POR PARTE DE DIFERENTES MOVIMIENTOS QUE&#8230; <a href=\"https:\/\/elcentinelaformosa.com\/index.php\/2026\/04\/01\/formosa-que-hay-detras-de-la-explotacion-de-caballos\/\">Read more: FORMOSA: QUE HAY DETR\u00c1S DE LA EXPLOTACI\u00d3N DE CABALLOS?<\/a><\/p>\n","protected":false},"author":2,"featured_media":742,"comment_status":"open","ping_status":"open","sticky":false,"template":"","format":"standard","meta":{"rop_custom_images_group":[],"rop_custom_messages_group":[],"rop_publish_now":"initial","rop_publish_now_accounts":{"twitter_815903348_815903348":""},"rop_publish_now_history":[],"rop_publish_now_status":"pending","h5ap_radio_sources":[],"_jetpack_memberships_contains_paid_content":false,"footnotes":"","jetpack_publicize_message":"","jetpack_publicize_feature_enabled":true,"jetpack_social_post_already_shared":true,"jetpack_social_options":{"image_generator_settings":{"template":"highway","default_image_id":0,"font":"","enabled":false},"version":2}},"categories":[165,6,111,139,5,77,1],"tags":[],"class_list":["post-976","post","type-post","status-publish","format-standard","has-post-thumbnail","hentry","category-derecho-snimal","category-el-centinela","category-entrevistas","category-lilo","category-local","category-redes","category-uncategorized"],"aioseo_notices":[],"jetpack_publicize_connections":[],"jetpack_featured_media_url":"https:\/\/i0.wp.com\/elcentinelaformosa.com\/wp-content\/uploads\/2021\/06\/wp-16233385454746113103220972554475.png?fit=447%2C366&ssl=1","jetpack-related-posts":[{"id":1892,"url":"https:\/\/elcentinelaformosa.com\/index.php\/2026\/01\/04\/banco-formosa-recibio-el-premio-cambras-por-el-desarrollo-de-la-linea-de-creditos-lideresas\/","url_meta":{"origin":976,"position":0},"title":"Banco Formosa recibi\u00f3 el Premio Cambras por el desarrollo de la L\u00ednea de Cr\u00e9ditos \u201cLideresas\u201d","author":"Admin","date":"enero 4, 2026","format":false,"excerpt":"Banco Formosa recibi\u00f3 el Premio Cambras por el desarrollo de la L\u00ednea de Cr\u00e9ditos \u201cLideresas\u201d La ceremonia de premiaci\u00f3n se realiz\u00f3 en la Embajada del Brasil y fue la 4ta edici\u00f3n del Premio CAMBRAS (C\u00e1mara de comercio,Industria y Servicios Argentino Brasile\u00f1a de la Rep\u00fablica Argentina) a las Finanzas Sostenibles 2024,\u2026","rel":"","context":"Entrada similar ","block_context":{"text":"Entrada similar ","link":""},"img":{"alt_text":"","src":"https:\/\/i0.wp.com\/elcentinelaformosa.com\/wp-content\/uploads\/2024\/11\/Screenshot_20241101-161142.png?fit=1067%2C711&ssl=1&resize=350%2C200","width":350,"height":200,"srcset":"https:\/\/i0.wp.com\/elcentinelaformosa.com\/wp-content\/uploads\/2024\/11\/Screenshot_20241101-161142.png?fit=1067%2C711&ssl=1&resize=350%2C200 1x, https:\/\/i0.wp.com\/elcentinelaformosa.com\/wp-content\/uploads\/2024\/11\/Screenshot_20241101-161142.png?fit=1067%2C711&ssl=1&resize=525%2C300 1.5x, https:\/\/i0.wp.com\/elcentinelaformosa.com\/wp-content\/uploads\/2024\/11\/Screenshot_20241101-161142.png?fit=1067%2C711&ssl=1&resize=700%2C400 2x, https:\/\/i0.wp.com\/elcentinelaformosa.com\/wp-content\/uploads\/2024\/11\/Screenshot_20241101-161142.png?fit=1067%2C711&ssl=1&resize=1050%2C600 3x"},"classes":[]},{"id":1822,"url":"https:\/\/elcentinelaformosa.com\/index.php\/2025\/12\/16\/arranco-el-juicio-contra-anibal-fernandez-y-capitanich-por-irregularidades-en-futbol-para-todos\/","url_meta":{"origin":976,"position":1},"title":"ARRANC\u00d3 EL JUICIO CONTRA AN\u00cdBAL FERNANDEZ Y CAPITANICH POR IRREGULARIDADES EN &#8220;FUTBOL PARA TODOS&#8221;","author":"Admin","date":"diciembre 16, 2025","format":false,"excerpt":"LUNES 24 DE JUNIO ARRANC\u00d3 EL JUICIO CONTRA AN\u00cdBAL FERNANDEZ Y CAPITANICH POR IRREGULARIDADES EN \"FUTBOL PARA TODOS\" \u00a0 Siguen destap\u00e1ndose las \"ollas hedientes\" \u00a0 Tras la denuncia realizada, en la oportunidad, por la legisladora Graciela Oca\u00f1a, arranc\u00f3 ayer, el juicio contra los involucrados en el manejo de los fondos\u2026","rel":"","context":"En &quot;Derecho ciudadano&quot;","block_context":{"text":"Derecho ciudadano","link":"https:\/\/elcentinelaformosa.com\/index.php\/category\/derecho-ciudadano\/"},"img":{"alt_text":"","src":"https:\/\/i0.wp.com\/elcentinelaformosa.com\/wp-content\/uploads\/2024\/06\/IMG-20240625-WA0012.jpg?fit=720%2C405&ssl=1&resize=350%2C200","width":350,"height":200,"srcset":"https:\/\/i0.wp.com\/elcentinelaformosa.com\/wp-content\/uploads\/2024\/06\/IMG-20240625-WA0012.jpg?fit=720%2C405&ssl=1&resize=350%2C200 1x, https:\/\/i0.wp.com\/elcentinelaformosa.com\/wp-content\/uploads\/2024\/06\/IMG-20240625-WA0012.jpg?fit=720%2C405&ssl=1&resize=525%2C300 1.5x, https:\/\/i0.wp.com\/elcentinelaformosa.com\/wp-content\/uploads\/2024\/06\/IMG-20240625-WA0012.jpg?fit=720%2C405&ssl=1&resize=700%2C400 2x"},"classes":[]},{"id":1619,"url":"https:\/\/elcentinelaformosa.com\/index.php\/2026\/02\/27\/formosa-mataron-a-golpes-a-un-caballo-por-perder-una-carrera-por-ahora-un-solo-detenido\/","url_meta":{"origin":976,"position":2},"title":"FORMOSA: MATARON A GOLPES A UN CABALLO POR PERDER UNA CARRERA, POR AHORA UN SOLO DETENIDO","author":"Admin","date":"febrero 27, 2026","format":false,"excerpt":"Formosa, Carreras clandestinas de caballos, apuestas ilegales y especie humana arengando e instigando al maltrato animal parecer\u00eda ser el escenario que termin\u00f3 con la vida de un equino, de la manera m\u00e1s cruel y despiadada. HASTA EL MOMENTO, UN SOLO DETENIDO: El se\u00f1alado presunto asesino del animal, al cual lo\u2026","rel":"","context":"En &quot;El Centinela&quot;","block_context":{"text":"El Centinela","link":"https:\/\/elcentinelaformosa.com\/index.php\/category\/el-centinela\/"},"img":{"alt_text":"","src":"https:\/\/i0.wp.com\/elcentinelaformosa.com\/wp-content\/uploads\/2023\/03\/IMG-20230313-WA0032-2.jpg?fit=720%2C974&ssl=1&resize=350%2C200","width":350,"height":200,"srcset":"https:\/\/i0.wp.com\/elcentinelaformosa.com\/wp-content\/uploads\/2023\/03\/IMG-20230313-WA0032-2.jpg?fit=720%2C974&ssl=1&resize=350%2C200 1x, https:\/\/i0.wp.com\/elcentinelaformosa.com\/wp-content\/uploads\/2023\/03\/IMG-20230313-WA0032-2.jpg?fit=720%2C974&ssl=1&resize=525%2C300 1.5x, https:\/\/i0.wp.com\/elcentinelaformosa.com\/wp-content\/uploads\/2023\/03\/IMG-20230313-WA0032-2.jpg?fit=720%2C974&ssl=1&resize=700%2C400 2x"},"classes":[]},{"id":1993,"url":"https:\/\/elcentinelaformosa.com\/index.php\/2026\/03\/27\/banco-formosa-presento-el-club-de-negocios-lideresas\/","url_meta":{"origin":976,"position":3},"title":"Banco Formosa present\u00f3 el Club de Negocios Lideresas","author":"Admin","date":"marzo 27, 2026","format":false,"excerpt":"\u00a0 Banco Formosa lanz\u00f3 o\ue60ecialmente el Club de Negocios Lideresas, una inicia\ue61ava impulsada por su directora Liliana Iba\u00f1ez que busca fortalecer y acompa\u00f1ar a las clientas del banco que han accedido a la L\u00ednea de Cr\u00e9ditos Lideresas. Esta l\u00ednea exclusiva, des\ue61anada a mujeres empresarias y emprendedoras, se ha conver\ue61ado en\u2026","rel":"","context":"En \"banco de FORMOSA\"","block_context":{"text":"banco de FORMOSA","link":"https:\/\/elcentinelaformosa.com\/index.php\/tag\/banco-de-formosa\/"},"img":{"alt_text":"","src":"https:\/\/i0.wp.com\/elcentinelaformosa.com\/wp-content\/uploads\/2025\/03\/Screenshot_20250327-172108.png?fit=1036%2C712&ssl=1&resize=350%2C200","width":350,"height":200,"srcset":"https:\/\/i0.wp.com\/elcentinelaformosa.com\/wp-content\/uploads\/2025\/03\/Screenshot_20250327-172108.png?fit=1036%2C712&ssl=1&resize=350%2C200 1x, https:\/\/i0.wp.com\/elcentinelaformosa.com\/wp-content\/uploads\/2025\/03\/Screenshot_20250327-172108.png?fit=1036%2C712&ssl=1&resize=525%2C300 1.5x, https:\/\/i0.wp.com\/elcentinelaformosa.com\/wp-content\/uploads\/2025\/03\/Screenshot_20250327-172108.png?fit=1036%2C712&ssl=1&resize=700%2C400 2x"},"classes":[]},{"id":885,"url":"https:\/\/elcentinelaformosa.com\/index.php\/2026\/03\/27\/la-crueldad-extrema-en-caballos-tras-el-disfraz-de-regulacionistas\/","url_meta":{"origin":976,"position":4},"title":"LA CRUELDAD EXTREMA EN CABALLOS: TRAS EL DISFRAZ DE REGULACIONISTAS","author":"Admin","date":"marzo 27, 2026","format":false,"excerpt":"Muchos se preguntan cu\u00e1l es la diferencia entre los regulacionistas y los abolicionistas en cuanto a derecho animal?\u00a0 La respuesta es muy simple. Los abolicionistas abogan por los derechos del animal, de todas las especies Se busca la (como la palabra lo indica) abolicion de la esclavitud de los animales.\u00a0\u2026","rel":"","context":"En &quot;Derecho snimal&quot;","block_context":{"text":"Derecho snimal","link":"https:\/\/elcentinelaformosa.com\/index.php\/category\/derecho-snimal\/"},"img":{"alt_text":"","src":"https:\/\/i0.wp.com\/elcentinelaformosa.com\/wp-content\/uploads\/2021\/06\/wp-16248550421462731267890765777361-2.jpg?fit=720%2C720&ssl=1&resize=350%2C200","width":350,"height":200,"srcset":"https:\/\/i0.wp.com\/elcentinelaformosa.com\/wp-content\/uploads\/2021\/06\/wp-16248550421462731267890765777361-2.jpg?fit=720%2C720&ssl=1&resize=350%2C200 1x, https:\/\/i0.wp.com\/elcentinelaformosa.com\/wp-content\/uploads\/2021\/06\/wp-16248550421462731267890765777361-2.jpg?fit=720%2C720&ssl=1&resize=525%2C300 1.5x, https:\/\/i0.wp.com\/elcentinelaformosa.com\/wp-content\/uploads\/2021\/06\/wp-16248550421462731267890765777361-2.jpg?fit=720%2C720&ssl=1&resize=700%2C400 2x"},"classes":[]},{"id":1450,"url":"https:\/\/elcentinelaformosa.com\/index.php\/2026\/01\/04\/formosa-para-los-animales-ni-justicia\/","url_meta":{"origin":976,"position":5},"title":"FORMOSA: PARA LOS ANIMALES NI JUSTICIA?","author":"Admin","date":"enero 4, 2026","format":false,"excerpt":"CRECE LA PREOCUPACI\u00d3N ENTRE LOS ACTIVISTAS Y PROTECCIONISTAS Luego que tomara estado p\u00fablico el aberrante, salvaje y atroz hecho sucedido en el Paraje Potrero de los caballos, departamento Laishi de Formosa sobre la violaci\u00f3n y ultraje a una perrita por parte de un sujeto de apellido Quintana, tambi\u00e9n cabe recordar\u2026","rel":"","context":"En &quot;Derecho snimal&quot;","block_context":{"text":"Derecho snimal","link":"https:\/\/elcentinelaformosa.com\/index.php\/category\/derecho-snimal\/"},"img":{"alt_text":"","src":"https:\/\/i0.wp.com\/elcentinelaformosa.com\/wp-content\/uploads\/2022\/09\/Screenshot_20220903-1436542.png?fit=487%2C418&ssl=1&resize=350%2C200","width":350,"height":200},"classes":[]}],"jetpack_sharing_enabled":true,"jetpack_likes_enabled":true,"_links":{"self":[{"href":"https:\/\/elcentinelaformosa.com\/index.php\/wp-json\/wp\/v2\/posts\/976","targetHints":{"allow":["GET"]}}],"collection":[{"href":"https:\/\/elcentinelaformosa.com\/index.php\/wp-json\/wp\/v2\/posts"}],"about":[{"href":"https:\/\/elcentinelaformosa.com\/index.php\/wp-json\/wp\/v2\/types\/post"}],"author":[{"embeddable":true,"href":"https:\/\/elcentinelaformosa.com\/index.php\/wp-json\/wp\/v2\/users\/2"}],"replies":[{"embeddable":true,"href":"https:\/\/elcentinelaformosa.com\/index.php\/wp-json\/wp\/v2\/comments?post=976"}],"version-history":[{"count":5,"href":"https:\/\/elcentinelaformosa.com\/index.php\/wp-json\/wp\/v2\/posts\/976\/revisions"}],"predecessor-version":[{"id":983,"href":"https:\/\/elcentinelaformosa.com\/index.php\/wp-json\/wp\/v2\/posts\/976\/revisions\/983"}],"wp:featuredmedia":[{"embeddable":true,"href":"https:\/\/elcentinelaformosa.com\/index.php\/wp-json\/wp\/v2\/media\/742"}],"wp:attachment":[{"href":"https:\/\/elcentinelaformosa.com\/index.php\/wp-json\/wp\/v2\/media?parent=976"}],"wp:term":[{"taxonomy":"category","embeddable":true,"href":"https:\/\/elcentinelaformosa.com\/index.php\/wp-json\/wp\/v2\/categories?post=976"},{"taxonomy":"post_tag","embeddable":true,"href":"https:\/\/elcentinelaformosa.com\/index.php\/wp-json\/wp\/v2\/tags?post=976"}],"curies":[{"name":"wp","href":"https:\/\/api.w.org\/{rel}","templated":true}]}}