{"id":998,"date":"2026-04-01T10:15:46","date_gmt":"2026-04-01T13:15:46","guid":{"rendered":"https:\/\/elcentinelaformosa.com\/?p=998"},"modified":"2026-04-01T10:15:46","modified_gmt":"2026-04-01T13:15:46","slug":"aidca-exitosa-jornada-sobre-drones-y-su-aplicacion-en-derecho-animal","status":"publish","type":"post","link":"https:\/\/elcentinelaformosa.com\/index.php\/2026\/04\/01\/aidca-exitosa-jornada-sobre-drones-y-su-aplicacion-en-derecho-animal\/","title":{"rendered":"AIDCA: EXITOSA JORNADA SOBRE DRONES Y SU APLICACI\u00d3N EN DERECHO ANIMAL"},"content":{"rendered":"<p>El d\u00eda viernes 30 de Julio, en horario tarde-noche\u00a0 se concret\u00f3 una nueva e Interesante actividad organizada por el Instituto de Derecho Animal de la Asociaci\u00f3n Iberoamericana de Derecho, Cultura y Ambiente , sobre los Drones y su Aplicaci\u00f3n en temas de Animales no Humanos, a cargo de la Dra Laura Velasco, abogada especialista y m\u00e1ximo exponente\u00a0 \u00a0en derecho animal.<\/p>\n<p><img data-recalc-dims=\"1\" loading=\"lazy\" decoding=\"async\" class=\"aligncenter size-full wp-image-999\" src=\"https:\/\/i0.wp.com\/elcentinelaformosa.com\/wp-content\/uploads\/2021\/07\/wp-16277591440186590066659833617266.png?resize=350%2C337\" alt=\"\" width=\"350\" height=\"337\" srcset=\"https:\/\/i0.wp.com\/elcentinelaformosa.com\/wp-content\/uploads\/2021\/07\/wp-16277591440186590066659833617266.png?w=350&amp;ssl=1 350w, https:\/\/i0.wp.com\/elcentinelaformosa.com\/wp-content\/uploads\/2021\/07\/wp-16277591440186590066659833617266.png?resize=300%2C289&amp;ssl=1 300w\" sizes=\"auto, (max-width: 350px) 100vw, 350px\" \/><\/p>\n<p>La Jornada cont\u00f3 con la brillante ponencia\u00a0 de la Dra Maria Pia Beatriz, quien adem\u00e1s de una exposici\u00f3n de m\u00e1xima excelencia aport\u00f3\u00a0 soportes gr\u00e1ficos que dieron mayor claridad al tema, adem\u00e1s\u00a0 \u00a0de las sugerencias de aplicaci\u00f3n conforme a la legislaci\u00f3n vigente en cada pa\u00eds.<\/p>\n<p><img data-recalc-dims=\"1\" loading=\"lazy\" decoding=\"async\" class=\"aligncenter size-full wp-image-1009\" src=\"https:\/\/i0.wp.com\/elcentinelaformosa.com\/wp-content\/uploads\/2021\/07\/drones.jpg?resize=201%2C251\" alt=\"\" width=\"201\" height=\"251\" \/><\/p>\n<p>Fue muy decisiva e importante la participaci\u00f3n de los profesionales, Dra Angeles Berretino\u00a0 y Dr Javier Crea.<\/p>\n<p><img data-recalc-dims=\"1\" loading=\"lazy\" decoding=\"async\" class=\"aligncenter size-full wp-image-1012\" src=\"https:\/\/i0.wp.com\/elcentinelaformosa.com\/wp-content\/uploads\/2021\/07\/DRA-LAURA-VELASCO.jpg?resize=274%2C288\" alt=\"\" width=\"274\" height=\"288\" \/><img data-recalc-dims=\"1\" loading=\"lazy\" decoding=\"async\" class=\"aligncenter size-full wp-image-1011\" src=\"https:\/\/i0.wp.com\/elcentinelaformosa.com\/wp-content\/uploads\/2021\/07\/DR-CREA.jpg?resize=200%2C200\" alt=\"\" width=\"200\" height=\"200\" srcset=\"https:\/\/i0.wp.com\/elcentinelaformosa.com\/wp-content\/uploads\/2021\/07\/DR-CREA.jpg?w=200&amp;ssl=1 200w, https:\/\/i0.wp.com\/elcentinelaformosa.com\/wp-content\/uploads\/2021\/07\/DR-CREA.jpg?resize=150%2C150&amp;ssl=1 150w\" sizes=\"auto, (max-width: 200px) 100vw, 200px\" \/><img data-recalc-dims=\"1\" loading=\"lazy\" decoding=\"async\" class=\"aligncenter size-full wp-image-1010\" src=\"https:\/\/i0.wp.com\/elcentinelaformosa.com\/wp-content\/uploads\/2021\/07\/doctora-Angeles.jpg?resize=150%2C150\" alt=\"\" width=\"150\" height=\"150\" \/><\/p>\n<p>Respecto a la tem\u00e1tica tratada durante la jornada del viernes por la tarde &#8211; noche, dependiendo del pa\u00eds de los disertantes y participantes ha sido muy esclarecedor, teniendo en cuenta que se trata de dispositivos (drones) muy actuales pero poco conocidos en las miles de aplicaciones que tienen y podr\u00edan salvar millones de especies en peligro, reducir la criminalidad y la crueldad contra los animales.<\/p>\n<p><img data-recalc-dims=\"1\" loading=\"lazy\" decoding=\"async\" class=\"aligncenter size-full wp-image-1005\" src=\"https:\/\/i0.wp.com\/elcentinelaformosa.com\/wp-content\/uploads\/2021\/07\/wp-16277604852717006830063259838255.png?resize=700%2C932\" alt=\"\" width=\"700\" height=\"932\" srcset=\"https:\/\/i0.wp.com\/elcentinelaformosa.com\/wp-content\/uploads\/2021\/07\/wp-16277604852717006830063259838255.png?w=703&amp;ssl=1 703w, https:\/\/i0.wp.com\/elcentinelaformosa.com\/wp-content\/uploads\/2021\/07\/wp-16277604852717006830063259838255.png?resize=225%2C300&amp;ssl=1 225w, https:\/\/i0.wp.com\/elcentinelaformosa.com\/wp-content\/uploads\/2021\/07\/wp-16277604852717006830063259838255.png?resize=577%2C768&amp;ssl=1 577w\" sizes=\"auto, (max-width: 700px) 100vw, 700px\" \/><\/p>\n<p><img data-recalc-dims=\"1\" loading=\"lazy\" decoding=\"async\" class=\"aligncenter size-full wp-image-1004\" src=\"https:\/\/i0.wp.com\/elcentinelaformosa.com\/wp-content\/uploads\/2021\/07\/wp-16277604197337497311839654748126.png?resize=700%2C1478\" alt=\"\" width=\"700\" height=\"1478\" srcset=\"https:\/\/i0.wp.com\/elcentinelaformosa.com\/wp-content\/uploads\/2021\/07\/wp-16277604197337497311839654748126.png?w=720&amp;ssl=1 720w, https:\/\/i0.wp.com\/elcentinelaformosa.com\/wp-content\/uploads\/2021\/07\/wp-16277604197337497311839654748126.png?resize=142%2C300&amp;ssl=1 142w, https:\/\/i0.wp.com\/elcentinelaformosa.com\/wp-content\/uploads\/2021\/07\/wp-16277604197337497311839654748126.png?resize=485%2C1024&amp;ssl=1 485w, https:\/\/i0.wp.com\/elcentinelaformosa.com\/wp-content\/uploads\/2021\/07\/wp-16277604197337497311839654748126.png?resize=364%2C768&amp;ssl=1 364w\" sizes=\"auto, (max-width: 700px) 100vw, 700px\" \/><\/p>\n<p>Se infiere, que ser\u00eda necesario para evitar tantos actos de crueldad contra los animales\u00a0 la voluntad de los niveles de decisi\u00f3n de cada pa\u00eds, gobiernos,\u00a0 y sistemas de organizaci\u00f3n para su implementaci\u00f3n.<\/p>\n<p><img data-recalc-dims=\"1\" loading=\"lazy\" decoding=\"async\" class=\"aligncenter size-full wp-image-1003\" src=\"https:\/\/i0.wp.com\/elcentinelaformosa.com\/wp-content\/uploads\/2021\/07\/wp-16277603309243695830936132005322.png?resize=700%2C919\" alt=\"\" width=\"700\" height=\"919\" srcset=\"https:\/\/i0.wp.com\/elcentinelaformosa.com\/wp-content\/uploads\/2021\/07\/wp-16277603309243695830936132005322.png?w=708&amp;ssl=1 708w, https:\/\/i0.wp.com\/elcentinelaformosa.com\/wp-content\/uploads\/2021\/07\/wp-16277603309243695830936132005322.png?resize=229%2C300&amp;ssl=1 229w, https:\/\/i0.wp.com\/elcentinelaformosa.com\/wp-content\/uploads\/2021\/07\/wp-16277603309243695830936132005322.png?resize=585%2C768&amp;ssl=1 585w\" sizes=\"auto, (max-width: 700px) 100vw, 700px\" \/><\/p>\n<p>&nbsp;<\/p>\n<p>&nbsp;<\/p>\n<p><img data-recalc-dims=\"1\" loading=\"lazy\" decoding=\"async\" class=\"aligncenter size-full wp-image-1006\" src=\"https:\/\/i0.wp.com\/elcentinelaformosa.com\/wp-content\/uploads\/2021\/07\/Screenshot_20210730-190449.jpg?resize=700%2C1027\" alt=\"\" width=\"700\" height=\"1027\" srcset=\"https:\/\/i0.wp.com\/elcentinelaformosa.com\/wp-content\/uploads\/2021\/07\/Screenshot_20210730-190449.jpg?w=720&amp;ssl=1 720w, https:\/\/i0.wp.com\/elcentinelaformosa.com\/wp-content\/uploads\/2021\/07\/Screenshot_20210730-190449.jpg?resize=205%2C300&amp;ssl=1 205w, https:\/\/i0.wp.com\/elcentinelaformosa.com\/wp-content\/uploads\/2021\/07\/Screenshot_20210730-190449.jpg?resize=698%2C1024&amp;ssl=1 698w, https:\/\/i0.wp.com\/elcentinelaformosa.com\/wp-content\/uploads\/2021\/07\/Screenshot_20210730-190449.jpg?resize=524%2C768&amp;ssl=1 524w\" sizes=\"auto, (max-width: 700px) 100vw, 700px\" \/><\/p>\n<p>La Jornada fue valorada por los participantes de la misma, a trav\u00e9s de los comentarios escritos durante la transmisi\u00f3n por zoom, de m\u00e1xima excelencia. Esperando que pueda repetirse muy pronto, por tratarse de tem\u00e1ticas y problem\u00e1ticas que se replican a nivel planetario.<\/p>\n<p>La doctora Laura Velasco agradeci\u00f3 a todos quienes acompa\u00f1aron en tan interesante jornada\u00a0 sobre : Drones y su aplicaci\u00f3n en temas de ANH (Animales No Humanos) a cargo de la invitada y especialista en \u00e9l \u00e1rea de Drones Dra. Maria Pia Beatriz Bernardo, a Aidca Iberoamericana y sus autoridades,<br \/>\ny a todos los colegas y no colegas que participaron desde 12 pa\u00edses diferentes solo para asistir a la jornada.<br \/>\nUn especial agradecimiento a la Dra. Maria del Pilar De Lara Cifuentes jueza espa\u00f1ola muy comprometida con temas animalistas que asisti\u00f3 siendo all\u00e1 las 12 de la noche.<\/p>\n<p>&nbsp;<\/p>\n<p style=\"text-align: left;\">\n<p id=\"rop\"><small>Originally posted 2021-07-31 16:47:31. <\/small><\/p>","protected":false},"excerpt":{"rendered":"<p>El d\u00eda viernes 30 de Julio, en horario tarde-noche\u00a0 se concret\u00f3 una nueva e Interesante actividad organizada por el Instituto de Derecho Animal de la Asociaci\u00f3n Iberoamericana de Derecho, Cultura y Ambiente , sobre los Drones y su Aplicaci\u00f3n en temas de Animales no Humanos, a cargo de la Dra Laura Velasco, abogada especialista y&#8230; <a href=\"https:\/\/elcentinelaformosa.com\/index.php\/2026\/04\/01\/aidca-exitosa-jornada-sobre-drones-y-su-aplicacion-en-derecho-animal\/\">Read more: AIDCA: EXITOSA JORNADA SOBRE DRONES Y SU APLICACI\u00d3N EN DERECHO ANIMAL<\/a><\/p>\n","protected":false},"author":2,"featured_media":1000,"comment_status":"open","ping_status":"open","sticky":false,"template":"","format":"standard","meta":{"rop_custom_images_group":[],"rop_custom_messages_group":[],"rop_publish_now":"initial","rop_publish_now_accounts":{"twitter_815903348_815903348":""},"rop_publish_now_history":[],"rop_publish_now_status":"pending","h5ap_radio_sources":[],"_jetpack_memberships_contains_paid_content":false,"footnotes":"","jetpack_publicize_message":"","jetpack_publicize_feature_enabled":true,"jetpack_social_post_already_shared":true,"jetpack_social_options":{"image_generator_settings":{"template":"highway","default_image_id":0,"font":"","enabled":false},"version":2}},"categories":[165,6,111,139,5,77,1],"tags":[7,85,89,219,222,33,12,9,223,57,224,220,10,72,221],"class_list":["post-998","post","type-post","status-publish","format-standard","has-post-thumbnail","hentry","category-derecho-snimal","category-el-centinela","category-entrevistas","category-lilo","category-local","category-redes","category-uncategorized","tag-bastadefalsassoluciones","tag-activistas","tag-actualizacion-sobre-derecho-animal","tag-aidca","tag-angeles-berretino","tag-basta-de-incendios","tag-centinela-formosa","tag-derecho-animal","tag-doctor-javier-crea","tag-doctora-laura-velasco","tag-doctora-maria-pia-beatriz-bernardo","tag-e-impunidad","tag-formosa","tag-multiespecies","tag-profesionales-del-derecho-animal-y-ambiental"],"aioseo_notices":[],"jetpack_publicize_connections":[],"jetpack_featured_media_url":"https:\/\/i0.wp.com\/elcentinelaformosa.com\/wp-content\/uploads\/2021\/07\/wp-1627759904496.gif?fit=322%2C415&ssl=1","jetpack-related-posts":[{"id":1535,"url":"https:\/\/elcentinelaformosa.com\/index.php\/2026\/01\/04\/jornada-murcielagos-seres-imprescindibles-para-nuestro-planeta\/","url_meta":{"origin":998,"position":0},"title":"JORNADA: MURCI\u00c9LAGOS, SERES IMPRESCINDIBLES PARA NUESTRO PLANETA","author":"Admin","date":"enero 4, 2026","format":false,"excerpt":"En el d\u00eda de ayer martes 20 de diciembre a las 18 hs de nuestro pa\u00eds , tuvo lugar la Jornada virtual : \u201cMurci\u00e9lagos : seres imprescindibles para nuestro planeta \u201c , organizada por el Instituto de Derecho Animal de Aidca (Asociaci\u00f3n Iberoamericana de Derecho, Cultura y Ambiente) cuya Coordinadora\u2026","rel":"","context":"En &quot;Derecho snimal&quot;","block_context":{"text":"Derecho snimal","link":"https:\/\/elcentinelaformosa.com\/index.php\/category\/derecho-snimal\/"},"img":{"alt_text":"","src":"https:\/\/i0.wp.com\/elcentinelaformosa.com\/wp-content\/uploads\/2022\/12\/20221221_035750-ANIMATION-1.gif?fit=829%2C1032&ssl=1&resize=350%2C200","width":350,"height":200,"srcset":"https:\/\/i0.wp.com\/elcentinelaformosa.com\/wp-content\/uploads\/2022\/12\/20221221_035750-ANIMATION-1.gif?fit=829%2C1032&ssl=1&resize=350%2C200 1x, https:\/\/i0.wp.com\/elcentinelaformosa.com\/wp-content\/uploads\/2022\/12\/20221221_035750-ANIMATION-1.gif?fit=829%2C1032&ssl=1&resize=525%2C300 1.5x, https:\/\/i0.wp.com\/elcentinelaformosa.com\/wp-content\/uploads\/2022\/12\/20221221_035750-ANIMATION-1.gif?fit=829%2C1032&ssl=1&resize=700%2C400 2x"},"classes":[]},{"id":1459,"url":"https:\/\/elcentinelaformosa.com\/index.php\/2026\/01\/04\/bioconflictividad-y-derecho-animal-en-en-marco-del-congreso-inter-y-multidisciplinario-del-derecho-y-medio-ambiente\/","url_meta":{"origin":998,"position":1},"title":"BIOCONFLICTIVIDAD Y DERECHO ANIMAL EN EN MARCO DEL CONGRESO INTER Y MULTIDISCIPLINARIO DEL DERECHO Y MEDIO AMBIENTE","author":"Admin","date":"enero 4, 2026","format":false,"excerpt":"DURANTE LA TARDE NOCHE DE AYER SE REALIZ\u00d3 LA CUARTA Y \u00daLTIMA JORNADA DEL CONGRESO INTERDISCIPLINARIO Y MULTIDISCIPLINARIO DONDE LAS M\u00c1S RELEVANTES FIGURAS DEL DERECHO INTERNACIONAL OCUPARON UN ESPACIO COMO DISERTANTES. ARGENTINA, DESDE EL DERECHO ANIMAL REPRESENTADA POR LA DOCTORA LAURA VELASCO, ESPECIALISTA Y PIONERA EN LA DEFENSA DEL DERECHO\u2026","rel":"","context":"En &quot;Derecho snimal&quot;","block_context":{"text":"Derecho snimal","link":"https:\/\/elcentinelaformosa.com\/index.php\/category\/derecho-snimal\/"},"img":{"alt_text":"","src":"https:\/\/i0.wp.com\/elcentinelaformosa.com\/wp-content\/uploads\/2022\/09\/Screenshot_20220921-194827-1.jpg?fit=366%2C253&ssl=1&resize=350%2C200","width":350,"height":200},"classes":[]},{"id":1586,"url":"https:\/\/elcentinelaformosa.com\/index.php\/2026\/01\/04\/especialista-en-derecho-animal-interviene-en-nuevo-caso-de-maltrato-y-abuso\/","url_meta":{"origin":998,"position":2},"title":"ESPECIALISTA EN DERECHO ANIMAL INTERVIENE EN NUEVO CASO DE MALTRATO Y ABUSO","author":"Admin","date":"enero 4, 2026","format":false,"excerpt":"El pasado d\u00eda jueves 09 de marzo se viralizo a trav\u00e9s de las redes sociales un caso que atenta contra los derechos del animal no humano en CABA (ciudad aut\u00f3noma de Buenos Aires) Ante los hechos trascendidos, la Dra. Laura Cecilia Velasco reconocida abogada especialista en derecho animal\u00a0 a nivel\u2026","rel":"","context":"En &quot;Derecho snimal&quot;","block_context":{"text":"Derecho snimal","link":"https:\/\/elcentinelaformosa.com\/index.php\/category\/derecho-snimal\/"},"img":{"alt_text":"","src":"https:\/\/i0.wp.com\/elcentinelaformosa.com\/wp-content\/uploads\/2021\/07\/wp-16264720224391985619108434465971.png?fit=696%2C895&ssl=1&resize=350%2C200","width":350,"height":200,"srcset":"https:\/\/i0.wp.com\/elcentinelaformosa.com\/wp-content\/uploads\/2021\/07\/wp-16264720224391985619108434465971.png?fit=696%2C895&ssl=1&resize=350%2C200 1x, https:\/\/i0.wp.com\/elcentinelaformosa.com\/wp-content\/uploads\/2021\/07\/wp-16264720224391985619108434465971.png?fit=696%2C895&ssl=1&resize=525%2C300 1.5x"},"classes":[]},{"id":1560,"url":"https:\/\/elcentinelaformosa.com\/index.php\/2026\/01\/04\/la-doctora-laura-velasco-representara-a-argentina-en-la-3conferencia-internacional-ilas-hufs-hk-2023\/","url_meta":{"origin":998,"position":3},"title":"LA DOCTORA LAURA VELASCO REPRESENTARA A ARGENTINA EN LA 3\u00b0CONFERENCIA  INTERNACIONAL ILAS-HUFS HK+ 2023","author":"Admin","date":"enero 4, 2026","format":false,"excerpt":"La Dra Laura Cecilia Velasco Pionera en Derecho Animal Creadora y Directora de la Revista Jur\u00eddica de Derecho Animal de IJEditores, participar\u00e1 por nuestro pa\u00eds y como Vicepresidenta internacional adjunta de Am\u00e9rica del Sur por ILBPA- Internacional Legal Bar & Profissional Association en la 3\u00aa Conferencia Internacional ILAS-HUFS HK+ 2023,\u2026","rel":"","context":"En &quot;Congresos y Conferencias&quot;","block_context":{"text":"Congresos y Conferencias","link":"https:\/\/elcentinelaformosa.com\/index.php\/category\/congresos-y-conferencias\/"},"img":{"alt_text":"","src":"https:\/\/i0.wp.com\/elcentinelaformosa.com\/wp-content\/uploads\/2023\/01\/img-20230113-wa00133505341314930540405.jpg?fit=848%2C1200&ssl=1&resize=350%2C200","width":350,"height":200,"srcset":"https:\/\/i0.wp.com\/elcentinelaformosa.com\/wp-content\/uploads\/2023\/01\/img-20230113-wa00133505341314930540405.jpg?fit=848%2C1200&ssl=1&resize=350%2C200 1x, https:\/\/i0.wp.com\/elcentinelaformosa.com\/wp-content\/uploads\/2023\/01\/img-20230113-wa00133505341314930540405.jpg?fit=848%2C1200&ssl=1&resize=525%2C300 1.5x, https:\/\/i0.wp.com\/elcentinelaformosa.com\/wp-content\/uploads\/2023\/01\/img-20230113-wa00133505341314930540405.jpg?fit=848%2C1200&ssl=1&resize=700%2C400 2x"},"classes":[]},{"id":1656,"url":"https:\/\/elcentinelaformosa.com\/index.php\/2026\/01\/04\/29-de-abril-lanzamiento-de-una-nueva-edicion-de-la-revista-juridica-sobre-derecho-animal\/","url_meta":{"origin":998,"position":4},"title":"29 DE ABRIL: LANZAMIENTO DE UNA NUEVA EDICI\u00d3N DE LA REVISTA JUR\u00cdDICA SOBRE DERECHO ANIMAL","author":"Admin","date":"enero 4, 2026","format":false,"excerpt":"\u00a0 En el d\u00eda del Animal en Argentina se anunci\u00f3 una edici\u00f3n especial de la Revista Jur\u00eddica de Derecho Animal, dirigida por la Dra. Laura Cecilia Velasco y coordinada por el Dr. Mat\u00edas Padin Marchioli. Los escritores y columnistas de la revista jur\u00eddica son reconocidas personalidades en en la defensa\u2026","rel":"","context":"En \"Actualizacion sobre derecho animal\"","block_context":{"text":"Actualizacion sobre derecho animal","link":"https:\/\/elcentinelaformosa.com\/index.php\/tag\/actualizacion-sobre-derecho-animal\/"},"img":{"alt_text":"","src":"https:\/\/i0.wp.com\/elcentinelaformosa.com\/wp-content\/uploads\/2023\/04\/IMG-20230429-WA0011.jpg?fit=1200%2C1200&ssl=1&resize=350%2C200","width":350,"height":200,"srcset":"https:\/\/i0.wp.com\/elcentinelaformosa.com\/wp-content\/uploads\/2023\/04\/IMG-20230429-WA0011.jpg?fit=1200%2C1200&ssl=1&resize=350%2C200 1x, https:\/\/i0.wp.com\/elcentinelaformosa.com\/wp-content\/uploads\/2023\/04\/IMG-20230429-WA0011.jpg?fit=1200%2C1200&ssl=1&resize=525%2C300 1.5x, https:\/\/i0.wp.com\/elcentinelaformosa.com\/wp-content\/uploads\/2023\/04\/IMG-20230429-WA0011.jpg?fit=1200%2C1200&ssl=1&resize=700%2C400 2x, https:\/\/i0.wp.com\/elcentinelaformosa.com\/wp-content\/uploads\/2023\/04\/IMG-20230429-WA0011.jpg?fit=1200%2C1200&ssl=1&resize=1050%2C600 3x"},"classes":[]},{"id":704,"url":"https:\/\/elcentinelaformosa.com\/index.php\/2026\/02\/27\/derecho-animal-un-tema-central-durante-el-ciclo-de-conferencias-en-la-semana-del-derecho\/","url_meta":{"origin":998,"position":5},"title":"DERECHO ANIMAL, UN TEMA CENTRAL EN EL CICLO DE CONFERENCIAS DURANTE LA SEMANA DEL DERECHO","author":"Admin","date":"febrero 27, 2026","format":false,"excerpt":"CONFERENCIA SOBRE DERECHO ANIMAL EN LA TARDE DEL JUEVES, SE DESARROLLO\u00a0 LA CONFERENCIA EN LA UNIVERSIDAD DEL DERECHO DE BELGRANO, DEDICADA A LA DEFENSA DE LOS ANIMALES. LA DOCTORA LAURA VELASCO DEL INSTITUTO IBEROAMERICANO DEL DERECHO ANIMAL Y CRIMINOLOGA ASESORA DEL DEL FBI, ENCABEZ\u00d3 UNA CONFERENCIA DE DERECHO ANIMAL VIA\u2026","rel":"","context":"En &quot;Derecho snimal&quot;","block_context":{"text":"Derecho snimal","link":"https:\/\/elcentinelaformosa.com\/index.php\/category\/derecho-snimal\/"},"img":{"alt_text":"","src":"https:\/\/i0.wp.com\/elcentinelaformosa.com\/wp-content\/uploads\/2021\/06\/wp-16227463326671623335766604721872.png?fit=695%2C401&ssl=1&resize=350%2C200","width":350,"height":200,"srcset":"https:\/\/i0.wp.com\/elcentinelaformosa.com\/wp-content\/uploads\/2021\/06\/wp-16227463326671623335766604721872.png?fit=695%2C401&ssl=1&resize=350%2C200 1x, https:\/\/i0.wp.com\/elcentinelaformosa.com\/wp-content\/uploads\/2021\/06\/wp-16227463326671623335766604721872.png?fit=695%2C401&ssl=1&resize=525%2C300 1.5x"},"classes":[]}],"jetpack_sharing_enabled":true,"jetpack_likes_enabled":true,"_links":{"self":[{"href":"https:\/\/elcentinelaformosa.com\/index.php\/wp-json\/wp\/v2\/posts\/998","targetHints":{"allow":["GET"]}}],"collection":[{"href":"https:\/\/elcentinelaformosa.com\/index.php\/wp-json\/wp\/v2\/posts"}],"about":[{"href":"https:\/\/elcentinelaformosa.com\/index.php\/wp-json\/wp\/v2\/types\/post"}],"author":[{"embeddable":true,"href":"https:\/\/elcentinelaformosa.com\/index.php\/wp-json\/wp\/v2\/users\/2"}],"replies":[{"embeddable":true,"href":"https:\/\/elcentinelaformosa.com\/index.php\/wp-json\/wp\/v2\/comments?post=998"}],"version-history":[{"count":4,"href":"https:\/\/elcentinelaformosa.com\/index.php\/wp-json\/wp\/v2\/posts\/998\/revisions"}],"predecessor-version":[{"id":1014,"href":"https:\/\/elcentinelaformosa.com\/index.php\/wp-json\/wp\/v2\/posts\/998\/revisions\/1014"}],"wp:featuredmedia":[{"embeddable":true,"href":"https:\/\/elcentinelaformosa.com\/index.php\/wp-json\/wp\/v2\/media\/1000"}],"wp:attachment":[{"href":"https:\/\/elcentinelaformosa.com\/index.php\/wp-json\/wp\/v2\/media?parent=998"}],"wp:term":[{"taxonomy":"category","embeddable":true,"href":"https:\/\/elcentinelaformosa.com\/index.php\/wp-json\/wp\/v2\/categories?post=998"},{"taxonomy":"post_tag","embeddable":true,"href":"https:\/\/elcentinelaformosa.com\/index.php\/wp-json\/wp\/v2\/tags?post=998"}],"curies":[{"name":"wp","href":"https:\/\/api.w.org\/{rel}","templated":true}]}}